{"id":21684,"date":"2024-09-26T13:14:41","date_gmt":"2024-09-26T13:14:41","guid":{"rendered":"https:\/\/novakdjokovicfoundation.org\/?p=21684"},"modified":"2024-09-26T13:16:38","modified_gmt":"2024-09-26T13:16:38","slug":"utisci-roditelja-iz-sapca-zahvaljujuci-programu-podrska-ne-perfekcija-nasa-svakodnevica-je-laksa-i-lepsa","status":"publish","type":"post","link":"https:\/\/novakdjokovicfoundation.org\/sr\/utisci-roditelja-iz-sapca-zahvaljujuci-programu-podrska-ne-perfekcija-nasa-svakodnevica-je-laksa-i-lepsa\/","title":{"rendered":"Utisci roditelja iz \u0160apca: Zahvaljuju\u0107i programu &#8222;Podr\u0161ka, ne perfekcija&#8220; na\u0161a svakodnevica je lak\u0161a i lep\u0161a"},"content":{"rendered":"","protected":false},"excerpt":{"rendered":"","protected":false},"author":5,"featured_media":21683,"comment_status":"open","ping_status":"open","sticky":false,"template":"","format":"standard","meta":{"_acf_changed":false,"footnotes":""},"categories":[29,1583,21,30],"tags":[1595,1791],"class_list":["post-21684","post","type-post","status-publish","format-standard","has-post-thumbnail","hentry","category-nase-price","category-nase-pricerani-razvoj","category-rani-razvoj","category-vesti","tag-podrska-ne-perfekcija","tag-sabac"],"acf":[],"yoast_head":"<!-- This site is optimized with the Yoast SEO plugin v27.4 - https:\/\/yoast.com\/product\/yoast-seo-wordpress\/ -->\n<title>Utisci roditelja iz \u0160apca: Zahvaljuju\u0107i programu &quot;Podr\u0161ka, ne perfekcija&quot; na\u0161a svakodnevica je lak\u0161a i lep\u0161a - Novak Djokovic Foundation<\/title>\n<meta name=\"robots\" content=\"index, follow, max-snippet:-1, max-image-preview:large, max-video-preview:-1\" \/>\n<link rel=\"canonical\" href=\"https:\/\/novakdjokovicfoundation.org\/sr\/utisci-roditelja-iz-sapca-zahvaljujuci-programu-podrska-ne-perfekcija-nasa-svakodnevica-je-laksa-i-lepsa\/\" \/>\n<meta property=\"og:locale\" content=\"sr_RS\" \/>\n<meta property=\"og:type\" content=\"article\" \/>\n<meta property=\"og:title\" content=\"Utisci roditelja iz \u0160apca: Zahvaljuju\u0107i programu &quot;Podr\u0161ka, ne perfekcija&quot; na\u0161a svakodnevica je lak\u0161a i lep\u0161a - Novak Djokovic Foundation\" \/>\n<meta property=\"og:url\" content=\"https:\/\/novakdjokovicfoundation.org\/sr\/utisci-roditelja-iz-sapca-zahvaljujuci-programu-podrska-ne-perfekcija-nasa-svakodnevica-je-laksa-i-lepsa\/\" \/>\n<meta property=\"og:site_name\" content=\"Novak Djokovic Foundation\" \/>\n<meta property=\"article:publisher\" content=\"https:\/\/www.facebook.com\/NovakDjokovicFoundation\" \/>\n<meta property=\"article:published_time\" content=\"2024-09-26T13:14:41+00:00\" \/>\n<meta property=\"article:modified_time\" content=\"2024-09-26T13:16:38+00:00\" \/>\n<meta property=\"og:image\" content=\"https:\/\/novakdjokovicfoundation.org\/wp-content\/uploads\/2024\/09\/Ivana-Mandic-scaled.jpg\" \/>\n\t<meta property=\"og:image:width\" content=\"1707\" \/>\n\t<meta property=\"og:image:height\" content=\"2560\" \/>\n\t<meta property=\"og:image:type\" content=\"image\/jpeg\" \/>\n<meta name=\"author\" content=\"NDFAuthors\" \/>\n<meta name=\"twitter:card\" content=\"summary_large_image\" \/>\n<meta name=\"twitter:creator\" content=\"@novakfoundation\" \/>\n<meta name=\"twitter:site\" content=\"@novakfoundation\" \/>\n<meta name=\"twitter:label1\" content=\"\u041d\u0430\u043f\u0438\u0441\u0430\u043d\u043e \u043e\u0434\" \/>\n\t<meta name=\"twitter:data1\" content=\"NDFAuthors\" \/>\n\t<meta name=\"twitter:label2\" content=\"\u041f\u0440\u043e\u0446\u0435\u045a\u0435\u043d\u043e \u0432\u0440\u0435\u043c\u0435 \u0447\u0438\u0442\u0430\u045a\u0430\" \/>\n\t<meta name=\"twitter:data2\" content=\"1 \u043c\u0438\u043d\u0443\u0442\" \/>\n<script type=\"application\/ld+json\" class=\"yoast-schema-graph\">{\"@context\":\"https:\\\/\\\/schema.org\",\"@graph\":[{\"@type\":\"Article\",\"@id\":\"https:\\\/\\\/novakdjokovicfoundation.org\\\/sr\\\/utisci-roditelja-iz-sapca-zahvaljujuci-programu-podrska-ne-perfekcija-nasa-svakodnevica-je-laksa-i-lepsa\\\/#article\",\"isPartOf\":{\"@id\":\"https:\\\/\\\/novakdjokovicfoundation.org\\\/sr\\\/utisci-roditelja-iz-sapca-zahvaljujuci-programu-podrska-ne-perfekcija-nasa-svakodnevica-je-laksa-i-lepsa\\\/\"},\"author\":{\"name\":\"NDFAuthors\",\"@id\":\"https:\\\/\\\/novakdjokovicfoundation.org\\\/#\\\/schema\\\/person\\\/92d439ce9f161db2227d88016babb26d\"},\"headline\":\"Utisci roditelja iz \u0160apca: Zahvaljuju\u0107i programu &#8222;Podr\u0161ka, ne perfekcija&#8220; na\u0161a svakodnevica je lak\u0161a i lep\u0161a\",\"datePublished\":\"2024-09-26T13:14:41+00:00\",\"dateModified\":\"2024-09-26T13:16:38+00:00\",\"mainEntityOfPage\":{\"@id\":\"https:\\\/\\\/novakdjokovicfoundation.org\\\/sr\\\/utisci-roditelja-iz-sapca-zahvaljujuci-programu-podrska-ne-perfekcija-nasa-svakodnevica-je-laksa-i-lepsa\\\/\"},\"wordCount\":20,\"commentCount\":0,\"publisher\":{\"@id\":\"https:\\\/\\\/novakdjokovicfoundation.org\\\/#organization\"},\"image\":{\"@id\":\"https:\\\/\\\/novakdjokovicfoundation.org\\\/sr\\\/utisci-roditelja-iz-sapca-zahvaljujuci-programu-podrska-ne-perfekcija-nasa-svakodnevica-je-laksa-i-lepsa\\\/#primaryimage\"},\"thumbnailUrl\":\"https:\\\/\\\/novakdjokovicfoundation.org\\\/wp-content\\\/uploads\\\/2024\\\/09\\\/Ivana-Mandic-scaled.jpg\",\"keywords\":[\"Podr\u0161ka ne perfekcija\",\"\u0160abac\"],\"articleSection\":[\"Na\u0161e pri\u010de\",\"Na\u0161e pri\u010de|Rani razvoj\",\"Rani razvoj\",\"Vesti\"],\"inLanguage\":\"sr-RS\",\"potentialAction\":[{\"@type\":\"CommentAction\",\"name\":\"Comment\",\"target\":[\"https:\\\/\\\/novakdjokovicfoundation.org\\\/sr\\\/utisci-roditelja-iz-sapca-zahvaljujuci-programu-podrska-ne-perfekcija-nasa-svakodnevica-je-laksa-i-lepsa\\\/#respond\"]}]},{\"@type\":\"WebPage\",\"@id\":\"https:\\\/\\\/novakdjokovicfoundation.org\\\/sr\\\/utisci-roditelja-iz-sapca-zahvaljujuci-programu-podrska-ne-perfekcija-nasa-svakodnevica-je-laksa-i-lepsa\\\/\",\"url\":\"https:\\\/\\\/novakdjokovicfoundation.org\\\/sr\\\/utisci-roditelja-iz-sapca-zahvaljujuci-programu-podrska-ne-perfekcija-nasa-svakodnevica-je-laksa-i-lepsa\\\/\",\"name\":\"Utisci roditelja iz \u0160apca: Zahvaljuju\u0107i programu \\\"Podr\u0161ka, ne perfekcija\\\" na\u0161a svakodnevica je lak\u0161a i lep\u0161a - Novak Djokovic Foundation\",\"isPartOf\":{\"@id\":\"https:\\\/\\\/novakdjokovicfoundation.org\\\/#website\"},\"primaryImageOfPage\":{\"@id\":\"https:\\\/\\\/novakdjokovicfoundation.org\\\/sr\\\/utisci-roditelja-iz-sapca-zahvaljujuci-programu-podrska-ne-perfekcija-nasa-svakodnevica-je-laksa-i-lepsa\\\/#primaryimage\"},\"image\":{\"@id\":\"https:\\\/\\\/novakdjokovicfoundation.org\\\/sr\\\/utisci-roditelja-iz-sapca-zahvaljujuci-programu-podrska-ne-perfekcija-nasa-svakodnevica-je-laksa-i-lepsa\\\/#primaryimage\"},\"thumbnailUrl\":\"https:\\\/\\\/novakdjokovicfoundation.org\\\/wp-content\\\/uploads\\\/2024\\\/09\\\/Ivana-Mandic-scaled.jpg\",\"datePublished\":\"2024-09-26T13:14:41+00:00\",\"dateModified\":\"2024-09-26T13:16:38+00:00\",\"breadcrumb\":{\"@id\":\"https:\\\/\\\/novakdjokovicfoundation.org\\\/sr\\\/utisci-roditelja-iz-sapca-zahvaljujuci-programu-podrska-ne-perfekcija-nasa-svakodnevica-je-laksa-i-lepsa\\\/#breadcrumb\"},\"inLanguage\":\"sr-RS\",\"potentialAction\":[{\"@type\":\"ReadAction\",\"target\":[\"https:\\\/\\\/novakdjokovicfoundation.org\\\/sr\\\/utisci-roditelja-iz-sapca-zahvaljujuci-programu-podrska-ne-perfekcija-nasa-svakodnevica-je-laksa-i-lepsa\\\/\"]}]},{\"@type\":\"ImageObject\",\"inLanguage\":\"sr-RS\",\"@id\":\"https:\\\/\\\/novakdjokovicfoundation.org\\\/sr\\\/utisci-roditelja-iz-sapca-zahvaljujuci-programu-podrska-ne-perfekcija-nasa-svakodnevica-je-laksa-i-lepsa\\\/#primaryimage\",\"url\":\"https:\\\/\\\/novakdjokovicfoundation.org\\\/wp-content\\\/uploads\\\/2024\\\/09\\\/Ivana-Mandic-scaled.jpg\",\"contentUrl\":\"https:\\\/\\\/novakdjokovicfoundation.org\\\/wp-content\\\/uploads\\\/2024\\\/09\\\/Ivana-Mandic-scaled.jpg\",\"width\":1707,\"height\":2560,\"caption\":\"Ivana Mandic\"},{\"@type\":\"BreadcrumbList\",\"@id\":\"https:\\\/\\\/novakdjokovicfoundation.org\\\/sr\\\/utisci-roditelja-iz-sapca-zahvaljujuci-programu-podrska-ne-perfekcija-nasa-svakodnevica-je-laksa-i-lepsa\\\/#breadcrumb\",\"itemListElement\":[{\"@type\":\"ListItem\",\"position\":1,\"name\":\"Home\",\"item\":\"https:\\\/\\\/novakdjokovicfoundation.org\\\/sr\\\/\"},{\"@type\":\"ListItem\",\"position\":2,\"name\":\"Utisci roditelja iz \u0160apca: Zahvaljuju\u0107i programu &#8220;Podr\u0161ka, ne perfekcija&#8221; na\u0161a svakodnevica je lak\u0161a i lep\u0161a\"}]},{\"@type\":\"WebSite\",\"@id\":\"https:\\\/\\\/novakdjokovicfoundation.org\\\/#website\",\"url\":\"https:\\\/\\\/novakdjokovicfoundation.org\\\/\",\"name\":\"Novak Djokovic Foundation\",\"description\":\"Believe in their dreams\",\"publisher\":{\"@id\":\"https:\\\/\\\/novakdjokovicfoundation.org\\\/#organization\"},\"potentialAction\":[{\"@type\":\"SearchAction\",\"target\":{\"@type\":\"EntryPoint\",\"urlTemplate\":\"https:\\\/\\\/novakdjokovicfoundation.org\\\/?s={search_term_string}\"},\"query-input\":{\"@type\":\"PropertyValueSpecification\",\"valueRequired\":true,\"valueName\":\"search_term_string\"}}],\"inLanguage\":\"sr-RS\"},{\"@type\":\"Organization\",\"@id\":\"https:\\\/\\\/novakdjokovicfoundation.org\\\/#organization\",\"name\":\"Novak Djokovic Foundation\",\"url\":\"https:\\\/\\\/novakdjokovicfoundation.org\\\/\",\"logo\":{\"@type\":\"ImageObject\",\"inLanguage\":\"sr-RS\",\"@id\":\"https:\\\/\\\/novakdjokovicfoundation.org\\\/#\\\/schema\\\/logo\\\/image\\\/\",\"url\":\"https:\\\/\\\/novakdjokovicfoundation.org\\\/wp-content\\\/uploads\\\/2024\\\/12\\\/NDF_Logo_BLUE.svg\",\"contentUrl\":\"https:\\\/\\\/novakdjokovicfoundation.org\\\/wp-content\\\/uploads\\\/2024\\\/12\\\/NDF_Logo_BLUE.svg\",\"width\":1,\"height\":1,\"caption\":\"Novak Djokovic Foundation\"},\"image\":{\"@id\":\"https:\\\/\\\/novakdjokovicfoundation.org\\\/#\\\/schema\\\/logo\\\/image\\\/\"},\"sameAs\":[\"https:\\\/\\\/www.facebook.com\\\/NovakDjokovicFoundation\",\"https:\\\/\\\/x.com\\\/novakfoundation\",\"https:\\\/\\\/www.instagram.com\\\/novakfoundation\"]},{\"@type\":\"Person\",\"@id\":\"https:\\\/\\\/novakdjokovicfoundation.org\\\/#\\\/schema\\\/person\\\/92d439ce9f161db2227d88016babb26d\",\"name\":\"NDFAuthors\",\"image\":{\"@type\":\"ImageObject\",\"inLanguage\":\"sr-RS\",\"@id\":\"https:\\\/\\\/secure.gravatar.com\\\/avatar\\\/a56dea238b3a98b3408ef9bffaa7226d71ec06e401c449ab94453fa6c470ef8c?s=96&d=mm&r=g\",\"url\":\"https:\\\/\\\/secure.gravatar.com\\\/avatar\\\/a56dea238b3a98b3408ef9bffaa7226d71ec06e401c449ab94453fa6c470ef8c?s=96&d=mm&r=g\",\"contentUrl\":\"https:\\\/\\\/secure.gravatar.com\\\/avatar\\\/a56dea238b3a98b3408ef9bffaa7226d71ec06e401c449ab94453fa6c470ef8c?s=96&d=mm&r=g\",\"caption\":\"NDFAuthors\"},\"url\":\"https:\\\/\\\/novakdjokovicfoundation.org\\\/sr\\\/author\\\/ndfauthors\\\/\"}]}<\/script>\n<!-- \/ Yoast SEO plugin. -->","yoast_head_json":{"title":"Utisci roditelja iz \u0160apca: Zahvaljuju\u0107i programu \"Podr\u0161ka, ne perfekcija\" na\u0161a svakodnevica je lak\u0161a i lep\u0161a - Novak Djokovic Foundation","robots":{"index":"index","follow":"follow","max-snippet":"max-snippet:-1","max-image-preview":"max-image-preview:large","max-video-preview":"max-video-preview:-1"},"canonical":"https:\/\/novakdjokovicfoundation.org\/sr\/utisci-roditelja-iz-sapca-zahvaljujuci-programu-podrska-ne-perfekcija-nasa-svakodnevica-je-laksa-i-lepsa\/","og_locale":"sr_RS","og_type":"article","og_title":"Utisci roditelja iz \u0160apca: Zahvaljuju\u0107i programu \"Podr\u0161ka, ne perfekcija\" na\u0161a svakodnevica je lak\u0161a i lep\u0161a - Novak Djokovic Foundation","og_url":"https:\/\/novakdjokovicfoundation.org\/sr\/utisci-roditelja-iz-sapca-zahvaljujuci-programu-podrska-ne-perfekcija-nasa-svakodnevica-je-laksa-i-lepsa\/","og_site_name":"Novak Djokovic Foundation","article_publisher":"https:\/\/www.facebook.com\/NovakDjokovicFoundation","article_published_time":"2024-09-26T13:14:41+00:00","article_modified_time":"2024-09-26T13:16:38+00:00","og_image":[{"width":1707,"height":2560,"url":"https:\/\/novakdjokovicfoundation.org\/wp-content\/uploads\/2024\/09\/Ivana-Mandic-scaled.jpg","type":"image\/jpeg"}],"author":"NDFAuthors","twitter_card":"summary_large_image","twitter_creator":"@novakfoundation","twitter_site":"@novakfoundation","twitter_misc":{"\u041d\u0430\u043f\u0438\u0441\u0430\u043d\u043e \u043e\u0434":"NDFAuthors","\u041f\u0440\u043e\u0446\u0435\u045a\u0435\u043d\u043e \u0432\u0440\u0435\u043c\u0435 \u0447\u0438\u0442\u0430\u045a\u0430":"1 \u043c\u0438\u043d\u0443\u0442"},"schema":{"@context":"https:\/\/schema.org","@graph":[{"@type":"Article","@id":"https:\/\/novakdjokovicfoundation.org\/sr\/utisci-roditelja-iz-sapca-zahvaljujuci-programu-podrska-ne-perfekcija-nasa-svakodnevica-je-laksa-i-lepsa\/#article","isPartOf":{"@id":"https:\/\/novakdjokovicfoundation.org\/sr\/utisci-roditelja-iz-sapca-zahvaljujuci-programu-podrska-ne-perfekcija-nasa-svakodnevica-je-laksa-i-lepsa\/"},"author":{"name":"NDFAuthors","@id":"https:\/\/novakdjokovicfoundation.org\/#\/schema\/person\/92d439ce9f161db2227d88016babb26d"},"headline":"Utisci roditelja iz \u0160apca: Zahvaljuju\u0107i programu &#8222;Podr\u0161ka, ne perfekcija&#8220; na\u0161a svakodnevica je lak\u0161a i lep\u0161a","datePublished":"2024-09-26T13:14:41+00:00","dateModified":"2024-09-26T13:16:38+00:00","mainEntityOfPage":{"@id":"https:\/\/novakdjokovicfoundation.org\/sr\/utisci-roditelja-iz-sapca-zahvaljujuci-programu-podrska-ne-perfekcija-nasa-svakodnevica-je-laksa-i-lepsa\/"},"wordCount":20,"commentCount":0,"publisher":{"@id":"https:\/\/novakdjokovicfoundation.org\/#organization"},"image":{"@id":"https:\/\/novakdjokovicfoundation.org\/sr\/utisci-roditelja-iz-sapca-zahvaljujuci-programu-podrska-ne-perfekcija-nasa-svakodnevica-je-laksa-i-lepsa\/#primaryimage"},"thumbnailUrl":"https:\/\/novakdjokovicfoundation.org\/wp-content\/uploads\/2024\/09\/Ivana-Mandic-scaled.jpg","keywords":["Podr\u0161ka ne perfekcija","\u0160abac"],"articleSection":["Na\u0161e pri\u010de","Na\u0161e pri\u010de|Rani razvoj","Rani razvoj","Vesti"],"inLanguage":"sr-RS","potentialAction":[{"@type":"CommentAction","name":"Comment","target":["https:\/\/novakdjokovicfoundation.org\/sr\/utisci-roditelja-iz-sapca-zahvaljujuci-programu-podrska-ne-perfekcija-nasa-svakodnevica-je-laksa-i-lepsa\/#respond"]}]},{"@type":"WebPage","@id":"https:\/\/novakdjokovicfoundation.org\/sr\/utisci-roditelja-iz-sapca-zahvaljujuci-programu-podrska-ne-perfekcija-nasa-svakodnevica-je-laksa-i-lepsa\/","url":"https:\/\/novakdjokovicfoundation.org\/sr\/utisci-roditelja-iz-sapca-zahvaljujuci-programu-podrska-ne-perfekcija-nasa-svakodnevica-je-laksa-i-lepsa\/","name":"Utisci roditelja iz \u0160apca: Zahvaljuju\u0107i programu \"Podr\u0161ka, ne perfekcija\" na\u0161a svakodnevica je lak\u0161a i lep\u0161a - Novak Djokovic Foundation","isPartOf":{"@id":"https:\/\/novakdjokovicfoundation.org\/#website"},"primaryImageOfPage":{"@id":"https:\/\/novakdjokovicfoundation.org\/sr\/utisci-roditelja-iz-sapca-zahvaljujuci-programu-podrska-ne-perfekcija-nasa-svakodnevica-je-laksa-i-lepsa\/#primaryimage"},"image":{"@id":"https:\/\/novakdjokovicfoundation.org\/sr\/utisci-roditelja-iz-sapca-zahvaljujuci-programu-podrska-ne-perfekcija-nasa-svakodnevica-je-laksa-i-lepsa\/#primaryimage"},"thumbnailUrl":"https:\/\/novakdjokovicfoundation.org\/wp-content\/uploads\/2024\/09\/Ivana-Mandic-scaled.jpg","datePublished":"2024-09-26T13:14:41+00:00","dateModified":"2024-09-26T13:16:38+00:00","breadcrumb":{"@id":"https:\/\/novakdjokovicfoundation.org\/sr\/utisci-roditelja-iz-sapca-zahvaljujuci-programu-podrska-ne-perfekcija-nasa-svakodnevica-je-laksa-i-lepsa\/#breadcrumb"},"inLanguage":"sr-RS","potentialAction":[{"@type":"ReadAction","target":["https:\/\/novakdjokovicfoundation.org\/sr\/utisci-roditelja-iz-sapca-zahvaljujuci-programu-podrska-ne-perfekcija-nasa-svakodnevica-je-laksa-i-lepsa\/"]}]},{"@type":"ImageObject","inLanguage":"sr-RS","@id":"https:\/\/novakdjokovicfoundation.org\/sr\/utisci-roditelja-iz-sapca-zahvaljujuci-programu-podrska-ne-perfekcija-nasa-svakodnevica-je-laksa-i-lepsa\/#primaryimage","url":"https:\/\/novakdjokovicfoundation.org\/wp-content\/uploads\/2024\/09\/Ivana-Mandic-scaled.jpg","contentUrl":"https:\/\/novakdjokovicfoundation.org\/wp-content\/uploads\/2024\/09\/Ivana-Mandic-scaled.jpg","width":1707,"height":2560,"caption":"Ivana Mandic"},{"@type":"BreadcrumbList","@id":"https:\/\/novakdjokovicfoundation.org\/sr\/utisci-roditelja-iz-sapca-zahvaljujuci-programu-podrska-ne-perfekcija-nasa-svakodnevica-je-laksa-i-lepsa\/#breadcrumb","itemListElement":[{"@type":"ListItem","position":1,"name":"Home","item":"https:\/\/novakdjokovicfoundation.org\/sr\/"},{"@type":"ListItem","position":2,"name":"Utisci roditelja iz \u0160apca: Zahvaljuju\u0107i programu &#8220;Podr\u0161ka, ne perfekcija&#8221; na\u0161a svakodnevica je lak\u0161a i lep\u0161a"}]},{"@type":"WebSite","@id":"https:\/\/novakdjokovicfoundation.org\/#website","url":"https:\/\/novakdjokovicfoundation.org\/","name":"Novak Djokovic Foundation","description":"Believe in their dreams","publisher":{"@id":"https:\/\/novakdjokovicfoundation.org\/#organization"},"potentialAction":[{"@type":"SearchAction","target":{"@type":"EntryPoint","urlTemplate":"https:\/\/novakdjokovicfoundation.org\/?s={search_term_string}"},"query-input":{"@type":"PropertyValueSpecification","valueRequired":true,"valueName":"search_term_string"}}],"inLanguage":"sr-RS"},{"@type":"Organization","@id":"https:\/\/novakdjokovicfoundation.org\/#organization","name":"Novak Djokovic Foundation","url":"https:\/\/novakdjokovicfoundation.org\/","logo":{"@type":"ImageObject","inLanguage":"sr-RS","@id":"https:\/\/novakdjokovicfoundation.org\/#\/schema\/logo\/image\/","url":"https:\/\/novakdjokovicfoundation.org\/wp-content\/uploads\/2024\/12\/NDF_Logo_BLUE.svg","contentUrl":"https:\/\/novakdjokovicfoundation.org\/wp-content\/uploads\/2024\/12\/NDF_Logo_BLUE.svg","width":1,"height":1,"caption":"Novak Djokovic Foundation"},"image":{"@id":"https:\/\/novakdjokovicfoundation.org\/#\/schema\/logo\/image\/"},"sameAs":["https:\/\/www.facebook.com\/NovakDjokovicFoundation","https:\/\/x.com\/novakfoundation","https:\/\/www.instagram.com\/novakfoundation"]},{"@type":"Person","@id":"https:\/\/novakdjokovicfoundation.org\/#\/schema\/person\/92d439ce9f161db2227d88016babb26d","name":"NDFAuthors","image":{"@type":"ImageObject","inLanguage":"sr-RS","@id":"https:\/\/secure.gravatar.com\/avatar\/a56dea238b3a98b3408ef9bffaa7226d71ec06e401c449ab94453fa6c470ef8c?s=96&d=mm&r=g","url":"https:\/\/secure.gravatar.com\/avatar\/a56dea238b3a98b3408ef9bffaa7226d71ec06e401c449ab94453fa6c470ef8c?s=96&d=mm&r=g","contentUrl":"https:\/\/secure.gravatar.com\/avatar\/a56dea238b3a98b3408ef9bffaa7226d71ec06e401c449ab94453fa6c470ef8c?s=96&d=mm&r=g","caption":"NDFAuthors"},"url":"https:\/\/novakdjokovicfoundation.org\/sr\/author\/ndfauthors\/"}]}},"_links":{"self":[{"href":"https:\/\/novakdjokovicfoundation.org\/sr\/wp-json\/wp\/v2\/posts\/21684","targetHints":{"allow":["GET"]}}],"collection":[{"href":"https:\/\/novakdjokovicfoundation.org\/sr\/wp-json\/wp\/v2\/posts"}],"about":[{"href":"https:\/\/novakdjokovicfoundation.org\/sr\/wp-json\/wp\/v2\/types\/post"}],"author":[{"embeddable":true,"href":"https:\/\/novakdjokovicfoundation.org\/sr\/wp-json\/wp\/v2\/users\/5"}],"replies":[{"embeddable":true,"href":"https:\/\/novakdjokovicfoundation.org\/sr\/wp-json\/wp\/v2\/comments?post=21684"}],"version-history":[{"count":2,"href":"https:\/\/novakdjokovicfoundation.org\/sr\/wp-json\/wp\/v2\/posts\/21684\/revisions"}],"predecessor-version":[{"id":21689,"href":"https:\/\/novakdjokovicfoundation.org\/sr\/wp-json\/wp\/v2\/posts\/21684\/revisions\/21689"}],"wp:featuredmedia":[{"embeddable":true,"href":"https:\/\/novakdjokovicfoundation.org\/sr\/wp-json\/wp\/v2\/media\/21683"}],"wp:attachment":[{"href":"https:\/\/novakdjokovicfoundation.org\/sr\/wp-json\/wp\/v2\/media?parent=21684"}],"wp:term":[{"taxonomy":"category","embeddable":true,"href":"https:\/\/novakdjokovicfoundation.org\/sr\/wp-json\/wp\/v2\/categories?post=21684"},{"taxonomy":"post_tag","embeddable":true,"href":"https:\/\/novakdjokovicfoundation.org\/sr\/wp-json\/wp\/v2\/tags?post=21684"}],"curies":[{"name":"wp","href":"https:\/\/api.w.org\/{rel}","templated":true}]}}