{"id":16993,"date":"2022-10-11T00:00:00","date_gmt":"2022-10-11T00:00:00","guid":{"rendered":"https:\/\/novakdjokovicfoundation.org\/projekat-inkluzivnog-predskolskog-vaspitanja-i-obrazovanja-ispunili-smo-obecanje\/"},"modified":"2023-03-30T13:24:47","modified_gmt":"2023-03-30T13:24:47","slug":"projekat-inkluzivnog-predskolskog-vaspitanja-i-obrazovanja-ispunili-smo-obecanje","status":"publish","type":"post","link":"https:\/\/novakdjokovicfoundation.org\/sr\/projekat-inkluzivnog-predskolskog-vaspitanja-i-obrazovanja-ispunili-smo-obecanje\/","title":{"rendered":"Projekat Inkluzivno pred\u0161kolsko vaspitanje i obrazovanje: Ispunili smo obe\u0107anje dato pro\u0161le godine"},"content":{"rendered":"<h3><em><strong>U okviru Projekta &#8222;Inkluzivno pred\u0161kolsko vaspitanje i obrazovanje&#8220; koji se realizuje u saradnji sa Ministarstvom prosvete, nauke i tehnolo\u0161kog razvoja, a finansira iz zajma Svetske banke, za sada je otvorena 131 radna soba u 30 op\u0161tina, odnosno 3.136 mesta u vrti\u0107ima za decu \u0161irom Srbije.<\/strong><\/em><\/h3>\n<p>Kada je u maju 2021. godine Novak \u0110\u0090okovi\u0107 Fondacija potpisala <a href=\"https:\/\/novakdjokovicfoundation.org\/sr\/press-center\/novosti-i-informacije\/100-novih-prostorija-za-predskolsko-obrazovanje\/\">sporazum o partnerskoj saradnji sa Ministarstvom prosvete<\/a>, nauke i tehnolo\u0161kog razvoja na Projektu &#8222;Inkluzivno pred\u0161kolsko vaspitanje i obrazovanje&#8220;, najavljeno je da \u0107e do kraja 2022. godine biti otvoreno najmanje 120 radnih soba za mali\u0161ane \u0161irom Srbije. Manje od godinu i po dana kasnije, zajedni\u010dkim snagama smo <strong>prevazi\u0161li prvobitno zacrtane ciljeve<\/strong> i sa jo\u0161 vi\u0161e entuzijazma nastavljamo da implementiramo Projekat. Radujemo se novim osmesima na licima dece koja \u0107e ovim projektom biti uklju\u010dena u programe ranog razvoja.<\/p>\n<p><a href=\"https:\/\/novakdjokovicfoundation.org\/wp-content\/uploads\/2022\/05\/ecec_1.jpg\"><img loading=\"lazy\" decoding=\"async\" class=\"alignnone size-large wp-image-32282\" src=\"https:\/\/novakdjokovicfoundation.org\/wp-content\/uploads\/2022\/05\/ecec_1-1024x683.jpg\" alt=\"\" width=\"980\" height=\"654\" \/><\/a><\/p>\n<p>Gradovi i op\u0161tine u kojim su mali\u0161ani dobili priliku da se razvijaju na najbolji na\u010din su slede\u0107e:<\/p>\n<ul>\n<li aria-level=\"1\">Op\u0161tina Svilajnac, PU \u201eDe\u010dja radost\u201c, vrti\u0107 u Ku\u0161iljevu (85 mesta)<\/li>\n<li aria-level=\"1\">Grad Beograd, Op\u0161tina Vra\u010dar, PU \u201eVra\u010dar\u201c, vrti\u0107 \u201eVra\u010darac\u201c (200 mesta)<\/li>\n<li aria-level=\"1\">Grad Beograd, Op\u0161tina Stari grad, PU \u201eDe\u010dji dani\u201c, vrti\u0107i \u201eLola\u201c i \u201eLeptiri\u0107\u201c (75 mesta)<\/li>\n<li aria-level=\"1\">Op\u0161tina Obrenovac, PU \u201ePerka Vi\u0107entijevi\u0107\u201c (186 mesta)<\/li>\n<li aria-level=\"1\">Op\u0161tina Nova Varo\u0161, PU \u201ePa\u0161a i Nata\u0161a\u201c (80 mesta)<\/li>\n<li aria-level=\"1\">Op\u0161tina Doljevac, PU \u201eLane\u201c (105 mesta)<\/li>\n<li aria-level=\"1\">Op\u0161tina Vladi\u010din Han, PU \u201eP\u010delica\u201c (75 mesta)<\/li>\n<li aria-level=\"1\"><a href=\"https:\/\/novakdjokovicfoundation.org\/sr\/press-center\/status-projekata\/inkluzivno-predskolsko-obrazovanje-i-vaspitanje-otvoreno-40-radnih-soba-za-1000-dece\/\" target=\"_blank\" rel=\"noopener\">Op\u0161tina Ra\u010da, PU \u201eNa\u0161a radost\u201c (240 mesta)<\/a><\/li>\n<li aria-level=\"1\">Grad Beograd, Op\u0161tina \u010cukarica, PU \u201e\u010cukarica\u201c (270 mesta)<\/li>\n<li aria-level=\"1\">Op\u0161tina Apatin, PU \u201eP\u010delica\u201c (15 mesta)<\/li>\n<li aria-level=\"1\">Op\u0161tina \u010cajetina, PU \u201eRadost\u201c (100 mesta)<\/li>\n<li aria-level=\"1\">Op\u0161tina Bato\u010dina, PU \u201ePoletarac\u201c (25 mesta)<\/li>\n<li aria-level=\"1\">Op\u0161tina Pe\u0107inci, PU \u201eVlada Obradovi\u0107 Kameni\u201c (300 mesta)<\/li>\n<li aria-level=\"1\">Grad Beograd, Op\u0161tina Zemun, PU \u201eDr Sima Milo\u0161evi\u0107\u201c (75 mesta)<\/li>\n<li aria-level=\"1\">Op\u0161tina \u017dagubica, PU \u201ePoletarac\u201c (50 mesta)<\/li>\n<li aria-level=\"1\">Grad Pan\u010devo, PU \u201eDe\u010dja radost\u201c, vrti\u0107 \u201eLjiljan\u201c (40 mesta)<\/li>\n<li aria-level=\"1\">Grad Pan\u010devo, selo Dolovo, O\u0160 \u201eAksentije Maksimovi\u0107\u201c (65 mesta)<\/li>\n<li aria-level=\"1\">Op\u0161tina Sjenica, PU \u201eMasla\u010dak\u201c (190 mesta)<\/li>\n<li aria-level=\"1\">Op\u0161tina Sremska Mitrovica, PU \u201eP\u010delica\u201c (100 mesta)<\/li>\n<li aria-level=\"1\">Op\u0161tina Vlasotince, PU \u201eMilka Dimani\u0107\u201c (75 mesta)<\/li>\n<li aria-level=\"1\">Op\u0161tina Velika Plana, PU \u201eDe\u010dje carstvo\u201c, selo Bresje (25 mesta)<\/li>\n<li aria-level=\"1\">Op\u0161tina Velika Plana, PU \u201eDe\u010dje carstvo\u201c, selo Veliko Ora\u0161je (50 mesta)<\/li>\n<li aria-level=\"1\">Op\u0161tina Dimitrovgrad, PU \u201e8. septembar\u201c, vrti\u0107 \u201eP\u010delica\u201c (50 mesta)<\/li>\n<li aria-level=\"1\"><a href=\"https:\/\/ecec.mpn.gov.rs\/?p=5333\" target=\"_blank\" rel=\"noopener\">Grad Ni\u0161, naselje Novo selo, JPU \u201eP\u010delica\u201c (120 mesta)\u00a0<\/a><\/li>\n<li aria-level=\"1\"><a href=\"https:\/\/novakdjokovicfoundation.org\/sr\/press-center\/status-projekata\/projekat-inkluzivnog-predskolskog-vaspitanja-i-obrazovanja\/\" target=\"_blank\" rel=\"noopener\">Op\u0161tina Ra\u0161ka, PU \u201eVeselo detinjstvo\u201c, selo Milatkovi\u0107e (60 mesta)<\/a><\/li>\n<li aria-level=\"1\">Op\u0161tina Brus, PU \u201ePahuljice\u201c, selo Zlatari (25 mesta)<\/li>\n<li>Op\u0161tina Opovo, PU \u201eBambi\u201c (50 mesta)<\/li>\n<li>Op\u0161tina Vladimirci, PU \u201eSuncokreti\u201c, selo Debrc (65 mesta)<\/li>\n<li>Op\u0161tina Ba\u010d, PU \u201eKolibri\u201c, selo Bo\u0111ani (25 mesta)<\/li>\n<li>Op\u0161tina Po\u017eega, PU \u201eOlga Jovi\u010di\u0107 Rita\u201c, selo Zdrav\u010di\u0107i (40 mesta)<\/li>\n<li>Grad Beograd, Op\u0161tina Be\u017eanijska kosa, PU \u201e11. april\u201c (270 mesta)<\/li>\n<\/ul>\n<p><a href=\"https:\/\/novakdjokovicfoundation.org\/wp-content\/uploads\/2022\/05\/ecec_2.jpg\"><img loading=\"lazy\" decoding=\"async\" class=\"alignnone size-full wp-image-32284\" src=\"https:\/\/novakdjokovicfoundation.org\/wp-content\/uploads\/2022\/05\/ecec_2.jpg\" alt=\"\" width=\"960\" height=\"640\" \/><\/a><\/p>\n<div class=\"wrap cf\">\n<div class=\"layout_content\">\n<p>Tim Novak \u0110\u0090okovi\u0107 Fondacije rukovodi opremanjem svih radnih soba koje se otvaraju u okviru Projekta &#8222;Inkluzivno pred\u0161kolsko vaspitanje i obrazovanje&#8220;. Fondacija \u0107e se, kao i do sada, truditi da podr\u017ei napore Ministarstva prosvete, nauke i tehnolo\u0161kog razvoja da unapredi sistem pred\u0161kolskog vaspitanja i obrazovanja i da se vaspitni proces obavlja u jo\u0161 boljim i kvalitetnijim uslovima.<\/p>\n<\/div>\n<\/div>\n","protected":false},"excerpt":{"rendered":"<p>U okviru Projekta &#8222;Inkluzivno pred\u0161kolsko vaspitanje i obrazovanje&#8220; koji se realizuje u saradnji sa Ministarstvom prosvete, nauke i tehnolo\u0161kog razvoja, a finansira iz zajma Svetske banke, za sada je otvorena [&hellip;]<\/p>\n","protected":false},"author":5,"featured_media":14277,"comment_status":"open","ping_status":"open","sticky":false,"template":"","format":"standard","meta":{"_acf_changed":false,"footnotes":""},"categories":[20,35,34,1122],"tags":[],"class_list":["post-16993","post","type-post","status-publish","format-standard","has-post-thumbnail","hentry","category-blog-posts","category-featured-sr","category-izbor-urednika","category-rano-ucenje"],"acf":[],"yoast_head":"<!-- This site is optimized with the Yoast SEO plugin v27.4 - https:\/\/yoast.com\/product\/yoast-seo-wordpress\/ -->\n<title>Projekat Inkluzivno pred\u0161kolsko vaspitanje i obrazovanje: Ispunili smo obe\u0107anje dato pro\u0161le godine - Novak Djokovic Foundation<\/title>\n<meta name=\"robots\" content=\"index, follow, max-snippet:-1, max-image-preview:large, max-video-preview:-1\" \/>\n<link rel=\"canonical\" href=\"https:\/\/novakdjokovicfoundation.org\/sr\/projekat-inkluzivnog-predskolskog-vaspitanja-i-obrazovanja-ispunili-smo-obecanje\/\" \/>\n<meta property=\"og:locale\" content=\"sr_RS\" \/>\n<meta property=\"og:type\" content=\"article\" \/>\n<meta property=\"og:title\" content=\"Projekat Inkluzivno pred\u0161kolsko vaspitanje i obrazovanje: Ispunili smo obe\u0107anje dato pro\u0161le godine - Novak Djokovic Foundation\" \/>\n<meta property=\"og:description\" content=\"U okviru Projekta &#8222;Inkluzivno pred\u0161kolsko vaspitanje i obrazovanje&#8220; koji se realizuje u saradnji sa Ministarstvom prosvete, nauke i tehnolo\u0161kog razvoja, a finansira iz zajma Svetske banke, za sada je otvorena [&hellip;]\" \/>\n<meta property=\"og:url\" content=\"https:\/\/novakdjokovicfoundation.org\/sr\/projekat-inkluzivnog-predskolskog-vaspitanja-i-obrazovanja-ispunili-smo-obecanje\/\" \/>\n<meta property=\"og:site_name\" content=\"Novak Djokovic Foundation\" \/>\n<meta property=\"article:publisher\" content=\"https:\/\/www.facebook.com\/NovakDjokovicFoundation\" \/>\n<meta property=\"article:published_time\" content=\"2022-10-11T00:00:00+00:00\" \/>\n<meta property=\"article:modified_time\" content=\"2023-03-30T13:24:47+00:00\" \/>\n<meta property=\"og:image\" content=\"https:\/\/novakdjokovicfoundation.org\/wp-content\/uploads\/2023\/02\/52262397481_d285128663_o-scaled-1.jpg\" \/>\n\t<meta property=\"og:image:width\" content=\"2560\" \/>\n\t<meta property=\"og:image:height\" content=\"1707\" \/>\n\t<meta property=\"og:image:type\" content=\"image\/jpeg\" \/>\n<meta name=\"author\" content=\"NDFAuthors\" \/>\n<meta name=\"twitter:card\" content=\"summary_large_image\" \/>\n<meta name=\"twitter:creator\" content=\"@novakfoundation\" \/>\n<meta name=\"twitter:site\" content=\"@novakfoundation\" \/>\n<meta name=\"twitter:label1\" content=\"\u041d\u0430\u043f\u0438\u0441\u0430\u043d\u043e \u043e\u0434\" \/>\n\t<meta name=\"twitter:data1\" content=\"NDFAuthors\" \/>\n\t<meta name=\"twitter:label2\" content=\"\u041f\u0440\u043e\u0446\u0435\u045a\u0435\u043d\u043e \u0432\u0440\u0435\u043c\u0435 \u0447\u0438\u0442\u0430\u045a\u0430\" \/>\n\t<meta name=\"twitter:data2\" content=\"3 \u043c\u0438\u043d\u0443\u0442\u0430\" \/>\n<script type=\"application\/ld+json\" class=\"yoast-schema-graph\">{\"@context\":\"https:\\\/\\\/schema.org\",\"@graph\":[{\"@type\":\"Article\",\"@id\":\"https:\\\/\\\/novakdjokovicfoundation.org\\\/sr\\\/projekat-inkluzivnog-predskolskog-vaspitanja-i-obrazovanja-ispunili-smo-obecanje\\\/#article\",\"isPartOf\":{\"@id\":\"https:\\\/\\\/novakdjokovicfoundation.org\\\/sr\\\/projekat-inkluzivnog-predskolskog-vaspitanja-i-obrazovanja-ispunili-smo-obecanje\\\/\"},\"author\":{\"name\":\"NDFAuthors\",\"@id\":\"https:\\\/\\\/novakdjokovicfoundation.org\\\/#\\\/schema\\\/person\\\/92d439ce9f161db2227d88016babb26d\"},\"headline\":\"Projekat Inkluzivno pred\u0161kolsko vaspitanje i obrazovanje: Ispunili smo obe\u0107anje dato pro\u0161le godine\",\"datePublished\":\"2022-10-11T00:00:00+00:00\",\"dateModified\":\"2023-03-30T13:24:47+00:00\",\"mainEntityOfPage\":{\"@id\":\"https:\\\/\\\/novakdjokovicfoundation.org\\\/sr\\\/projekat-inkluzivnog-predskolskog-vaspitanja-i-obrazovanja-ispunili-smo-obecanje\\\/\"},\"wordCount\":519,\"commentCount\":0,\"publisher\":{\"@id\":\"https:\\\/\\\/novakdjokovicfoundation.org\\\/#organization\"},\"image\":{\"@id\":\"https:\\\/\\\/novakdjokovicfoundation.org\\\/sr\\\/projekat-inkluzivnog-predskolskog-vaspitanja-i-obrazovanja-ispunili-smo-obecanje\\\/#primaryimage\"},\"thumbnailUrl\":\"https:\\\/\\\/novakdjokovicfoundation.org\\\/wp-content\\\/uploads\\\/2023\\\/02\\\/52262397481_d285128663_o-scaled-1.jpg\",\"articleSection\":[\"Blog posts\",\"Featured\",\"Izbor urednika\",\"Rano u\u010denje\"],\"inLanguage\":\"sr-RS\",\"potentialAction\":[{\"@type\":\"CommentAction\",\"name\":\"Comment\",\"target\":[\"https:\\\/\\\/novakdjokovicfoundation.org\\\/sr\\\/projekat-inkluzivnog-predskolskog-vaspitanja-i-obrazovanja-ispunili-smo-obecanje\\\/#respond\"]}]},{\"@type\":\"WebPage\",\"@id\":\"https:\\\/\\\/novakdjokovicfoundation.org\\\/sr\\\/projekat-inkluzivnog-predskolskog-vaspitanja-i-obrazovanja-ispunili-smo-obecanje\\\/\",\"url\":\"https:\\\/\\\/novakdjokovicfoundation.org\\\/sr\\\/projekat-inkluzivnog-predskolskog-vaspitanja-i-obrazovanja-ispunili-smo-obecanje\\\/\",\"name\":\"Projekat Inkluzivno pred\u0161kolsko vaspitanje i obrazovanje: Ispunili smo obe\u0107anje dato pro\u0161le godine - Novak Djokovic Foundation\",\"isPartOf\":{\"@id\":\"https:\\\/\\\/novakdjokovicfoundation.org\\\/#website\"},\"primaryImageOfPage\":{\"@id\":\"https:\\\/\\\/novakdjokovicfoundation.org\\\/sr\\\/projekat-inkluzivnog-predskolskog-vaspitanja-i-obrazovanja-ispunili-smo-obecanje\\\/#primaryimage\"},\"image\":{\"@id\":\"https:\\\/\\\/novakdjokovicfoundation.org\\\/sr\\\/projekat-inkluzivnog-predskolskog-vaspitanja-i-obrazovanja-ispunili-smo-obecanje\\\/#primaryimage\"},\"thumbnailUrl\":\"https:\\\/\\\/novakdjokovicfoundation.org\\\/wp-content\\\/uploads\\\/2023\\\/02\\\/52262397481_d285128663_o-scaled-1.jpg\",\"datePublished\":\"2022-10-11T00:00:00+00:00\",\"dateModified\":\"2023-03-30T13:24:47+00:00\",\"breadcrumb\":{\"@id\":\"https:\\\/\\\/novakdjokovicfoundation.org\\\/sr\\\/projekat-inkluzivnog-predskolskog-vaspitanja-i-obrazovanja-ispunili-smo-obecanje\\\/#breadcrumb\"},\"inLanguage\":\"sr-RS\",\"potentialAction\":[{\"@type\":\"ReadAction\",\"target\":[\"https:\\\/\\\/novakdjokovicfoundation.org\\\/sr\\\/projekat-inkluzivnog-predskolskog-vaspitanja-i-obrazovanja-ispunili-smo-obecanje\\\/\"]}]},{\"@type\":\"ImageObject\",\"inLanguage\":\"sr-RS\",\"@id\":\"https:\\\/\\\/novakdjokovicfoundation.org\\\/sr\\\/projekat-inkluzivnog-predskolskog-vaspitanja-i-obrazovanja-ispunili-smo-obecanje\\\/#primaryimage\",\"url\":\"https:\\\/\\\/novakdjokovicfoundation.org\\\/wp-content\\\/uploads\\\/2023\\\/02\\\/52262397481_d285128663_o-scaled-1.jpg\",\"contentUrl\":\"https:\\\/\\\/novakdjokovicfoundation.org\\\/wp-content\\\/uploads\\\/2023\\\/02\\\/52262397481_d285128663_o-scaled-1.jpg\",\"width\":2560,\"height\":1707},{\"@type\":\"BreadcrumbList\",\"@id\":\"https:\\\/\\\/novakdjokovicfoundation.org\\\/sr\\\/projekat-inkluzivnog-predskolskog-vaspitanja-i-obrazovanja-ispunili-smo-obecanje\\\/#breadcrumb\",\"itemListElement\":[{\"@type\":\"ListItem\",\"position\":1,\"name\":\"Home\",\"item\":\"https:\\\/\\\/novakdjokovicfoundation.org\\\/sr\\\/\"},{\"@type\":\"ListItem\",\"position\":2,\"name\":\"Projekat Inkluzivno pred\u0161kolsko vaspitanje i obrazovanje: Ispunili smo obe\u0107anje dato pro\u0161le godine\"}]},{\"@type\":\"WebSite\",\"@id\":\"https:\\\/\\\/novakdjokovicfoundation.org\\\/#website\",\"url\":\"https:\\\/\\\/novakdjokovicfoundation.org\\\/\",\"name\":\"Novak Djokovic Foundation\",\"description\":\"Believe in their dreams\",\"publisher\":{\"@id\":\"https:\\\/\\\/novakdjokovicfoundation.org\\\/#organization\"},\"potentialAction\":[{\"@type\":\"SearchAction\",\"target\":{\"@type\":\"EntryPoint\",\"urlTemplate\":\"https:\\\/\\\/novakdjokovicfoundation.org\\\/?s={search_term_string}\"},\"query-input\":{\"@type\":\"PropertyValueSpecification\",\"valueRequired\":true,\"valueName\":\"search_term_string\"}}],\"inLanguage\":\"sr-RS\"},{\"@type\":\"Organization\",\"@id\":\"https:\\\/\\\/novakdjokovicfoundation.org\\\/#organization\",\"name\":\"Novak Djokovic Foundation\",\"url\":\"https:\\\/\\\/novakdjokovicfoundation.org\\\/\",\"logo\":{\"@type\":\"ImageObject\",\"inLanguage\":\"sr-RS\",\"@id\":\"https:\\\/\\\/novakdjokovicfoundation.org\\\/#\\\/schema\\\/logo\\\/image\\\/\",\"url\":\"https:\\\/\\\/novakdjokovicfoundation.org\\\/wp-content\\\/uploads\\\/2024\\\/12\\\/NDF_Logo_BLUE.svg\",\"contentUrl\":\"https:\\\/\\\/novakdjokovicfoundation.org\\\/wp-content\\\/uploads\\\/2024\\\/12\\\/NDF_Logo_BLUE.svg\",\"width\":1,\"height\":1,\"caption\":\"Novak Djokovic Foundation\"},\"image\":{\"@id\":\"https:\\\/\\\/novakdjokovicfoundation.org\\\/#\\\/schema\\\/logo\\\/image\\\/\"},\"sameAs\":[\"https:\\\/\\\/www.facebook.com\\\/NovakDjokovicFoundation\",\"https:\\\/\\\/x.com\\\/novakfoundation\",\"https:\\\/\\\/www.instagram.com\\\/novakfoundation\"]},{\"@type\":\"Person\",\"@id\":\"https:\\\/\\\/novakdjokovicfoundation.org\\\/#\\\/schema\\\/person\\\/92d439ce9f161db2227d88016babb26d\",\"name\":\"NDFAuthors\",\"image\":{\"@type\":\"ImageObject\",\"inLanguage\":\"sr-RS\",\"@id\":\"https:\\\/\\\/secure.gravatar.com\\\/avatar\\\/a56dea238b3a98b3408ef9bffaa7226d71ec06e401c449ab94453fa6c470ef8c?s=96&d=mm&r=g\",\"url\":\"https:\\\/\\\/secure.gravatar.com\\\/avatar\\\/a56dea238b3a98b3408ef9bffaa7226d71ec06e401c449ab94453fa6c470ef8c?s=96&d=mm&r=g\",\"contentUrl\":\"https:\\\/\\\/secure.gravatar.com\\\/avatar\\\/a56dea238b3a98b3408ef9bffaa7226d71ec06e401c449ab94453fa6c470ef8c?s=96&d=mm&r=g\",\"caption\":\"NDFAuthors\"},\"url\":\"https:\\\/\\\/novakdjokovicfoundation.org\\\/sr\\\/author\\\/ndfauthors\\\/\"}]}<\/script>\n<!-- \/ Yoast SEO plugin. -->","yoast_head_json":{"title":"Projekat Inkluzivno pred\u0161kolsko vaspitanje i obrazovanje: Ispunili smo obe\u0107anje dato pro\u0161le godine - Novak Djokovic Foundation","robots":{"index":"index","follow":"follow","max-snippet":"max-snippet:-1","max-image-preview":"max-image-preview:large","max-video-preview":"max-video-preview:-1"},"canonical":"https:\/\/novakdjokovicfoundation.org\/sr\/projekat-inkluzivnog-predskolskog-vaspitanja-i-obrazovanja-ispunili-smo-obecanje\/","og_locale":"sr_RS","og_type":"article","og_title":"Projekat Inkluzivno pred\u0161kolsko vaspitanje i obrazovanje: Ispunili smo obe\u0107anje dato pro\u0161le godine - Novak Djokovic Foundation","og_description":"U okviru Projekta &#8222;Inkluzivno pred\u0161kolsko vaspitanje i obrazovanje&#8220; koji se realizuje u saradnji sa Ministarstvom prosvete, nauke i tehnolo\u0161kog razvoja, a finansira iz zajma Svetske banke, za sada je otvorena [&hellip;]","og_url":"https:\/\/novakdjokovicfoundation.org\/sr\/projekat-inkluzivnog-predskolskog-vaspitanja-i-obrazovanja-ispunili-smo-obecanje\/","og_site_name":"Novak Djokovic Foundation","article_publisher":"https:\/\/www.facebook.com\/NovakDjokovicFoundation","article_published_time":"2022-10-11T00:00:00+00:00","article_modified_time":"2023-03-30T13:24:47+00:00","og_image":[{"width":2560,"height":1707,"url":"https:\/\/novakdjokovicfoundation.org\/wp-content\/uploads\/2023\/02\/52262397481_d285128663_o-scaled-1.jpg","type":"image\/jpeg"}],"author":"NDFAuthors","twitter_card":"summary_large_image","twitter_creator":"@novakfoundation","twitter_site":"@novakfoundation","twitter_misc":{"\u041d\u0430\u043f\u0438\u0441\u0430\u043d\u043e \u043e\u0434":"NDFAuthors","\u041f\u0440\u043e\u0446\u0435\u045a\u0435\u043d\u043e \u0432\u0440\u0435\u043c\u0435 \u0447\u0438\u0442\u0430\u045a\u0430":"3 \u043c\u0438\u043d\u0443\u0442\u0430"},"schema":{"@context":"https:\/\/schema.org","@graph":[{"@type":"Article","@id":"https:\/\/novakdjokovicfoundation.org\/sr\/projekat-inkluzivnog-predskolskog-vaspitanja-i-obrazovanja-ispunili-smo-obecanje\/#article","isPartOf":{"@id":"https:\/\/novakdjokovicfoundation.org\/sr\/projekat-inkluzivnog-predskolskog-vaspitanja-i-obrazovanja-ispunili-smo-obecanje\/"},"author":{"name":"NDFAuthors","@id":"https:\/\/novakdjokovicfoundation.org\/#\/schema\/person\/92d439ce9f161db2227d88016babb26d"},"headline":"Projekat Inkluzivno pred\u0161kolsko vaspitanje i obrazovanje: Ispunili smo obe\u0107anje dato pro\u0161le godine","datePublished":"2022-10-11T00:00:00+00:00","dateModified":"2023-03-30T13:24:47+00:00","mainEntityOfPage":{"@id":"https:\/\/novakdjokovicfoundation.org\/sr\/projekat-inkluzivnog-predskolskog-vaspitanja-i-obrazovanja-ispunili-smo-obecanje\/"},"wordCount":519,"commentCount":0,"publisher":{"@id":"https:\/\/novakdjokovicfoundation.org\/#organization"},"image":{"@id":"https:\/\/novakdjokovicfoundation.org\/sr\/projekat-inkluzivnog-predskolskog-vaspitanja-i-obrazovanja-ispunili-smo-obecanje\/#primaryimage"},"thumbnailUrl":"https:\/\/novakdjokovicfoundation.org\/wp-content\/uploads\/2023\/02\/52262397481_d285128663_o-scaled-1.jpg","articleSection":["Blog posts","Featured","Izbor urednika","Rano u\u010denje"],"inLanguage":"sr-RS","potentialAction":[{"@type":"CommentAction","name":"Comment","target":["https:\/\/novakdjokovicfoundation.org\/sr\/projekat-inkluzivnog-predskolskog-vaspitanja-i-obrazovanja-ispunili-smo-obecanje\/#respond"]}]},{"@type":"WebPage","@id":"https:\/\/novakdjokovicfoundation.org\/sr\/projekat-inkluzivnog-predskolskog-vaspitanja-i-obrazovanja-ispunili-smo-obecanje\/","url":"https:\/\/novakdjokovicfoundation.org\/sr\/projekat-inkluzivnog-predskolskog-vaspitanja-i-obrazovanja-ispunili-smo-obecanje\/","name":"Projekat Inkluzivno pred\u0161kolsko vaspitanje i obrazovanje: Ispunili smo obe\u0107anje dato pro\u0161le godine - Novak Djokovic Foundation","isPartOf":{"@id":"https:\/\/novakdjokovicfoundation.org\/#website"},"primaryImageOfPage":{"@id":"https:\/\/novakdjokovicfoundation.org\/sr\/projekat-inkluzivnog-predskolskog-vaspitanja-i-obrazovanja-ispunili-smo-obecanje\/#primaryimage"},"image":{"@id":"https:\/\/novakdjokovicfoundation.org\/sr\/projekat-inkluzivnog-predskolskog-vaspitanja-i-obrazovanja-ispunili-smo-obecanje\/#primaryimage"},"thumbnailUrl":"https:\/\/novakdjokovicfoundation.org\/wp-content\/uploads\/2023\/02\/52262397481_d285128663_o-scaled-1.jpg","datePublished":"2022-10-11T00:00:00+00:00","dateModified":"2023-03-30T13:24:47+00:00","breadcrumb":{"@id":"https:\/\/novakdjokovicfoundation.org\/sr\/projekat-inkluzivnog-predskolskog-vaspitanja-i-obrazovanja-ispunili-smo-obecanje\/#breadcrumb"},"inLanguage":"sr-RS","potentialAction":[{"@type":"ReadAction","target":["https:\/\/novakdjokovicfoundation.org\/sr\/projekat-inkluzivnog-predskolskog-vaspitanja-i-obrazovanja-ispunili-smo-obecanje\/"]}]},{"@type":"ImageObject","inLanguage":"sr-RS","@id":"https:\/\/novakdjokovicfoundation.org\/sr\/projekat-inkluzivnog-predskolskog-vaspitanja-i-obrazovanja-ispunili-smo-obecanje\/#primaryimage","url":"https:\/\/novakdjokovicfoundation.org\/wp-content\/uploads\/2023\/02\/52262397481_d285128663_o-scaled-1.jpg","contentUrl":"https:\/\/novakdjokovicfoundation.org\/wp-content\/uploads\/2023\/02\/52262397481_d285128663_o-scaled-1.jpg","width":2560,"height":1707},{"@type":"BreadcrumbList","@id":"https:\/\/novakdjokovicfoundation.org\/sr\/projekat-inkluzivnog-predskolskog-vaspitanja-i-obrazovanja-ispunili-smo-obecanje\/#breadcrumb","itemListElement":[{"@type":"ListItem","position":1,"name":"Home","item":"https:\/\/novakdjokovicfoundation.org\/sr\/"},{"@type":"ListItem","position":2,"name":"Projekat Inkluzivno pred\u0161kolsko vaspitanje i obrazovanje: Ispunili smo obe\u0107anje dato pro\u0161le godine"}]},{"@type":"WebSite","@id":"https:\/\/novakdjokovicfoundation.org\/#website","url":"https:\/\/novakdjokovicfoundation.org\/","name":"Novak Djokovic Foundation","description":"Believe in their dreams","publisher":{"@id":"https:\/\/novakdjokovicfoundation.org\/#organization"},"potentialAction":[{"@type":"SearchAction","target":{"@type":"EntryPoint","urlTemplate":"https:\/\/novakdjokovicfoundation.org\/?s={search_term_string}"},"query-input":{"@type":"PropertyValueSpecification","valueRequired":true,"valueName":"search_term_string"}}],"inLanguage":"sr-RS"},{"@type":"Organization","@id":"https:\/\/novakdjokovicfoundation.org\/#organization","name":"Novak Djokovic Foundation","url":"https:\/\/novakdjokovicfoundation.org\/","logo":{"@type":"ImageObject","inLanguage":"sr-RS","@id":"https:\/\/novakdjokovicfoundation.org\/#\/schema\/logo\/image\/","url":"https:\/\/novakdjokovicfoundation.org\/wp-content\/uploads\/2024\/12\/NDF_Logo_BLUE.svg","contentUrl":"https:\/\/novakdjokovicfoundation.org\/wp-content\/uploads\/2024\/12\/NDF_Logo_BLUE.svg","width":1,"height":1,"caption":"Novak Djokovic Foundation"},"image":{"@id":"https:\/\/novakdjokovicfoundation.org\/#\/schema\/logo\/image\/"},"sameAs":["https:\/\/www.facebook.com\/NovakDjokovicFoundation","https:\/\/x.com\/novakfoundation","https:\/\/www.instagram.com\/novakfoundation"]},{"@type":"Person","@id":"https:\/\/novakdjokovicfoundation.org\/#\/schema\/person\/92d439ce9f161db2227d88016babb26d","name":"NDFAuthors","image":{"@type":"ImageObject","inLanguage":"sr-RS","@id":"https:\/\/secure.gravatar.com\/avatar\/a56dea238b3a98b3408ef9bffaa7226d71ec06e401c449ab94453fa6c470ef8c?s=96&d=mm&r=g","url":"https:\/\/secure.gravatar.com\/avatar\/a56dea238b3a98b3408ef9bffaa7226d71ec06e401c449ab94453fa6c470ef8c?s=96&d=mm&r=g","contentUrl":"https:\/\/secure.gravatar.com\/avatar\/a56dea238b3a98b3408ef9bffaa7226d71ec06e401c449ab94453fa6c470ef8c?s=96&d=mm&r=g","caption":"NDFAuthors"},"url":"https:\/\/novakdjokovicfoundation.org\/sr\/author\/ndfauthors\/"}]}},"_links":{"self":[{"href":"https:\/\/novakdjokovicfoundation.org\/sr\/wp-json\/wp\/v2\/posts\/16993","targetHints":{"allow":["GET"]}}],"collection":[{"href":"https:\/\/novakdjokovicfoundation.org\/sr\/wp-json\/wp\/v2\/posts"}],"about":[{"href":"https:\/\/novakdjokovicfoundation.org\/sr\/wp-json\/wp\/v2\/types\/post"}],"author":[{"embeddable":true,"href":"https:\/\/novakdjokovicfoundation.org\/sr\/wp-json\/wp\/v2\/users\/5"}],"replies":[{"embeddable":true,"href":"https:\/\/novakdjokovicfoundation.org\/sr\/wp-json\/wp\/v2\/comments?post=16993"}],"version-history":[{"count":1,"href":"https:\/\/novakdjokovicfoundation.org\/sr\/wp-json\/wp\/v2\/posts\/16993\/revisions"}],"predecessor-version":[{"id":17258,"href":"https:\/\/novakdjokovicfoundation.org\/sr\/wp-json\/wp\/v2\/posts\/16993\/revisions\/17258"}],"wp:featuredmedia":[{"embeddable":true,"href":"https:\/\/novakdjokovicfoundation.org\/sr\/wp-json\/wp\/v2\/media\/14277"}],"wp:attachment":[{"href":"https:\/\/novakdjokovicfoundation.org\/sr\/wp-json\/wp\/v2\/media?parent=16993"}],"wp:term":[{"taxonomy":"category","embeddable":true,"href":"https:\/\/novakdjokovicfoundation.org\/sr\/wp-json\/wp\/v2\/categories?post=16993"},{"taxonomy":"post_tag","embeddable":true,"href":"https:\/\/novakdjokovicfoundation.org\/sr\/wp-json\/wp\/v2\/tags?post=16993"}],"curies":[{"name":"wp","href":"https:\/\/api.w.org\/{rel}","templated":true}]}}