{"id":16913,"date":"2021-12-17T00:00:00","date_gmt":"2021-12-17T00:00:00","guid":{"rendered":"https:\/\/novakdjokovicfoundation.org\/novak-dokovic-fondacija-deli-paketice-u-12-opstina-u-srbiji\/"},"modified":"2023-03-21T12:17:52","modified_gmt":"2023-03-21T12:17:52","slug":"novak-dokovic-fondacija-deli-paketice-u-12-opstina-u-srbiji","status":"publish","type":"post","link":"https:\/\/novakdjokovicfoundation.org\/sr\/novak-dokovic-fondacija-deli-paketice-u-12-opstina-u-srbiji\/","title":{"rendered":"Karavan sre\u0107e Novak \u0110\u0090okovi\u0107 Fondacije i Deda Mraz dele novogodi\u0161nje paketi\u0107e mali\u0161anima u 12 op\u0161tina u Srbiji"},"content":{"rendered":"<p><b><i>\u201eGde su radost i sre\u0107a, tu je ljubav ve\u0107a\u201c \u2013 Novak \u0110\u0090okovi\u0107 Fondacija je svojim karavanom sre\u0107e re\u0161ila da uo\u010di praznika obraduje 277 mali\u0161ana uzrasta 3 do 7 godina \u010dije su porodice primaoci nov\u010dano socijalne pomo\u0107i.<\/i><\/b><\/p>\n<p><span style=\"font-weight: 400;\"><strong>Karavan sre\u0107e na put kre\u0107e!<\/strong> Ako ovih dana vidite putuju\u0107u ku\u0107icu sre\u0107e koja li\u010di na najlep\u0161u novogodi\u0161nju \u010destitku i pitate se \u0161ta bi to moglo biti, otkri\u0107emo vam tajnu: Novak \u0110\u0090okovi\u0107 Fondacija i Deda Mraz ovih dana putuju od grada do grada i dele novogodi\u0161nje radosti sa decom <\/span><b>u 12 gradova<\/b><span style=\"font-weight: 400;\">. Kompletan tim Fondacije predvo\u0111en Jelenom \u0110\u0090okovi\u0107 i Majom Kremi\u0107, globalnom i nacionalnom direktorkom, seje dobro raspolo\u017eenje i prazni\u010dni duh. Pridu\u017eite nam se u pesmi i \u0111uskanju!\u00a0\u00a0<\/span><\/p>\n<div id=\"attachment_31600\" style=\"width: 990px\" class=\"wp-caption alignnone\"><a href=\"https:\/\/novakdjokovicfoundation.org\/wp-content\/uploads\/2021\/12\/51742844139_23088af91f_k.jpg\"><img loading=\"lazy\" decoding=\"async\" aria-describedby=\"caption-attachment-31600\" class=\"wp-image-31600 size-large\" src=\"https:\/\/novakdjokovicfoundation.org\/wp-content\/uploads\/2021\/12\/51742844139_23088af91f_k-1024x732.jpg\" alt=\"\" width=\"980\" height=\"701\" \/><\/a><p id=\"caption-attachment-31600\" class=\"wp-caption-text\"><em>Ne pru\u017ea se svakom prilika da zagrli Deda Mraza uo\u010di praznika!<\/em><\/p><\/div>\n<p><b>U saradnji sa pred\u0161kolskim ustanovama, lokalnim samoupravama i centrima za socijalni rad<\/b><span style=\"font-weight: 400;\">, ova plemenita ideja okupila je i <\/span><b>17 dru\u0161tveno odgovornih kompanija<\/b><span style=\"font-weight: 400;\">\u2013prijatelja Fondacije koje su dale svoj doprinos u vidu raznih donacija: igra\u010daka, dru\u0161tvenih igara, knjiga, kozmetike i higijene, garderobe, kombi vozila, namirnica, potro\u0161nog materijala, brendiranja vozila, prevoza paketi\u0107a, te samog Deda Mraza i kostima.\u00a0<\/span><\/p>\n<blockquote><p>&#8222;<em>Na\u0161a Fondacija je aktivna u svim delovima Srbije, \u010desto smo na putu i ponekad ne provodimo mnogo vremena zajedno. Ovo putovanje je poslu\u017eilo kao sjajna prilika za na\u0161 kompletan tim da u\u017eiva u dru\u017eenju i divnoj atmosferi, koju nije bilo te\u0161ko preneti na ljude u svim gradovima koje smo posetili. Svuda smo lepo prihva\u0107eni i drago nam je da smo velikom broju dece izmamili osmeh na lice. Za vreme putovanja, pri\u010dali smo o tome kako smo se ose\u0107ali i kako je ovaj doga\u0111aj uticao na nas, kao i u kolikoj meri \u0107e ova sre\u0107a, ma koliko kratkotrajna bila, uticati na \u017eivote ovih mali\u0161ana i njihovih porodica. Zaklju\u010dili smo da svako dobro delo ostaje zapisano u vremenu i mi \u0107emo nastaviti da se trudimo da usre\u0107ujemo mali\u0161ane \u0161irom Srbije<\/em>, <em>poput ovih danas koji su se uverili da i van njihove mikrozajednice postoje ljudi koji ih vole i koji su radi da im pomognu. Nadamo se da \u0107e im ovo dru\u017eenje sa nama, Deda Mrazom i drugom decom dati dodatnu snagu u daljem odrastanju,<\/em>&#8220; poru\u010dila je <strong>Jelena \u0110\u0090okovi\u0107, suosniva\u010d i globalna direktorka Fondacije<\/strong>.<\/p><\/blockquote>\n<div id=\"attachment_31602\" style=\"width: 990px\" class=\"wp-caption alignnone\"><a href=\"https:\/\/novakdjokovicfoundation.org\/wp-content\/uploads\/2021\/12\/51742147656_d896d7a102_k.jpg\"><img loading=\"lazy\" decoding=\"async\" aria-describedby=\"caption-attachment-31602\" class=\"wp-image-31602 size-large\" src=\"https:\/\/novakdjokovicfoundation.org\/wp-content\/uploads\/2021\/12\/51742147656_d896d7a102_k-1024x732.jpg\" alt=\"\" width=\"980\" height=\"701\" \/><\/a><p id=\"caption-attachment-31602\" class=\"wp-caption-text\"><em>Deda Mraz sti\u017ee u Leskovac! Jelena \u0110\u0090okovi\u0107 i ostatak NDF tima upoznali su mnogo novih drugara na ovom proputovanju.<\/em><\/p><\/div>\n<p><span style=\"font-weight: 400;\">Kompanije koje su podr\u017eale projekat su: Raspberry Plum Ltd., Integral Technic d.o.o., Jumbo Travel d.o.o., BIG TC, Imperijal d.o.o., Orbico d.o.o., Pertini d.o.o., Transfera d.o.o., Henkel Srbija d.o.o., Endava d.o.o., Clarivate d.o.o., JRJ Publishing House, Aksa d.o.o., ChipsWay d.o.o., zaposleni u Generali osiguranju Srbija d.o.o., Studio Glumionica i Pepsi Srbija.\u00a0<\/span><\/p>\n<div id=\"attachment_31606\" style=\"width: 990px\" class=\"wp-caption alignnone\"><a href=\"https:\/\/novakdjokovicfoundation.org\/wp-content\/uploads\/2021\/12\/51743089960_a5cc82067e_k.jpg\"><img loading=\"lazy\" decoding=\"async\" aria-describedby=\"caption-attachment-31606\" class=\"wp-image-31606 size-large\" src=\"https:\/\/novakdjokovicfoundation.org\/wp-content\/uploads\/2021\/12\/51743089960_a5cc82067e_k-1024x732.jpg\" alt=\"\" width=\"980\" height=\"701\" \/><\/a><p id=\"caption-attachment-31606\" class=\"wp-caption-text\"><em>Deda Mraz, karavan sre\u0107e i dobitnik paketi\u0107a vam \u0161alju puno novogodi\u0161njih pozdrava!<\/em><\/p><\/div>\n<p><span style=\"font-weight: 400;\">Fondacija ovih dana obilazi slede\u0107e op\u0161tine, odnosno gradove: <\/span><b>Ni\u0161, Vranje, Pirot, Leskovac, Prokuplje, Kur\u0161umlija, Vlasotince, Vladi\u010din Han, Bujanovac, Dimitrovgrad, Bela Palanka i Doljevac<\/b><span style=\"font-weight: 400;\">.\u00a0<\/span><\/p>\n<p><span style=\"font-weight: 400;\">Novak \u0110\u0090okovi\u0107 Fondacija <\/span><b><a href=\"https:\/\/novakdjokovicfoundation.org\/sr\/project\/novogodisnji-paketici\/\" target=\"_blank\" rel=\"noopener\">tradicionalno poma\u017ee<\/a> deci iz osetljivih dru\u0161tvenih grupa<\/b><span style=\"font-weight: 400;\"> u vreme novogodi\u0161njih i bo\u017ei\u0107nih praznika\u201d\u201ddeci u svrati\u0161tima i de\u010dijim bolnicama, deci bez roditeljskog staranja i u svrati\u0161tima, primaocima nov\u010dano socijalne pomo\u0107i, itd. Ove godine, 277 planiranih paketi\u0107a prera\u0161\u0107e u skoro 300 i barem na kratko ulep\u0161ati \u017eivote ove de\u010dice koja odrastaju u te\u0161kim materijalnim uslovima.\u00a0<\/span><\/p>\n<div id=\"attachment_31608\" style=\"width: 990px\" class=\"wp-caption alignnone\"><a href=\"https:\/\/novakdjokovicfoundation.org\/wp-content\/uploads\/2021\/12\/51742203671_6260441ddf_k.jpg\"><img loading=\"lazy\" decoding=\"async\" aria-describedby=\"caption-attachment-31608\" class=\"wp-image-31608 size-large\" src=\"https:\/\/novakdjokovicfoundation.org\/wp-content\/uploads\/2021\/12\/51742203671_6260441ddf_k-1024x732.jpg\" alt=\"\" width=\"980\" height=\"701\" \/><\/a><p id=\"caption-attachment-31608\" class=\"wp-caption-text\"><em>Pozdrav iz Vladi\u010dinog Hana!<\/em><\/p><\/div>\n<p><em><span style=\"font-weight: 400;\">Uporedo sa ovim projektom, Novak \u0110\u0090okovi\u0107 Fondacija realizuje kampanju <\/span><b>Sezona darivanja 2021.<\/b><span style=\"font-weight: 400;\"> u okviru koje se prikupljaju sredstva za otvaranje novog vrti\u0107a u Ni\u0161u u op\u0161tini Medijana, kapaciteta 100 mesta. Kampanju mo\u017eete podr\u017eati donacijom na sajtu <\/span><a href=\"https:\/\/fundraise.novakdjokovicfoundation.org\/campaign\/season-of-giving-2021\/c379680\"><span style=\"font-weight: 400;\">fundraise.novakdjokovicfoundation.org<\/span><\/a><span style=\"font-weight: 400;\"> ili slanjem <\/span><b>SMS-a sa tekstom \u201eNi\u0161\u201c na 2205<\/b><span style=\"font-weight: 400;\"> (cena poruke je 200 dinara i va\u017ei za sve mre\u017ee u Srbiji).<\/span><\/em><\/p>\n","protected":false},"excerpt":{"rendered":"<p>\u201eGde su radost i sre\u0107a, tu je ljubav ve\u0107a\u201c \u2013 Novak \u0110\u0090okovi\u0107 Fondacija je svojim karavanom sre\u0107e re\u0161ila da uo\u010di praznika obraduje 277 mali\u0161ana uzrasta 3 do 7 godina \u010dije [&hellip;]<\/p>\n","protected":false},"author":5,"featured_media":16914,"comment_status":"open","ping_status":"open","sticky":false,"template":"","format":"standard","meta":{"_acf_changed":false,"footnotes":""},"categories":[20,10,31],"tags":[1677,1618,1678],"class_list":["post-16913","post","type-post","status-publish","format-standard","has-post-thumbnail","hentry","category-blog-posts","category-rana-podrska","category-roditeljstvo","tag-karavan-srece","tag-novak-djokovic-fondacija","tag-novogodisnji-paketici"],"acf":[],"yoast_head":"<!-- This site is optimized with the Yoast SEO plugin v27.4 - https:\/\/yoast.com\/product\/yoast-seo-wordpress\/ -->\n<title>Karavan sre\u0107e Novak \u0110\u0090okovi\u0107 Fondacije i Deda Mraz dele novogodi\u0161nje paketi\u0107e mali\u0161anima u 12 op\u0161tina u Srbiji - Novak Djokovic Foundation<\/title>\n<meta name=\"robots\" content=\"index, follow, max-snippet:-1, max-image-preview:large, max-video-preview:-1\" \/>\n<link rel=\"canonical\" href=\"https:\/\/novakdjokovicfoundation.org\/sr\/novak-dokovic-fondacija-deli-paketice-u-12-opstina-u-srbiji\/\" \/>\n<meta property=\"og:locale\" content=\"sr_RS\" \/>\n<meta property=\"og:type\" content=\"article\" \/>\n<meta property=\"og:title\" content=\"Karavan sre\u0107e Novak \u0110\u0090okovi\u0107 Fondacije i Deda Mraz dele novogodi\u0161nje paketi\u0107e mali\u0161anima u 12 op\u0161tina u Srbiji - Novak Djokovic Foundation\" \/>\n<meta property=\"og:description\" content=\"\u201eGde su radost i sre\u0107a, tu je ljubav ve\u0107a\u201c \u2013 Novak \u0110\u0090okovi\u0107 Fondacija je svojim karavanom sre\u0107e re\u0161ila da uo\u010di praznika obraduje 277 mali\u0161ana uzrasta 3 do 7 godina \u010dije [&hellip;]\" \/>\n<meta property=\"og:url\" content=\"https:\/\/novakdjokovicfoundation.org\/sr\/novak-dokovic-fondacija-deli-paketice-u-12-opstina-u-srbiji\/\" \/>\n<meta property=\"og:site_name\" content=\"Novak Djokovic Foundation\" \/>\n<meta property=\"article:publisher\" content=\"https:\/\/www.facebook.com\/NovakDjokovicFoundation\" \/>\n<meta property=\"article:published_time\" content=\"2021-12-17T00:00:00+00:00\" \/>\n<meta property=\"article:modified_time\" content=\"2023-03-21T12:17:52+00:00\" \/>\n<meta property=\"og:image\" content=\"https:\/\/novakdjokovicfoundation.org\/wp-content\/uploads\/2023\/02\/51743093675_b2873de3fe_5k-scaled-1.jpg\" \/>\n\t<meta property=\"og:image:width\" content=\"2560\" \/>\n\t<meta property=\"og:image:height\" content=\"1828\" \/>\n\t<meta property=\"og:image:type\" content=\"image\/jpeg\" \/>\n<meta name=\"author\" content=\"NDFAuthors\" \/>\n<meta name=\"twitter:card\" content=\"summary_large_image\" \/>\n<meta name=\"twitter:creator\" content=\"@novakfoundation\" \/>\n<meta name=\"twitter:site\" content=\"@novakfoundation\" \/>\n<meta name=\"twitter:label1\" content=\"\u041d\u0430\u043f\u0438\u0441\u0430\u043d\u043e \u043e\u0434\" \/>\n\t<meta name=\"twitter:data1\" content=\"NDFAuthors\" \/>\n\t<meta name=\"twitter:label2\" content=\"\u041f\u0440\u043e\u0446\u0435\u045a\u0435\u043d\u043e \u0432\u0440\u0435\u043c\u0435 \u0447\u0438\u0442\u0430\u045a\u0430\" \/>\n\t<meta name=\"twitter:data2\" content=\"4 \u043c\u0438\u043d\u0443\u0442\u0430\" \/>\n<script type=\"application\/ld+json\" class=\"yoast-schema-graph\">{\"@context\":\"https:\\\/\\\/schema.org\",\"@graph\":[{\"@type\":\"Article\",\"@id\":\"https:\\\/\\\/novakdjokovicfoundation.org\\\/sr\\\/novak-dokovic-fondacija-deli-paketice-u-12-opstina-u-srbiji\\\/#article\",\"isPartOf\":{\"@id\":\"https:\\\/\\\/novakdjokovicfoundation.org\\\/sr\\\/novak-dokovic-fondacija-deli-paketice-u-12-opstina-u-srbiji\\\/\"},\"author\":{\"name\":\"NDFAuthors\",\"@id\":\"https:\\\/\\\/novakdjokovicfoundation.org\\\/#\\\/schema\\\/person\\\/92d439ce9f161db2227d88016babb26d\"},\"headline\":\"Karavan sre\u0107e Novak \u0110\u0090okovi\u0107 Fondacije i Deda Mraz dele novogodi\u0161nje paketi\u0107e mali\u0161anima u 12 op\u0161tina u Srbiji\",\"datePublished\":\"2021-12-17T00:00:00+00:00\",\"dateModified\":\"2023-03-21T12:17:52+00:00\",\"mainEntityOfPage\":{\"@id\":\"https:\\\/\\\/novakdjokovicfoundation.org\\\/sr\\\/novak-dokovic-fondacija-deli-paketice-u-12-opstina-u-srbiji\\\/\"},\"wordCount\":724,\"commentCount\":0,\"publisher\":{\"@id\":\"https:\\\/\\\/novakdjokovicfoundation.org\\\/#organization\"},\"image\":{\"@id\":\"https:\\\/\\\/novakdjokovicfoundation.org\\\/sr\\\/novak-dokovic-fondacija-deli-paketice-u-12-opstina-u-srbiji\\\/#primaryimage\"},\"thumbnailUrl\":\"https:\\\/\\\/novakdjokovicfoundation.org\\\/wp-content\\\/uploads\\\/2023\\\/02\\\/51743093675_b2873de3fe_5k-scaled-1.jpg\",\"keywords\":[\"karavan sre\u0107e\",\"Novak \u0110\u0090okovi\u0107 fondacija\",\"novogodi\u0161nji paketi\u0107i\"],\"articleSection\":[\"Blog posts\",\"Rana podr\u0161ka\",\"Roditeljstvo\"],\"inLanguage\":\"sr-RS\",\"potentialAction\":[{\"@type\":\"CommentAction\",\"name\":\"Comment\",\"target\":[\"https:\\\/\\\/novakdjokovicfoundation.org\\\/sr\\\/novak-dokovic-fondacija-deli-paketice-u-12-opstina-u-srbiji\\\/#respond\"]}]},{\"@type\":\"WebPage\",\"@id\":\"https:\\\/\\\/novakdjokovicfoundation.org\\\/sr\\\/novak-dokovic-fondacija-deli-paketice-u-12-opstina-u-srbiji\\\/\",\"url\":\"https:\\\/\\\/novakdjokovicfoundation.org\\\/sr\\\/novak-dokovic-fondacija-deli-paketice-u-12-opstina-u-srbiji\\\/\",\"name\":\"Karavan sre\u0107e Novak \u0110\u0090okovi\u0107 Fondacije i Deda Mraz dele novogodi\u0161nje paketi\u0107e mali\u0161anima u 12 op\u0161tina u Srbiji - Novak Djokovic Foundation\",\"isPartOf\":{\"@id\":\"https:\\\/\\\/novakdjokovicfoundation.org\\\/#website\"},\"primaryImageOfPage\":{\"@id\":\"https:\\\/\\\/novakdjokovicfoundation.org\\\/sr\\\/novak-dokovic-fondacija-deli-paketice-u-12-opstina-u-srbiji\\\/#primaryimage\"},\"image\":{\"@id\":\"https:\\\/\\\/novakdjokovicfoundation.org\\\/sr\\\/novak-dokovic-fondacija-deli-paketice-u-12-opstina-u-srbiji\\\/#primaryimage\"},\"thumbnailUrl\":\"https:\\\/\\\/novakdjokovicfoundation.org\\\/wp-content\\\/uploads\\\/2023\\\/02\\\/51743093675_b2873de3fe_5k-scaled-1.jpg\",\"datePublished\":\"2021-12-17T00:00:00+00:00\",\"dateModified\":\"2023-03-21T12:17:52+00:00\",\"breadcrumb\":{\"@id\":\"https:\\\/\\\/novakdjokovicfoundation.org\\\/sr\\\/novak-dokovic-fondacija-deli-paketice-u-12-opstina-u-srbiji\\\/#breadcrumb\"},\"inLanguage\":\"sr-RS\",\"potentialAction\":[{\"@type\":\"ReadAction\",\"target\":[\"https:\\\/\\\/novakdjokovicfoundation.org\\\/sr\\\/novak-dokovic-fondacija-deli-paketice-u-12-opstina-u-srbiji\\\/\"]}]},{\"@type\":\"ImageObject\",\"inLanguage\":\"sr-RS\",\"@id\":\"https:\\\/\\\/novakdjokovicfoundation.org\\\/sr\\\/novak-dokovic-fondacija-deli-paketice-u-12-opstina-u-srbiji\\\/#primaryimage\",\"url\":\"https:\\\/\\\/novakdjokovicfoundation.org\\\/wp-content\\\/uploads\\\/2023\\\/02\\\/51743093675_b2873de3fe_5k-scaled-1.jpg\",\"contentUrl\":\"https:\\\/\\\/novakdjokovicfoundation.org\\\/wp-content\\\/uploads\\\/2023\\\/02\\\/51743093675_b2873de3fe_5k-scaled-1.jpg\",\"width\":2560,\"height\":1828},{\"@type\":\"BreadcrumbList\",\"@id\":\"https:\\\/\\\/novakdjokovicfoundation.org\\\/sr\\\/novak-dokovic-fondacija-deli-paketice-u-12-opstina-u-srbiji\\\/#breadcrumb\",\"itemListElement\":[{\"@type\":\"ListItem\",\"position\":1,\"name\":\"Home\",\"item\":\"https:\\\/\\\/novakdjokovicfoundation.org\\\/sr\\\/\"},{\"@type\":\"ListItem\",\"position\":2,\"name\":\"Karavan sre\u0107e Novak \u0110\u0090okovi\u0107 Fondacije i Deda Mraz dele novogodi\u0161nje paketi\u0107e mali\u0161anima u 12 op\u0161tina u Srbiji\"}]},{\"@type\":\"WebSite\",\"@id\":\"https:\\\/\\\/novakdjokovicfoundation.org\\\/#website\",\"url\":\"https:\\\/\\\/novakdjokovicfoundation.org\\\/\",\"name\":\"Novak Djokovic Foundation\",\"description\":\"Believe in their dreams\",\"publisher\":{\"@id\":\"https:\\\/\\\/novakdjokovicfoundation.org\\\/#organization\"},\"potentialAction\":[{\"@type\":\"SearchAction\",\"target\":{\"@type\":\"EntryPoint\",\"urlTemplate\":\"https:\\\/\\\/novakdjokovicfoundation.org\\\/?s={search_term_string}\"},\"query-input\":{\"@type\":\"PropertyValueSpecification\",\"valueRequired\":true,\"valueName\":\"search_term_string\"}}],\"inLanguage\":\"sr-RS\"},{\"@type\":\"Organization\",\"@id\":\"https:\\\/\\\/novakdjokovicfoundation.org\\\/#organization\",\"name\":\"Novak Djokovic Foundation\",\"url\":\"https:\\\/\\\/novakdjokovicfoundation.org\\\/\",\"logo\":{\"@type\":\"ImageObject\",\"inLanguage\":\"sr-RS\",\"@id\":\"https:\\\/\\\/novakdjokovicfoundation.org\\\/#\\\/schema\\\/logo\\\/image\\\/\",\"url\":\"https:\\\/\\\/novakdjokovicfoundation.org\\\/wp-content\\\/uploads\\\/2024\\\/12\\\/NDF_Logo_BLUE.svg\",\"contentUrl\":\"https:\\\/\\\/novakdjokovicfoundation.org\\\/wp-content\\\/uploads\\\/2024\\\/12\\\/NDF_Logo_BLUE.svg\",\"width\":1,\"height\":1,\"caption\":\"Novak Djokovic Foundation\"},\"image\":{\"@id\":\"https:\\\/\\\/novakdjokovicfoundation.org\\\/#\\\/schema\\\/logo\\\/image\\\/\"},\"sameAs\":[\"https:\\\/\\\/www.facebook.com\\\/NovakDjokovicFoundation\",\"https:\\\/\\\/x.com\\\/novakfoundation\",\"https:\\\/\\\/www.instagram.com\\\/novakfoundation\"]},{\"@type\":\"Person\",\"@id\":\"https:\\\/\\\/novakdjokovicfoundation.org\\\/#\\\/schema\\\/person\\\/92d439ce9f161db2227d88016babb26d\",\"name\":\"NDFAuthors\",\"image\":{\"@type\":\"ImageObject\",\"inLanguage\":\"sr-RS\",\"@id\":\"https:\\\/\\\/secure.gravatar.com\\\/avatar\\\/a56dea238b3a98b3408ef9bffaa7226d71ec06e401c449ab94453fa6c470ef8c?s=96&d=mm&r=g\",\"url\":\"https:\\\/\\\/secure.gravatar.com\\\/avatar\\\/a56dea238b3a98b3408ef9bffaa7226d71ec06e401c449ab94453fa6c470ef8c?s=96&d=mm&r=g\",\"contentUrl\":\"https:\\\/\\\/secure.gravatar.com\\\/avatar\\\/a56dea238b3a98b3408ef9bffaa7226d71ec06e401c449ab94453fa6c470ef8c?s=96&d=mm&r=g\",\"caption\":\"NDFAuthors\"},\"url\":\"https:\\\/\\\/novakdjokovicfoundation.org\\\/sr\\\/author\\\/ndfauthors\\\/\"}]}<\/script>\n<!-- \/ Yoast SEO plugin. -->","yoast_head_json":{"title":"Karavan sre\u0107e Novak \u0110\u0090okovi\u0107 Fondacije i Deda Mraz dele novogodi\u0161nje paketi\u0107e mali\u0161anima u 12 op\u0161tina u Srbiji - Novak Djokovic Foundation","robots":{"index":"index","follow":"follow","max-snippet":"max-snippet:-1","max-image-preview":"max-image-preview:large","max-video-preview":"max-video-preview:-1"},"canonical":"https:\/\/novakdjokovicfoundation.org\/sr\/novak-dokovic-fondacija-deli-paketice-u-12-opstina-u-srbiji\/","og_locale":"sr_RS","og_type":"article","og_title":"Karavan sre\u0107e Novak \u0110\u0090okovi\u0107 Fondacije i Deda Mraz dele novogodi\u0161nje paketi\u0107e mali\u0161anima u 12 op\u0161tina u Srbiji - Novak Djokovic Foundation","og_description":"\u201eGde su radost i sre\u0107a, tu je ljubav ve\u0107a\u201c \u2013 Novak \u0110\u0090okovi\u0107 Fondacija je svojim karavanom sre\u0107e re\u0161ila da uo\u010di praznika obraduje 277 mali\u0161ana uzrasta 3 do 7 godina \u010dije [&hellip;]","og_url":"https:\/\/novakdjokovicfoundation.org\/sr\/novak-dokovic-fondacija-deli-paketice-u-12-opstina-u-srbiji\/","og_site_name":"Novak Djokovic Foundation","article_publisher":"https:\/\/www.facebook.com\/NovakDjokovicFoundation","article_published_time":"2021-12-17T00:00:00+00:00","article_modified_time":"2023-03-21T12:17:52+00:00","og_image":[{"width":2560,"height":1828,"url":"https:\/\/novakdjokovicfoundation.org\/wp-content\/uploads\/2023\/02\/51743093675_b2873de3fe_5k-scaled-1.jpg","type":"image\/jpeg"}],"author":"NDFAuthors","twitter_card":"summary_large_image","twitter_creator":"@novakfoundation","twitter_site":"@novakfoundation","twitter_misc":{"\u041d\u0430\u043f\u0438\u0441\u0430\u043d\u043e \u043e\u0434":"NDFAuthors","\u041f\u0440\u043e\u0446\u0435\u045a\u0435\u043d\u043e \u0432\u0440\u0435\u043c\u0435 \u0447\u0438\u0442\u0430\u045a\u0430":"4 \u043c\u0438\u043d\u0443\u0442\u0430"},"schema":{"@context":"https:\/\/schema.org","@graph":[{"@type":"Article","@id":"https:\/\/novakdjokovicfoundation.org\/sr\/novak-dokovic-fondacija-deli-paketice-u-12-opstina-u-srbiji\/#article","isPartOf":{"@id":"https:\/\/novakdjokovicfoundation.org\/sr\/novak-dokovic-fondacija-deli-paketice-u-12-opstina-u-srbiji\/"},"author":{"name":"NDFAuthors","@id":"https:\/\/novakdjokovicfoundation.org\/#\/schema\/person\/92d439ce9f161db2227d88016babb26d"},"headline":"Karavan sre\u0107e Novak \u0110\u0090okovi\u0107 Fondacije i Deda Mraz dele novogodi\u0161nje paketi\u0107e mali\u0161anima u 12 op\u0161tina u Srbiji","datePublished":"2021-12-17T00:00:00+00:00","dateModified":"2023-03-21T12:17:52+00:00","mainEntityOfPage":{"@id":"https:\/\/novakdjokovicfoundation.org\/sr\/novak-dokovic-fondacija-deli-paketice-u-12-opstina-u-srbiji\/"},"wordCount":724,"commentCount":0,"publisher":{"@id":"https:\/\/novakdjokovicfoundation.org\/#organization"},"image":{"@id":"https:\/\/novakdjokovicfoundation.org\/sr\/novak-dokovic-fondacija-deli-paketice-u-12-opstina-u-srbiji\/#primaryimage"},"thumbnailUrl":"https:\/\/novakdjokovicfoundation.org\/wp-content\/uploads\/2023\/02\/51743093675_b2873de3fe_5k-scaled-1.jpg","keywords":["karavan sre\u0107e","Novak \u0110\u0090okovi\u0107 fondacija","novogodi\u0161nji paketi\u0107i"],"articleSection":["Blog posts","Rana podr\u0161ka","Roditeljstvo"],"inLanguage":"sr-RS","potentialAction":[{"@type":"CommentAction","name":"Comment","target":["https:\/\/novakdjokovicfoundation.org\/sr\/novak-dokovic-fondacija-deli-paketice-u-12-opstina-u-srbiji\/#respond"]}]},{"@type":"WebPage","@id":"https:\/\/novakdjokovicfoundation.org\/sr\/novak-dokovic-fondacija-deli-paketice-u-12-opstina-u-srbiji\/","url":"https:\/\/novakdjokovicfoundation.org\/sr\/novak-dokovic-fondacija-deli-paketice-u-12-opstina-u-srbiji\/","name":"Karavan sre\u0107e Novak \u0110\u0090okovi\u0107 Fondacije i Deda Mraz dele novogodi\u0161nje paketi\u0107e mali\u0161anima u 12 op\u0161tina u Srbiji - Novak Djokovic Foundation","isPartOf":{"@id":"https:\/\/novakdjokovicfoundation.org\/#website"},"primaryImageOfPage":{"@id":"https:\/\/novakdjokovicfoundation.org\/sr\/novak-dokovic-fondacija-deli-paketice-u-12-opstina-u-srbiji\/#primaryimage"},"image":{"@id":"https:\/\/novakdjokovicfoundation.org\/sr\/novak-dokovic-fondacija-deli-paketice-u-12-opstina-u-srbiji\/#primaryimage"},"thumbnailUrl":"https:\/\/novakdjokovicfoundation.org\/wp-content\/uploads\/2023\/02\/51743093675_b2873de3fe_5k-scaled-1.jpg","datePublished":"2021-12-17T00:00:00+00:00","dateModified":"2023-03-21T12:17:52+00:00","breadcrumb":{"@id":"https:\/\/novakdjokovicfoundation.org\/sr\/novak-dokovic-fondacija-deli-paketice-u-12-opstina-u-srbiji\/#breadcrumb"},"inLanguage":"sr-RS","potentialAction":[{"@type":"ReadAction","target":["https:\/\/novakdjokovicfoundation.org\/sr\/novak-dokovic-fondacija-deli-paketice-u-12-opstina-u-srbiji\/"]}]},{"@type":"ImageObject","inLanguage":"sr-RS","@id":"https:\/\/novakdjokovicfoundation.org\/sr\/novak-dokovic-fondacija-deli-paketice-u-12-opstina-u-srbiji\/#primaryimage","url":"https:\/\/novakdjokovicfoundation.org\/wp-content\/uploads\/2023\/02\/51743093675_b2873de3fe_5k-scaled-1.jpg","contentUrl":"https:\/\/novakdjokovicfoundation.org\/wp-content\/uploads\/2023\/02\/51743093675_b2873de3fe_5k-scaled-1.jpg","width":2560,"height":1828},{"@type":"BreadcrumbList","@id":"https:\/\/novakdjokovicfoundation.org\/sr\/novak-dokovic-fondacija-deli-paketice-u-12-opstina-u-srbiji\/#breadcrumb","itemListElement":[{"@type":"ListItem","position":1,"name":"Home","item":"https:\/\/novakdjokovicfoundation.org\/sr\/"},{"@type":"ListItem","position":2,"name":"Karavan sre\u0107e Novak \u0110\u0090okovi\u0107 Fondacije i Deda Mraz dele novogodi\u0161nje paketi\u0107e mali\u0161anima u 12 op\u0161tina u Srbiji"}]},{"@type":"WebSite","@id":"https:\/\/novakdjokovicfoundation.org\/#website","url":"https:\/\/novakdjokovicfoundation.org\/","name":"Novak Djokovic Foundation","description":"Believe in their dreams","publisher":{"@id":"https:\/\/novakdjokovicfoundation.org\/#organization"},"potentialAction":[{"@type":"SearchAction","target":{"@type":"EntryPoint","urlTemplate":"https:\/\/novakdjokovicfoundation.org\/?s={search_term_string}"},"query-input":{"@type":"PropertyValueSpecification","valueRequired":true,"valueName":"search_term_string"}}],"inLanguage":"sr-RS"},{"@type":"Organization","@id":"https:\/\/novakdjokovicfoundation.org\/#organization","name":"Novak Djokovic Foundation","url":"https:\/\/novakdjokovicfoundation.org\/","logo":{"@type":"ImageObject","inLanguage":"sr-RS","@id":"https:\/\/novakdjokovicfoundation.org\/#\/schema\/logo\/image\/","url":"https:\/\/novakdjokovicfoundation.org\/wp-content\/uploads\/2024\/12\/NDF_Logo_BLUE.svg","contentUrl":"https:\/\/novakdjokovicfoundation.org\/wp-content\/uploads\/2024\/12\/NDF_Logo_BLUE.svg","width":1,"height":1,"caption":"Novak Djokovic Foundation"},"image":{"@id":"https:\/\/novakdjokovicfoundation.org\/#\/schema\/logo\/image\/"},"sameAs":["https:\/\/www.facebook.com\/NovakDjokovicFoundation","https:\/\/x.com\/novakfoundation","https:\/\/www.instagram.com\/novakfoundation"]},{"@type":"Person","@id":"https:\/\/novakdjokovicfoundation.org\/#\/schema\/person\/92d439ce9f161db2227d88016babb26d","name":"NDFAuthors","image":{"@type":"ImageObject","inLanguage":"sr-RS","@id":"https:\/\/secure.gravatar.com\/avatar\/a56dea238b3a98b3408ef9bffaa7226d71ec06e401c449ab94453fa6c470ef8c?s=96&d=mm&r=g","url":"https:\/\/secure.gravatar.com\/avatar\/a56dea238b3a98b3408ef9bffaa7226d71ec06e401c449ab94453fa6c470ef8c?s=96&d=mm&r=g","contentUrl":"https:\/\/secure.gravatar.com\/avatar\/a56dea238b3a98b3408ef9bffaa7226d71ec06e401c449ab94453fa6c470ef8c?s=96&d=mm&r=g","caption":"NDFAuthors"},"url":"https:\/\/novakdjokovicfoundation.org\/sr\/author\/ndfauthors\/"}]}},"_links":{"self":[{"href":"https:\/\/novakdjokovicfoundation.org\/sr\/wp-json\/wp\/v2\/posts\/16913","targetHints":{"allow":["GET"]}}],"collection":[{"href":"https:\/\/novakdjokovicfoundation.org\/sr\/wp-json\/wp\/v2\/posts"}],"about":[{"href":"https:\/\/novakdjokovicfoundation.org\/sr\/wp-json\/wp\/v2\/types\/post"}],"author":[{"embeddable":true,"href":"https:\/\/novakdjokovicfoundation.org\/sr\/wp-json\/wp\/v2\/users\/5"}],"replies":[{"embeddable":true,"href":"https:\/\/novakdjokovicfoundation.org\/sr\/wp-json\/wp\/v2\/comments?post=16913"}],"version-history":[{"count":1,"href":"https:\/\/novakdjokovicfoundation.org\/sr\/wp-json\/wp\/v2\/posts\/16913\/revisions"}],"predecessor-version":[{"id":17218,"href":"https:\/\/novakdjokovicfoundation.org\/sr\/wp-json\/wp\/v2\/posts\/16913\/revisions\/17218"}],"wp:featuredmedia":[{"embeddable":true,"href":"https:\/\/novakdjokovicfoundation.org\/sr\/wp-json\/wp\/v2\/media\/16914"}],"wp:attachment":[{"href":"https:\/\/novakdjokovicfoundation.org\/sr\/wp-json\/wp\/v2\/media?parent=16913"}],"wp:term":[{"taxonomy":"category","embeddable":true,"href":"https:\/\/novakdjokovicfoundation.org\/sr\/wp-json\/wp\/v2\/categories?post=16913"},{"taxonomy":"post_tag","embeddable":true,"href":"https:\/\/novakdjokovicfoundation.org\/sr\/wp-json\/wp\/v2\/tags?post=16913"}],"curies":[{"name":"wp","href":"https:\/\/api.w.org\/{rel}","templated":true}]}}