{"id":16907,"date":"2021-11-20T00:00:00","date_gmt":"2021-11-20T00:00:00","guid":{"rendered":"https:\/\/novakdjokovicfoundation.org\/novak-dokovic-fondacija-dobila-nagradu-za-etiku\/"},"modified":"2023-03-21T12:17:53","modified_gmt":"2023-03-21T12:17:53","slug":"novak-dokovic-fondacija-dobila-nagradu-za-etiku","status":"publish","type":"post","link":"https:\/\/novakdjokovicfoundation.org\/sr\/novak-dokovic-fondacija-dobila-nagradu-za-etiku\/","title":{"rendered":"Novak \u0110\u0090okovi\u0107 Fondacija dobila me\u0111unarodnu nagradu za etiku na festivalu u Milanu"},"content":{"rendered":"<p class=\"lead storyMainLead\"><strong>U Muzeju ADI Design u Milanu odr\u017ean je Festival etike 2021. Festival je organizovalo Udru\u017eenje pod nazivom <a href=\"https:\/\/www.associazioneplana.it\/\" target=\"_blank\" rel=\"noopener\">Associazione Culturale Plana<\/a>, koje, izme\u0111u ostalog, za cilj ima da oda priznanje ljudima i organizacijama \u010dije aktivnosti reflektuju dru\u0161tvenu i eti\u010dku posve\u0107enost napretku i promenama u sopstvenim okru\u017eenjima. Novaka \u0110\u0090okovi\u0107 Fondacija dobila je nagradu koja nosi naziv <a href=\"https:\/\/www.vistosi.com\/media\/news\/etico\/ethical-award-3%C2%B0-edizione.html\" target=\"_blank\" rel=\"noopener\">Etico Ethical Award<\/a>, za eti\u010dki pristup i izuzetan doprinos ranom obrazovanju u Srbiji.<\/strong><\/p>\n<div id=\"text\">\n<div id=\"story-text\">\n<p>Prethodne sedmice, Novak \u0110\u0090okovi\u0107 je imao zgusnut raspored na severu Italije \u2013 kako u Pijemontu, tako i u Lombardiji. I dok je zavr\u0161ni Masters turnir u Torinu ulazio u finalnu fazu, Novak \u0110\u0090okovi\u0107 Fondacija ponela je jo\u0161 jedno va\u017eno me\u0111unarodno priznanje, a to je Etico Ethical nagrada koja je prepoznala zna\u010daj ulaganja u rani razvoj na teritoriji Republike Srbije.<\/p>\n<div id=\"attachment_31396\" style=\"width: 2570px\" class=\"wp-caption alignnone\"><a href=\"https:\/\/novakdjokovicfoundation.org\/wp-content\/uploads\/2021\/11\/48858701538_f48ecec734_o-scaled.jpg\"><img loading=\"lazy\" decoding=\"async\" aria-describedby=\"caption-attachment-31396\" class=\"wp-image-31396 size-full\" src=\"https:\/\/novakdjokovicfoundation.org\/wp-content\/uploads\/2021\/11\/48858701538_f48ecec734_o-scaled.jpg\" alt=\"\" width=\"2560\" height=\"1707\" \/><\/a><p id=\"caption-attachment-31396\" class=\"wp-caption-text\"><em>Novak \u0110\u0090okovi\u0107 u dru\u0161tvu dece.<\/em><\/p><\/div>\n<p>Ser\u0111o Kosta, osniva\u010d kulturnog udru\u017eenja Plana, veliki po\u0161tovalac lika i dela Novaka \u0110\u0090okovi\u0107a, naro\u010dito je pohvalio skromnost najboljeg svetskog tensera, navode\u0107i kao primer \u010dinjenicu da je za vreme prvog talasa pandemije <a href=\"https:\/\/novakdjokovicfoundation.org\/sr\/press-center\/novosti-i-informacije\/urucen-skener-najnovije-generacije-klinicko-bolnickom-centru-dragisa-misovic\/\" target=\"_blank\" rel=\"noopener\">Covid-19<\/a> \u0110\u0090okovi\u0107 pomogao bolnicu u Bergamu zna\u010dajnom nov\u010danom donacijom, a da pritom nije \u017eeleo da se o tome javno govori. Iako je izostao sa sve\u010danosti iz opravdanih razloga, Novak \u0110\u0090okovi\u0107 je poslao pismo u kome se zahvaljuje na dodeljenoj nagradi, apostrofiraju\u0107i tom prilikom davanje i nesebi\u010dnost kao klju\u010dne ljudske vrednosti, kao i zahvalnost i pripadnost koju ose\u0107a prema italijanksom narodu.<\/p>\n<p>U pismu, \u0110\u0090okovi\u0107 je posebno pohvalio rad zaposlenih u Fondaciji, za koje je rekao da se zala\u017eu za iste vrednosti i da marljivo rade kako bi stvorili bolju budu\u0107nost za dolaze\u0107e generacije. Tako\u0111e se zahvalio mno\u0161tvu partnera i donatora sa kojima Fondacija uspe\u0161no sara\u0111uje dugi niz godina.<\/p>\n<blockquote><p><em>\u201e<strong>Ne postoji ni\u0161ta lep\u0161e od pomo\u0107i drugima. Ovo je vrednost koju sam poku\u0161ao da razumem i primenjujem od malena, a kasnije, zahvaljuju\u0107i neprestanoj podr\u0161ci moje porodice, kao i platforme koju mi je omogu\u0107io tenis, ova vrednost se pretvorila u strast vrednu borbe i truda. <\/strong><\/em><\/p>\n<p><em>&#8212;&#8212;&#8212;-<\/em><\/p>\n<p><em><strong>Naposletku, ali ne i najmanje va\u017eno, \u017eeleo bih da se zahvalim italijanksom narodu na neverovatnoj podr\u0161ci tokom svih ovih godina. Ovde sam se uvek ose\u0107ao kao kod svoje ku\u0107e. To \u0161to ova nagrada dolazi od jednog italijanskog udru\u017eenja \u010dini da mi bude jo\u0161 dra\u017ea i bli\u017ea srcu<\/strong>,<\/em>\u201c napisao je, izme\u0111u ostalog, \u0110\u0090okovi\u0107.<\/p><\/blockquote>\n<p>Ceo tim Novak \u0110\u0090okovi\u0107 Fondacije se tako\u0111e zahvaljuje na ukazanom priznanju, a svom osniva\u010du \u017eeli puno sre\u0107e u ostatku sezone!<\/p>\n<\/div>\n<\/div>\n","protected":false},"excerpt":{"rendered":"<p>U Muzeju ADI Design u Milanu odr\u017ean je Festival etike 2021. Festival je organizovalo Udru\u017eenje pod nazivom Associazione Culturale Plana, koje, izme\u0111u ostalog, za cilj ima da oda priznanje ljudima [&hellip;]<\/p>\n","protected":false},"author":5,"featured_media":13834,"comment_status":"open","ping_status":"open","sticky":false,"template":"","format":"standard","meta":{"_acf_changed":false,"footnotes":""},"categories":[20,10,31],"tags":[],"class_list":["post-16907","post","type-post","status-publish","format-standard","has-post-thumbnail","hentry","category-blog-posts","category-rana-podrska","category-roditeljstvo"],"acf":[],"yoast_head":"<!-- This site is optimized with the Yoast SEO plugin v27.4 - https:\/\/yoast.com\/product\/yoast-seo-wordpress\/ -->\n<title>Novak \u0110\u0090okovi\u0107 Fondacija dobila me\u0111unarodnu nagradu za etiku na festivalu u Milanu - Novak Djokovic Foundation<\/title>\n<meta name=\"robots\" content=\"index, follow, max-snippet:-1, max-image-preview:large, max-video-preview:-1\" \/>\n<link rel=\"canonical\" href=\"https:\/\/novakdjokovicfoundation.org\/sr\/novak-dokovic-fondacija-dobila-nagradu-za-etiku\/\" \/>\n<meta property=\"og:locale\" content=\"sr_RS\" \/>\n<meta property=\"og:type\" content=\"article\" \/>\n<meta property=\"og:title\" content=\"Novak \u0110\u0090okovi\u0107 Fondacija dobila me\u0111unarodnu nagradu za etiku na festivalu u Milanu - Novak Djokovic Foundation\" \/>\n<meta property=\"og:description\" content=\"U Muzeju ADI Design u Milanu odr\u017ean je Festival etike 2021. Festival je organizovalo Udru\u017eenje pod nazivom Associazione Culturale Plana, koje, izme\u0111u ostalog, za cilj ima da oda priznanje ljudima [&hellip;]\" \/>\n<meta property=\"og:url\" content=\"https:\/\/novakdjokovicfoundation.org\/sr\/novak-dokovic-fondacija-dobila-nagradu-za-etiku\/\" \/>\n<meta property=\"og:site_name\" content=\"Novak Djokovic Foundation\" \/>\n<meta property=\"article:publisher\" content=\"https:\/\/www.facebook.com\/NovakDjokovicFoundation\" \/>\n<meta property=\"article:published_time\" content=\"2021-11-20T00:00:00+00:00\" \/>\n<meta property=\"article:modified_time\" content=\"2023-03-21T12:17:53+00:00\" \/>\n<meta property=\"og:image\" content=\"https:\/\/novakdjokovicfoundation.org\/wp-content\/uploads\/2023\/02\/46555744504_970072dbed_o-scaled-1.jpg\" \/>\n\t<meta property=\"og:image:width\" content=\"2560\" \/>\n\t<meta property=\"og:image:height\" content=\"1707\" \/>\n\t<meta property=\"og:image:type\" content=\"image\/jpeg\" \/>\n<meta name=\"author\" content=\"NDFAuthors\" \/>\n<meta name=\"twitter:card\" content=\"summary_large_image\" \/>\n<meta name=\"twitter:creator\" content=\"@novakfoundation\" \/>\n<meta name=\"twitter:site\" content=\"@novakfoundation\" \/>\n<meta name=\"twitter:label1\" content=\"\u041d\u0430\u043f\u0438\u0441\u0430\u043d\u043e \u043e\u0434\" \/>\n\t<meta name=\"twitter:data1\" content=\"NDFAuthors\" \/>\n\t<meta name=\"twitter:label2\" content=\"\u041f\u0440\u043e\u0446\u0435\u045a\u0435\u043d\u043e \u0432\u0440\u0435\u043c\u0435 \u0447\u0438\u0442\u0430\u045a\u0430\" \/>\n\t<meta name=\"twitter:data2\" content=\"2 \u043c\u0438\u043d\u0443\u0442\u0430\" \/>\n<script type=\"application\/ld+json\" class=\"yoast-schema-graph\">{\"@context\":\"https:\\\/\\\/schema.org\",\"@graph\":[{\"@type\":\"Article\",\"@id\":\"https:\\\/\\\/novakdjokovicfoundation.org\\\/sr\\\/novak-dokovic-fondacija-dobila-nagradu-za-etiku\\\/#article\",\"isPartOf\":{\"@id\":\"https:\\\/\\\/novakdjokovicfoundation.org\\\/sr\\\/novak-dokovic-fondacija-dobila-nagradu-za-etiku\\\/\"},\"author\":{\"name\":\"NDFAuthors\",\"@id\":\"https:\\\/\\\/novakdjokovicfoundation.org\\\/#\\\/schema\\\/person\\\/92d439ce9f161db2227d88016babb26d\"},\"headline\":\"Novak \u0110\u0090okovi\u0107 Fondacija dobila me\u0111unarodnu nagradu za etiku na festivalu u Milanu\",\"datePublished\":\"2021-11-20T00:00:00+00:00\",\"dateModified\":\"2023-03-21T12:17:53+00:00\",\"mainEntityOfPage\":{\"@id\":\"https:\\\/\\\/novakdjokovicfoundation.org\\\/sr\\\/novak-dokovic-fondacija-dobila-nagradu-za-etiku\\\/\"},\"wordCount\":455,\"commentCount\":0,\"publisher\":{\"@id\":\"https:\\\/\\\/novakdjokovicfoundation.org\\\/#organization\"},\"image\":{\"@id\":\"https:\\\/\\\/novakdjokovicfoundation.org\\\/sr\\\/novak-dokovic-fondacija-dobila-nagradu-za-etiku\\\/#primaryimage\"},\"thumbnailUrl\":\"https:\\\/\\\/novakdjokovicfoundation.org\\\/wp-content\\\/uploads\\\/2023\\\/02\\\/46555744504_970072dbed_o-scaled-1.jpg\",\"articleSection\":[\"Blog posts\",\"Rana podr\u0161ka\",\"Roditeljstvo\"],\"inLanguage\":\"sr-RS\",\"potentialAction\":[{\"@type\":\"CommentAction\",\"name\":\"Comment\",\"target\":[\"https:\\\/\\\/novakdjokovicfoundation.org\\\/sr\\\/novak-dokovic-fondacija-dobila-nagradu-za-etiku\\\/#respond\"]}]},{\"@type\":\"WebPage\",\"@id\":\"https:\\\/\\\/novakdjokovicfoundation.org\\\/sr\\\/novak-dokovic-fondacija-dobila-nagradu-za-etiku\\\/\",\"url\":\"https:\\\/\\\/novakdjokovicfoundation.org\\\/sr\\\/novak-dokovic-fondacija-dobila-nagradu-za-etiku\\\/\",\"name\":\"Novak \u0110\u0090okovi\u0107 Fondacija dobila me\u0111unarodnu nagradu za etiku na festivalu u Milanu - Novak Djokovic Foundation\",\"isPartOf\":{\"@id\":\"https:\\\/\\\/novakdjokovicfoundation.org\\\/#website\"},\"primaryImageOfPage\":{\"@id\":\"https:\\\/\\\/novakdjokovicfoundation.org\\\/sr\\\/novak-dokovic-fondacija-dobila-nagradu-za-etiku\\\/#primaryimage\"},\"image\":{\"@id\":\"https:\\\/\\\/novakdjokovicfoundation.org\\\/sr\\\/novak-dokovic-fondacija-dobila-nagradu-za-etiku\\\/#primaryimage\"},\"thumbnailUrl\":\"https:\\\/\\\/novakdjokovicfoundation.org\\\/wp-content\\\/uploads\\\/2023\\\/02\\\/46555744504_970072dbed_o-scaled-1.jpg\",\"datePublished\":\"2021-11-20T00:00:00+00:00\",\"dateModified\":\"2023-03-21T12:17:53+00:00\",\"breadcrumb\":{\"@id\":\"https:\\\/\\\/novakdjokovicfoundation.org\\\/sr\\\/novak-dokovic-fondacija-dobila-nagradu-za-etiku\\\/#breadcrumb\"},\"inLanguage\":\"sr-RS\",\"potentialAction\":[{\"@type\":\"ReadAction\",\"target\":[\"https:\\\/\\\/novakdjokovicfoundation.org\\\/sr\\\/novak-dokovic-fondacija-dobila-nagradu-za-etiku\\\/\"]}]},{\"@type\":\"ImageObject\",\"inLanguage\":\"sr-RS\",\"@id\":\"https:\\\/\\\/novakdjokovicfoundation.org\\\/sr\\\/novak-dokovic-fondacija-dobila-nagradu-za-etiku\\\/#primaryimage\",\"url\":\"https:\\\/\\\/novakdjokovicfoundation.org\\\/wp-content\\\/uploads\\\/2023\\\/02\\\/46555744504_970072dbed_o-scaled-1.jpg\",\"contentUrl\":\"https:\\\/\\\/novakdjokovicfoundation.org\\\/wp-content\\\/uploads\\\/2023\\\/02\\\/46555744504_970072dbed_o-scaled-1.jpg\",\"width\":2560,\"height\":1707},{\"@type\":\"BreadcrumbList\",\"@id\":\"https:\\\/\\\/novakdjokovicfoundation.org\\\/sr\\\/novak-dokovic-fondacija-dobila-nagradu-za-etiku\\\/#breadcrumb\",\"itemListElement\":[{\"@type\":\"ListItem\",\"position\":1,\"name\":\"Home\",\"item\":\"https:\\\/\\\/novakdjokovicfoundation.org\\\/sr\\\/\"},{\"@type\":\"ListItem\",\"position\":2,\"name\":\"Novak \u0110\u0090okovi\u0107 Fondacija dobila me\u0111unarodnu nagradu za etiku na festivalu u Milanu\"}]},{\"@type\":\"WebSite\",\"@id\":\"https:\\\/\\\/novakdjokovicfoundation.org\\\/#website\",\"url\":\"https:\\\/\\\/novakdjokovicfoundation.org\\\/\",\"name\":\"Novak Djokovic Foundation\",\"description\":\"Believe in their dreams\",\"publisher\":{\"@id\":\"https:\\\/\\\/novakdjokovicfoundation.org\\\/#organization\"},\"potentialAction\":[{\"@type\":\"SearchAction\",\"target\":{\"@type\":\"EntryPoint\",\"urlTemplate\":\"https:\\\/\\\/novakdjokovicfoundation.org\\\/?s={search_term_string}\"},\"query-input\":{\"@type\":\"PropertyValueSpecification\",\"valueRequired\":true,\"valueName\":\"search_term_string\"}}],\"inLanguage\":\"sr-RS\"},{\"@type\":\"Organization\",\"@id\":\"https:\\\/\\\/novakdjokovicfoundation.org\\\/#organization\",\"name\":\"Novak Djokovic Foundation\",\"url\":\"https:\\\/\\\/novakdjokovicfoundation.org\\\/\",\"logo\":{\"@type\":\"ImageObject\",\"inLanguage\":\"sr-RS\",\"@id\":\"https:\\\/\\\/novakdjokovicfoundation.org\\\/#\\\/schema\\\/logo\\\/image\\\/\",\"url\":\"https:\\\/\\\/novakdjokovicfoundation.org\\\/wp-content\\\/uploads\\\/2024\\\/12\\\/NDF_Logo_BLUE.svg\",\"contentUrl\":\"https:\\\/\\\/novakdjokovicfoundation.org\\\/wp-content\\\/uploads\\\/2024\\\/12\\\/NDF_Logo_BLUE.svg\",\"width\":1,\"height\":1,\"caption\":\"Novak Djokovic Foundation\"},\"image\":{\"@id\":\"https:\\\/\\\/novakdjokovicfoundation.org\\\/#\\\/schema\\\/logo\\\/image\\\/\"},\"sameAs\":[\"https:\\\/\\\/www.facebook.com\\\/NovakDjokovicFoundation\",\"https:\\\/\\\/x.com\\\/novakfoundation\",\"https:\\\/\\\/www.instagram.com\\\/novakfoundation\"]},{\"@type\":\"Person\",\"@id\":\"https:\\\/\\\/novakdjokovicfoundation.org\\\/#\\\/schema\\\/person\\\/92d439ce9f161db2227d88016babb26d\",\"name\":\"NDFAuthors\",\"image\":{\"@type\":\"ImageObject\",\"inLanguage\":\"sr-RS\",\"@id\":\"https:\\\/\\\/secure.gravatar.com\\\/avatar\\\/a56dea238b3a98b3408ef9bffaa7226d71ec06e401c449ab94453fa6c470ef8c?s=96&d=mm&r=g\",\"url\":\"https:\\\/\\\/secure.gravatar.com\\\/avatar\\\/a56dea238b3a98b3408ef9bffaa7226d71ec06e401c449ab94453fa6c470ef8c?s=96&d=mm&r=g\",\"contentUrl\":\"https:\\\/\\\/secure.gravatar.com\\\/avatar\\\/a56dea238b3a98b3408ef9bffaa7226d71ec06e401c449ab94453fa6c470ef8c?s=96&d=mm&r=g\",\"caption\":\"NDFAuthors\"},\"url\":\"https:\\\/\\\/novakdjokovicfoundation.org\\\/sr\\\/author\\\/ndfauthors\\\/\"}]}<\/script>\n<!-- \/ Yoast SEO plugin. -->","yoast_head_json":{"title":"Novak \u0110\u0090okovi\u0107 Fondacija dobila me\u0111unarodnu nagradu za etiku na festivalu u Milanu - Novak Djokovic Foundation","robots":{"index":"index","follow":"follow","max-snippet":"max-snippet:-1","max-image-preview":"max-image-preview:large","max-video-preview":"max-video-preview:-1"},"canonical":"https:\/\/novakdjokovicfoundation.org\/sr\/novak-dokovic-fondacija-dobila-nagradu-za-etiku\/","og_locale":"sr_RS","og_type":"article","og_title":"Novak \u0110\u0090okovi\u0107 Fondacija dobila me\u0111unarodnu nagradu za etiku na festivalu u Milanu - Novak Djokovic Foundation","og_description":"U Muzeju ADI Design u Milanu odr\u017ean je Festival etike 2021. Festival je organizovalo Udru\u017eenje pod nazivom Associazione Culturale Plana, koje, izme\u0111u ostalog, za cilj ima da oda priznanje ljudima [&hellip;]","og_url":"https:\/\/novakdjokovicfoundation.org\/sr\/novak-dokovic-fondacija-dobila-nagradu-za-etiku\/","og_site_name":"Novak Djokovic Foundation","article_publisher":"https:\/\/www.facebook.com\/NovakDjokovicFoundation","article_published_time":"2021-11-20T00:00:00+00:00","article_modified_time":"2023-03-21T12:17:53+00:00","og_image":[{"width":2560,"height":1707,"url":"https:\/\/novakdjokovicfoundation.org\/wp-content\/uploads\/2023\/02\/46555744504_970072dbed_o-scaled-1.jpg","type":"image\/jpeg"}],"author":"NDFAuthors","twitter_card":"summary_large_image","twitter_creator":"@novakfoundation","twitter_site":"@novakfoundation","twitter_misc":{"\u041d\u0430\u043f\u0438\u0441\u0430\u043d\u043e \u043e\u0434":"NDFAuthors","\u041f\u0440\u043e\u0446\u0435\u045a\u0435\u043d\u043e \u0432\u0440\u0435\u043c\u0435 \u0447\u0438\u0442\u0430\u045a\u0430":"2 \u043c\u0438\u043d\u0443\u0442\u0430"},"schema":{"@context":"https:\/\/schema.org","@graph":[{"@type":"Article","@id":"https:\/\/novakdjokovicfoundation.org\/sr\/novak-dokovic-fondacija-dobila-nagradu-za-etiku\/#article","isPartOf":{"@id":"https:\/\/novakdjokovicfoundation.org\/sr\/novak-dokovic-fondacija-dobila-nagradu-za-etiku\/"},"author":{"name":"NDFAuthors","@id":"https:\/\/novakdjokovicfoundation.org\/#\/schema\/person\/92d439ce9f161db2227d88016babb26d"},"headline":"Novak \u0110\u0090okovi\u0107 Fondacija dobila me\u0111unarodnu nagradu za etiku na festivalu u Milanu","datePublished":"2021-11-20T00:00:00+00:00","dateModified":"2023-03-21T12:17:53+00:00","mainEntityOfPage":{"@id":"https:\/\/novakdjokovicfoundation.org\/sr\/novak-dokovic-fondacija-dobila-nagradu-za-etiku\/"},"wordCount":455,"commentCount":0,"publisher":{"@id":"https:\/\/novakdjokovicfoundation.org\/#organization"},"image":{"@id":"https:\/\/novakdjokovicfoundation.org\/sr\/novak-dokovic-fondacija-dobila-nagradu-za-etiku\/#primaryimage"},"thumbnailUrl":"https:\/\/novakdjokovicfoundation.org\/wp-content\/uploads\/2023\/02\/46555744504_970072dbed_o-scaled-1.jpg","articleSection":["Blog posts","Rana podr\u0161ka","Roditeljstvo"],"inLanguage":"sr-RS","potentialAction":[{"@type":"CommentAction","name":"Comment","target":["https:\/\/novakdjokovicfoundation.org\/sr\/novak-dokovic-fondacija-dobila-nagradu-za-etiku\/#respond"]}]},{"@type":"WebPage","@id":"https:\/\/novakdjokovicfoundation.org\/sr\/novak-dokovic-fondacija-dobila-nagradu-za-etiku\/","url":"https:\/\/novakdjokovicfoundation.org\/sr\/novak-dokovic-fondacija-dobila-nagradu-za-etiku\/","name":"Novak \u0110\u0090okovi\u0107 Fondacija dobila me\u0111unarodnu nagradu za etiku na festivalu u Milanu - Novak Djokovic Foundation","isPartOf":{"@id":"https:\/\/novakdjokovicfoundation.org\/#website"},"primaryImageOfPage":{"@id":"https:\/\/novakdjokovicfoundation.org\/sr\/novak-dokovic-fondacija-dobila-nagradu-za-etiku\/#primaryimage"},"image":{"@id":"https:\/\/novakdjokovicfoundation.org\/sr\/novak-dokovic-fondacija-dobila-nagradu-za-etiku\/#primaryimage"},"thumbnailUrl":"https:\/\/novakdjokovicfoundation.org\/wp-content\/uploads\/2023\/02\/46555744504_970072dbed_o-scaled-1.jpg","datePublished":"2021-11-20T00:00:00+00:00","dateModified":"2023-03-21T12:17:53+00:00","breadcrumb":{"@id":"https:\/\/novakdjokovicfoundation.org\/sr\/novak-dokovic-fondacija-dobila-nagradu-za-etiku\/#breadcrumb"},"inLanguage":"sr-RS","potentialAction":[{"@type":"ReadAction","target":["https:\/\/novakdjokovicfoundation.org\/sr\/novak-dokovic-fondacija-dobila-nagradu-za-etiku\/"]}]},{"@type":"ImageObject","inLanguage":"sr-RS","@id":"https:\/\/novakdjokovicfoundation.org\/sr\/novak-dokovic-fondacija-dobila-nagradu-za-etiku\/#primaryimage","url":"https:\/\/novakdjokovicfoundation.org\/wp-content\/uploads\/2023\/02\/46555744504_970072dbed_o-scaled-1.jpg","contentUrl":"https:\/\/novakdjokovicfoundation.org\/wp-content\/uploads\/2023\/02\/46555744504_970072dbed_o-scaled-1.jpg","width":2560,"height":1707},{"@type":"BreadcrumbList","@id":"https:\/\/novakdjokovicfoundation.org\/sr\/novak-dokovic-fondacija-dobila-nagradu-za-etiku\/#breadcrumb","itemListElement":[{"@type":"ListItem","position":1,"name":"Home","item":"https:\/\/novakdjokovicfoundation.org\/sr\/"},{"@type":"ListItem","position":2,"name":"Novak \u0110\u0090okovi\u0107 Fondacija dobila me\u0111unarodnu nagradu za etiku na festivalu u Milanu"}]},{"@type":"WebSite","@id":"https:\/\/novakdjokovicfoundation.org\/#website","url":"https:\/\/novakdjokovicfoundation.org\/","name":"Novak Djokovic Foundation","description":"Believe in their dreams","publisher":{"@id":"https:\/\/novakdjokovicfoundation.org\/#organization"},"potentialAction":[{"@type":"SearchAction","target":{"@type":"EntryPoint","urlTemplate":"https:\/\/novakdjokovicfoundation.org\/?s={search_term_string}"},"query-input":{"@type":"PropertyValueSpecification","valueRequired":true,"valueName":"search_term_string"}}],"inLanguage":"sr-RS"},{"@type":"Organization","@id":"https:\/\/novakdjokovicfoundation.org\/#organization","name":"Novak Djokovic Foundation","url":"https:\/\/novakdjokovicfoundation.org\/","logo":{"@type":"ImageObject","inLanguage":"sr-RS","@id":"https:\/\/novakdjokovicfoundation.org\/#\/schema\/logo\/image\/","url":"https:\/\/novakdjokovicfoundation.org\/wp-content\/uploads\/2024\/12\/NDF_Logo_BLUE.svg","contentUrl":"https:\/\/novakdjokovicfoundation.org\/wp-content\/uploads\/2024\/12\/NDF_Logo_BLUE.svg","width":1,"height":1,"caption":"Novak Djokovic Foundation"},"image":{"@id":"https:\/\/novakdjokovicfoundation.org\/#\/schema\/logo\/image\/"},"sameAs":["https:\/\/www.facebook.com\/NovakDjokovicFoundation","https:\/\/x.com\/novakfoundation","https:\/\/www.instagram.com\/novakfoundation"]},{"@type":"Person","@id":"https:\/\/novakdjokovicfoundation.org\/#\/schema\/person\/92d439ce9f161db2227d88016babb26d","name":"NDFAuthors","image":{"@type":"ImageObject","inLanguage":"sr-RS","@id":"https:\/\/secure.gravatar.com\/avatar\/a56dea238b3a98b3408ef9bffaa7226d71ec06e401c449ab94453fa6c470ef8c?s=96&d=mm&r=g","url":"https:\/\/secure.gravatar.com\/avatar\/a56dea238b3a98b3408ef9bffaa7226d71ec06e401c449ab94453fa6c470ef8c?s=96&d=mm&r=g","contentUrl":"https:\/\/secure.gravatar.com\/avatar\/a56dea238b3a98b3408ef9bffaa7226d71ec06e401c449ab94453fa6c470ef8c?s=96&d=mm&r=g","caption":"NDFAuthors"},"url":"https:\/\/novakdjokovicfoundation.org\/sr\/author\/ndfauthors\/"}]}},"_links":{"self":[{"href":"https:\/\/novakdjokovicfoundation.org\/sr\/wp-json\/wp\/v2\/posts\/16907","targetHints":{"allow":["GET"]}}],"collection":[{"href":"https:\/\/novakdjokovicfoundation.org\/sr\/wp-json\/wp\/v2\/posts"}],"about":[{"href":"https:\/\/novakdjokovicfoundation.org\/sr\/wp-json\/wp\/v2\/types\/post"}],"author":[{"embeddable":true,"href":"https:\/\/novakdjokovicfoundation.org\/sr\/wp-json\/wp\/v2\/users\/5"}],"replies":[{"embeddable":true,"href":"https:\/\/novakdjokovicfoundation.org\/sr\/wp-json\/wp\/v2\/comments?post=16907"}],"version-history":[{"count":1,"href":"https:\/\/novakdjokovicfoundation.org\/sr\/wp-json\/wp\/v2\/posts\/16907\/revisions"}],"predecessor-version":[{"id":17212,"href":"https:\/\/novakdjokovicfoundation.org\/sr\/wp-json\/wp\/v2\/posts\/16907\/revisions\/17212"}],"wp:featuredmedia":[{"embeddable":true,"href":"https:\/\/novakdjokovicfoundation.org\/sr\/wp-json\/wp\/v2\/media\/13834"}],"wp:attachment":[{"href":"https:\/\/novakdjokovicfoundation.org\/sr\/wp-json\/wp\/v2\/media?parent=16907"}],"wp:term":[{"taxonomy":"category","embeddable":true,"href":"https:\/\/novakdjokovicfoundation.org\/sr\/wp-json\/wp\/v2\/categories?post=16907"},{"taxonomy":"post_tag","embeddable":true,"href":"https:\/\/novakdjokovicfoundation.org\/sr\/wp-json\/wp\/v2\/tags?post=16907"}],"curies":[{"name":"wp","href":"https:\/\/api.w.org\/{rel}","templated":true}]}}