{"id":16809,"date":"2019-10-03T00:00:00","date_gmt":"2019-10-03T00:00:00","guid":{"rendered":"https:\/\/novakdjokovicfoundation.org\/pismo-nase-volonterke-iz-italije\/"},"modified":"2023-02-10T12:12:11","modified_gmt":"2023-02-10T12:12:11","slug":"pismo-nase-volonterke-iz-italije","status":"publish","type":"post","link":"https:\/\/novakdjokovicfoundation.org\/sr\/pismo-nase-volonterke-iz-italije\/","title":{"rendered":"Pismo na\u0161e volonterke iz Italije"},"content":{"rendered":"<p><strong><em>Na\u0161i volonteri igraju va\u017enu ulogu u organizaciji Drugarijade. Oni su ti koji nam poma\u017eu da zabavimo decu, da ih pazimo i nau\u010dimo ne\u0161to novo. Ove godine smo na Drugarijadi imali 28 volontera, a jedna od njih bila je \u0110\u0090ulija Goti (Giulia Gotti) koja je doputovala \u010dak iz Italije. <a href=\"https:\/\/novakdjokovicfoundation.org\/sr\/press-center\/novosti-i-informacije\/jelena-i-novak-dokovic-svecano-otvorili-7-drugarijadu\/\" target=\"_blank\" rel=\"noopener\">Sedma Drugarijada<\/a> ostavila je veliki utisak na \u0110\u0090uliju, i to je podelila u pismu upu\u0107enom na\u0161em timu i svima onima koji \u017eele da jednog dana po\u010dnu s volontiranjem. Ukoliko i Vas inspiri\u0161e rad sa decom i \u017eelite da postanete deo na\u0161eg tima volontera &#8211; pratite na\u0161e dru\u0161tvene mre\u017ee za konkurse za nove volontere!<\/em><\/strong><\/p>\n<p><!--more--><\/p>\n<p>Zdravo svima, ja sam \u0110\u0090ulija! Imam 21 godinu i \u017eivim u Milanu, u Italiji. Pi\u0161em ovo pismo jer \u017eelim da sa vama podelim moje volontersko iskustvo sa 7. Drugarijade. Za Fondaciju Novak \u0110\u0090okovi\u0107 i neverovatne stvari koje radi sam \u010dula dok sam se raspitivala <a href=\"https:\/\/www.mis.org.rs\/sr_lat\/category\/volontiranje-sr_lat\/\" target=\"_blank\" rel=\"noopener\">o volonterskom anga\u017emanu po svetu<\/a>. Lunaria, italijansko udru\u017eenje koje organizuje mnoge kampove, predlo\u017eilo mi je razli\u010dite projekte, a me\u0111u njima &#8211; <strong>Drugarijadu<\/strong>. Bez dileme sam se brzo\u00a0<strong>odlu\u010dila da otputujem u Srbiju.<\/strong><\/p>\n<p>Kod ku\u0107e u Milanu poma\u017eem arapskoj deci koja ne govore italijanski. Poma\u017eem im sa doma\u0107im zadacima, poku\u0161avam da im pomognem da se ose\u0107aju lagodnije, poma\u017eem im da razgovaraju o svojim ose\u0107ajima i u\u010dim ih neke nove ve\u0161tine. Tako\u0111e volimo zajedno da slikamo, slu\u0161amo muziku, igramo igre i ponekada odemo na putovanje.<\/p>\n<h3><strong>To je razlog za\u0161to sam htela da se prijavim za Drugarijadu. Volim decu, njihovu snagu i \u017ear sa kojim rade sve.<\/strong><\/h3>\n<p><a href=\"https:\/\/novakdjokovicfoundation.org\/sr\/7-lekcija-koje-smo-naucili-na-7-drugarijadi\/\" target=\"_blank\" rel=\"noopener\">Mi, odrasli, gre\u0161imo ako mislimo da deca nisu dovoljno zrela<\/a>. U pitanju je samo razli\u010dita vrsta inteligencije i razli\u010dit na\u010din da se ideje izlo\u017ee i prikupe. Moj cilj je da pomognem deci da ostvare svoje snove.<\/p>\n<h3><strong>Nekada volontiranje nije lako, zato morate da ga zaista volite.<\/strong><\/h3>\n<p><strong>A ja ga volim. Zaista ga volim.<\/strong><\/p>\n<p>Posebno one trenutke kada vidim osmehe na de\u010dijim licima kada uspeju da ne\u0161to urade po pravi put. <strong>Volontiranje meni ispunjava celo srce,\u00a0\u010dini me sre\u0107nim danima, i \u0161to je najva\u017enije &#8211; \u010dini me da se\u00a0ose\u0107am ispunjeno. <\/strong>Znam da sam vrlo mlada. Ali jo\u0161 kad sam imala 16 godina ose\u0107ala sam se bolje kada sam podu\u010davala decu i igrala se s njima.<\/p>\n<div id=\"attachment_26547\" style=\"width: 3010px\" class=\"wp-caption aligncenter\"><img loading=\"lazy\" decoding=\"async\" aria-describedby=\"caption-attachment-26547\" class=\"wp-image-26547 size-full\" src=\"https:\/\/novakdjokovicfoundation.org\/wp-content\/uploads\/2019\/09\/Drugarijada-dan-2-foto-jelena-ivanovic-74.jpg\" alt=\"\" width=\"3000\" height=\"2000\" \/><p id=\"caption-attachment-26547\" class=\"wp-caption-text\">Volonteri su zna\u010dajan deo organizacije na\u0161e Drugarijade.<\/p><\/div>\n<p>Moram da ka\u017eem da, po\u0161to ne pri\u010dam srpski, u po\u010detku mi je u kampu bilo te\u0161ko. Nisam mogla da razumem decu i da im pomognem kako sam \u017eelela. Nekada nisam znala kako da im se priklju\u010dim u nekim aktivnostima. <strong>Ali onda sam prona\u0161la odgovor: da se opustim i jednostavno pri\u010dam s njima na engleskom. <\/strong>I shvatila sam da bi istovremeno u\u010denje stranog jezika bila jako dobra aktivnost za decu, a i omogu\u0107ila mi da komuniciram s njima.<\/p>\n<p>&nbsp;<\/p>\n<p>Najlep\u0161i trenutak mi je bio kada su nau\u010dili da mi ka\u017eu \u201ehello\u201c i odgovore sa \u201efine\u201c kada sam ih pitala \u201ehow are you?\u201c. <strong>Ose\u0107ala sam se zahvalno.<\/strong> Druga sjajna stvar bilo je <strong>disko ve\u010de. <\/strong>Klinci i ja smo samo hteli da \u0111uskamo, pevamo i zabavljamo se. Htela sam da podelim moju sre\u0107u s njima, i u tom trenutku, <strong>re\u010di nisu bile potrebne<\/strong>.<\/p>\n<p>Zato, NDF timu i svim ostalim volonterima &#8211; <strong>HVALA VAM. <\/strong>Zahvaljuju\u0107i Drugarijadi, nau\u010dila sam da nikad ne odustajem. Hvala vam \u0161to sam uvek imala nekog pored sebe.<\/p>\n<h3><strong>Sada mogu da ka\u017eem da imam prijatelje u Srbiji koji me zaista poznaju, a i ja njih.<\/strong><\/h3>\n<p>Kada iskusite ne\u0161to sjajno kao \u0161to je Drugarijada, ne treba da to samo zadr\u017eite za sebe. Zato, ovo pismo je za sve devoj\u010dice i de\u010dake koji \u017eele da urade ne\u0161to druga\u010dije u \u017eivotu. Sami ne mo\u017eete da promenite puno, ali ako neko drugi vidi va\u0161 jedan korak, jednog dana, ako je va\u0161 korak bio ljubazan i ne\u017ean, ljudi \u0107e vas pratiti. A samo tako &#8211; <strong>mo\u017eemo zaista da promenimo svet.<\/strong><\/p>\n<p><strong>S ljubavlju,<\/strong><\/p>\n<p><strong>\u0110\u0090ulija<\/strong><\/p>\n","protected":false},"excerpt":{"rendered":"<p>Na\u0161i volonteri igraju va\u017enu ulogu u organizaciji Drugarijade. Oni su ti koji nam poma\u017eu da zabavimo decu, da ih pazimo i nau\u010dimo ne\u0161to novo. Ove godine smo na Drugarijadi imali [&hellip;]<\/p>\n","protected":false},"author":5,"featured_media":16810,"comment_status":"open","ping_status":"open","sticky":false,"template":"","format":"standard","meta":{"_acf_changed":false,"footnotes":""},"categories":[29],"tags":[1642,1644,1484,1643],"class_list":["post-16809","post","type-post","status-publish","format-standard","has-post-thumbnail","hentry","category-nase-price","tag-drugarijada-2019","tag-italija","tag-volonteri","tag-volontiranje"],"acf":[],"yoast_head":"<!-- This site is optimized with the Yoast SEO plugin v27.2 - https:\/\/yoast.com\/product\/yoast-seo-wordpress\/ -->\n<title>Pismo na\u0161e volonterke iz Italije - Novak Djokovic Foundation<\/title>\n<meta name=\"robots\" content=\"index, follow, max-snippet:-1, max-image-preview:large, max-video-preview:-1\" \/>\n<link rel=\"canonical\" href=\"https:\/\/novakdjokovicfoundation.org\/sr\/pismo-nase-volonterke-iz-italije\/\" \/>\n<meta property=\"og:locale\" content=\"sr_RS\" \/>\n<meta property=\"og:type\" content=\"article\" \/>\n<meta property=\"og:title\" content=\"Pismo na\u0161e volonterke iz Italije - Novak Djokovic Foundation\" \/>\n<meta property=\"og:description\" content=\"Na\u0161i volonteri igraju va\u017enu ulogu u organizaciji Drugarijade. Oni su ti koji nam poma\u017eu da zabavimo decu, da ih pazimo i nau\u010dimo ne\u0161to novo. Ove godine smo na Drugarijadi imali [&hellip;]\" \/>\n<meta property=\"og:url\" content=\"https:\/\/novakdjokovicfoundation.org\/sr\/pismo-nase-volonterke-iz-italije\/\" \/>\n<meta property=\"og:site_name\" content=\"Novak Djokovic Foundation\" \/>\n<meta property=\"article:publisher\" content=\"https:\/\/www.facebook.com\/NovakDjokovicFoundation\" \/>\n<meta property=\"article:published_time\" content=\"2019-10-03T00:00:00+00:00\" \/>\n<meta property=\"article:modified_time\" content=\"2023-02-10T12:12:11+00:00\" \/>\n<meta property=\"og:image\" content=\"https:\/\/novakdjokovicfoundation.org\/wp-content\/uploads\/2023\/02\/dan-2-jovana-rakezic-71-scaled.jpg\" \/>\n\t<meta property=\"og:image:width\" content=\"2560\" \/>\n\t<meta property=\"og:image:height\" content=\"1707\" \/>\n\t<meta property=\"og:image:type\" content=\"image\/jpeg\" \/>\n<meta name=\"author\" content=\"NDFAuthors\" \/>\n<meta name=\"twitter:card\" content=\"summary_large_image\" \/>\n<meta name=\"twitter:creator\" content=\"@novakfoundation\" \/>\n<meta name=\"twitter:site\" content=\"@novakfoundation\" \/>\n<meta name=\"twitter:label1\" content=\"\u041d\u0430\u043f\u0438\u0441\u0430\u043d\u043e \u043e\u0434\" \/>\n\t<meta name=\"twitter:data1\" content=\"NDFAuthors\" \/>\n\t<meta name=\"twitter:label2\" content=\"\u041f\u0440\u043e\u0446\u0435\u045a\u0435\u043d\u043e \u0432\u0440\u0435\u043c\u0435 \u0447\u0438\u0442\u0430\u045a\u0430\" \/>\n\t<meta name=\"twitter:data2\" content=\"4 \u043c\u0438\u043d\u0443\u0442\u0430\" \/>\n<script type=\"application\/ld+json\" class=\"yoast-schema-graph\">{\"@context\":\"https:\/\/schema.org\",\"@graph\":[{\"@type\":\"Article\",\"@id\":\"https:\/\/novakdjokovicfoundation.org\/sr\/pismo-nase-volonterke-iz-italije\/#article\",\"isPartOf\":{\"@id\":\"https:\/\/novakdjokovicfoundation.org\/sr\/pismo-nase-volonterke-iz-italije\/\"},\"author\":{\"name\":\"NDFAuthors\",\"@id\":\"https:\/\/novakdjokovicfoundation.org\/#\/schema\/person\/92d439ce9f161db2227d88016babb26d\"},\"headline\":\"Pismo na\u0161e volonterke iz Italije\",\"datePublished\":\"2019-10-03T00:00:00+00:00\",\"dateModified\":\"2023-02-10T12:12:11+00:00\",\"mainEntityOfPage\":{\"@id\":\"https:\/\/novakdjokovicfoundation.org\/sr\/pismo-nase-volonterke-iz-italije\/\"},\"wordCount\":713,\"commentCount\":0,\"publisher\":{\"@id\":\"https:\/\/novakdjokovicfoundation.org\/#organization\"},\"image\":{\"@id\":\"https:\/\/novakdjokovicfoundation.org\/sr\/pismo-nase-volonterke-iz-italije\/#primaryimage\"},\"thumbnailUrl\":\"https:\/\/novakdjokovicfoundation.org\/wp-content\/uploads\/2023\/02\/dan-2-jovana-rakezic-71-scaled.jpg\",\"keywords\":[\"Drugarijada 2019\",\"Italija\",\"volonteri\",\"volontiranje\"],\"articleSection\":[\"Na\u0161e pri\u010de\"],\"inLanguage\":\"sr-RS\",\"potentialAction\":[{\"@type\":\"CommentAction\",\"name\":\"Comment\",\"target\":[\"https:\/\/novakdjokovicfoundation.org\/sr\/pismo-nase-volonterke-iz-italije\/#respond\"]}]},{\"@type\":\"WebPage\",\"@id\":\"https:\/\/novakdjokovicfoundation.org\/sr\/pismo-nase-volonterke-iz-italije\/\",\"url\":\"https:\/\/novakdjokovicfoundation.org\/sr\/pismo-nase-volonterke-iz-italije\/\",\"name\":\"Pismo na\u0161e volonterke iz Italije - Novak Djokovic Foundation\",\"isPartOf\":{\"@id\":\"https:\/\/novakdjokovicfoundation.org\/#website\"},\"primaryImageOfPage\":{\"@id\":\"https:\/\/novakdjokovicfoundation.org\/sr\/pismo-nase-volonterke-iz-italije\/#primaryimage\"},\"image\":{\"@id\":\"https:\/\/novakdjokovicfoundation.org\/sr\/pismo-nase-volonterke-iz-italije\/#primaryimage\"},\"thumbnailUrl\":\"https:\/\/novakdjokovicfoundation.org\/wp-content\/uploads\/2023\/02\/dan-2-jovana-rakezic-71-scaled.jpg\",\"datePublished\":\"2019-10-03T00:00:00+00:00\",\"dateModified\":\"2023-02-10T12:12:11+00:00\",\"breadcrumb\":{\"@id\":\"https:\/\/novakdjokovicfoundation.org\/sr\/pismo-nase-volonterke-iz-italije\/#breadcrumb\"},\"inLanguage\":\"sr-RS\",\"potentialAction\":[{\"@type\":\"ReadAction\",\"target\":[\"https:\/\/novakdjokovicfoundation.org\/sr\/pismo-nase-volonterke-iz-italije\/\"]}]},{\"@type\":\"ImageObject\",\"inLanguage\":\"sr-RS\",\"@id\":\"https:\/\/novakdjokovicfoundation.org\/sr\/pismo-nase-volonterke-iz-italije\/#primaryimage\",\"url\":\"https:\/\/novakdjokovicfoundation.org\/wp-content\/uploads\/2023\/02\/dan-2-jovana-rakezic-71-scaled.jpg\",\"contentUrl\":\"https:\/\/novakdjokovicfoundation.org\/wp-content\/uploads\/2023\/02\/dan-2-jovana-rakezic-71-scaled.jpg\",\"width\":2560,\"height\":1707},{\"@type\":\"BreadcrumbList\",\"@id\":\"https:\/\/novakdjokovicfoundation.org\/sr\/pismo-nase-volonterke-iz-italije\/#breadcrumb\",\"itemListElement\":[{\"@type\":\"ListItem\",\"position\":1,\"name\":\"Home\",\"item\":\"https:\/\/novakdjokovicfoundation.org\/sr\/\"},{\"@type\":\"ListItem\",\"position\":2,\"name\":\"Pismo na\u0161e volonterke iz Italije\"}]},{\"@type\":\"WebSite\",\"@id\":\"https:\/\/novakdjokovicfoundation.org\/#website\",\"url\":\"https:\/\/novakdjokovicfoundation.org\/\",\"name\":\"Novak Djokovic Foundation\",\"description\":\"Believe in their dreams\",\"publisher\":{\"@id\":\"https:\/\/novakdjokovicfoundation.org\/#organization\"},\"potentialAction\":[{\"@type\":\"SearchAction\",\"target\":{\"@type\":\"EntryPoint\",\"urlTemplate\":\"https:\/\/novakdjokovicfoundation.org\/?s={search_term_string}\"},\"query-input\":{\"@type\":\"PropertyValueSpecification\",\"valueRequired\":true,\"valueName\":\"search_term_string\"}}],\"inLanguage\":\"sr-RS\"},{\"@type\":\"Organization\",\"@id\":\"https:\/\/novakdjokovicfoundation.org\/#organization\",\"name\":\"Novak Djokovic Foundation\",\"url\":\"https:\/\/novakdjokovicfoundation.org\/\",\"logo\":{\"@type\":\"ImageObject\",\"inLanguage\":\"sr-RS\",\"@id\":\"https:\/\/novakdjokovicfoundation.org\/#\/schema\/logo\/image\/\",\"url\":\"https:\/\/novakdjokovicfoundation.org\/wp-content\/uploads\/2024\/12\/NDF_Logo_BLUE.svg\",\"contentUrl\":\"https:\/\/novakdjokovicfoundation.org\/wp-content\/uploads\/2024\/12\/NDF_Logo_BLUE.svg\",\"width\":1,\"height\":1,\"caption\":\"Novak Djokovic Foundation\"},\"image\":{\"@id\":\"https:\/\/novakdjokovicfoundation.org\/#\/schema\/logo\/image\/\"},\"sameAs\":[\"https:\/\/www.facebook.com\/NovakDjokovicFoundation\",\"https:\/\/x.com\/novakfoundation\",\"https:\/\/www.instagram.com\/novakfoundation\"]},{\"@type\":\"Person\",\"@id\":\"https:\/\/novakdjokovicfoundation.org\/#\/schema\/person\/92d439ce9f161db2227d88016babb26d\",\"name\":\"NDFAuthors\",\"image\":{\"@type\":\"ImageObject\",\"inLanguage\":\"sr-RS\",\"@id\":\"https:\/\/secure.gravatar.com\/avatar\/a56dea238b3a98b3408ef9bffaa7226d71ec06e401c449ab94453fa6c470ef8c?s=96&d=mm&r=g\",\"url\":\"https:\/\/secure.gravatar.com\/avatar\/a56dea238b3a98b3408ef9bffaa7226d71ec06e401c449ab94453fa6c470ef8c?s=96&d=mm&r=g\",\"contentUrl\":\"https:\/\/secure.gravatar.com\/avatar\/a56dea238b3a98b3408ef9bffaa7226d71ec06e401c449ab94453fa6c470ef8c?s=96&d=mm&r=g\",\"caption\":\"NDFAuthors\"},\"url\":\"https:\/\/novakdjokovicfoundation.org\/sr\/author\/ndfauthors\/\"}]}<\/script>\n<!-- \/ Yoast SEO plugin. -->","yoast_head_json":{"title":"Pismo na\u0161e volonterke iz Italije - Novak Djokovic Foundation","robots":{"index":"index","follow":"follow","max-snippet":"max-snippet:-1","max-image-preview":"max-image-preview:large","max-video-preview":"max-video-preview:-1"},"canonical":"https:\/\/novakdjokovicfoundation.org\/sr\/pismo-nase-volonterke-iz-italije\/","og_locale":"sr_RS","og_type":"article","og_title":"Pismo na\u0161e volonterke iz Italije - Novak Djokovic Foundation","og_description":"Na\u0161i volonteri igraju va\u017enu ulogu u organizaciji Drugarijade. Oni su ti koji nam poma\u017eu da zabavimo decu, da ih pazimo i nau\u010dimo ne\u0161to novo. Ove godine smo na Drugarijadi imali [&hellip;]","og_url":"https:\/\/novakdjokovicfoundation.org\/sr\/pismo-nase-volonterke-iz-italije\/","og_site_name":"Novak Djokovic Foundation","article_publisher":"https:\/\/www.facebook.com\/NovakDjokovicFoundation","article_published_time":"2019-10-03T00:00:00+00:00","article_modified_time":"2023-02-10T12:12:11+00:00","og_image":[{"width":2560,"height":1707,"url":"https:\/\/novakdjokovicfoundation.org\/wp-content\/uploads\/2023\/02\/dan-2-jovana-rakezic-71-scaled.jpg","type":"image\/jpeg"}],"author":"NDFAuthors","twitter_card":"summary_large_image","twitter_creator":"@novakfoundation","twitter_site":"@novakfoundation","twitter_misc":{"\u041d\u0430\u043f\u0438\u0441\u0430\u043d\u043e \u043e\u0434":"NDFAuthors","\u041f\u0440\u043e\u0446\u0435\u045a\u0435\u043d\u043e \u0432\u0440\u0435\u043c\u0435 \u0447\u0438\u0442\u0430\u045a\u0430":"4 \u043c\u0438\u043d\u0443\u0442\u0430"},"schema":{"@context":"https:\/\/schema.org","@graph":[{"@type":"Article","@id":"https:\/\/novakdjokovicfoundation.org\/sr\/pismo-nase-volonterke-iz-italije\/#article","isPartOf":{"@id":"https:\/\/novakdjokovicfoundation.org\/sr\/pismo-nase-volonterke-iz-italije\/"},"author":{"name":"NDFAuthors","@id":"https:\/\/novakdjokovicfoundation.org\/#\/schema\/person\/92d439ce9f161db2227d88016babb26d"},"headline":"Pismo na\u0161e volonterke iz Italije","datePublished":"2019-10-03T00:00:00+00:00","dateModified":"2023-02-10T12:12:11+00:00","mainEntityOfPage":{"@id":"https:\/\/novakdjokovicfoundation.org\/sr\/pismo-nase-volonterke-iz-italije\/"},"wordCount":713,"commentCount":0,"publisher":{"@id":"https:\/\/novakdjokovicfoundation.org\/#organization"},"image":{"@id":"https:\/\/novakdjokovicfoundation.org\/sr\/pismo-nase-volonterke-iz-italije\/#primaryimage"},"thumbnailUrl":"https:\/\/novakdjokovicfoundation.org\/wp-content\/uploads\/2023\/02\/dan-2-jovana-rakezic-71-scaled.jpg","keywords":["Drugarijada 2019","Italija","volonteri","volontiranje"],"articleSection":["Na\u0161e pri\u010de"],"inLanguage":"sr-RS","potentialAction":[{"@type":"CommentAction","name":"Comment","target":["https:\/\/novakdjokovicfoundation.org\/sr\/pismo-nase-volonterke-iz-italije\/#respond"]}]},{"@type":"WebPage","@id":"https:\/\/novakdjokovicfoundation.org\/sr\/pismo-nase-volonterke-iz-italije\/","url":"https:\/\/novakdjokovicfoundation.org\/sr\/pismo-nase-volonterke-iz-italije\/","name":"Pismo na\u0161e volonterke iz Italije - Novak Djokovic Foundation","isPartOf":{"@id":"https:\/\/novakdjokovicfoundation.org\/#website"},"primaryImageOfPage":{"@id":"https:\/\/novakdjokovicfoundation.org\/sr\/pismo-nase-volonterke-iz-italije\/#primaryimage"},"image":{"@id":"https:\/\/novakdjokovicfoundation.org\/sr\/pismo-nase-volonterke-iz-italije\/#primaryimage"},"thumbnailUrl":"https:\/\/novakdjokovicfoundation.org\/wp-content\/uploads\/2023\/02\/dan-2-jovana-rakezic-71-scaled.jpg","datePublished":"2019-10-03T00:00:00+00:00","dateModified":"2023-02-10T12:12:11+00:00","breadcrumb":{"@id":"https:\/\/novakdjokovicfoundation.org\/sr\/pismo-nase-volonterke-iz-italije\/#breadcrumb"},"inLanguage":"sr-RS","potentialAction":[{"@type":"ReadAction","target":["https:\/\/novakdjokovicfoundation.org\/sr\/pismo-nase-volonterke-iz-italije\/"]}]},{"@type":"ImageObject","inLanguage":"sr-RS","@id":"https:\/\/novakdjokovicfoundation.org\/sr\/pismo-nase-volonterke-iz-italije\/#primaryimage","url":"https:\/\/novakdjokovicfoundation.org\/wp-content\/uploads\/2023\/02\/dan-2-jovana-rakezic-71-scaled.jpg","contentUrl":"https:\/\/novakdjokovicfoundation.org\/wp-content\/uploads\/2023\/02\/dan-2-jovana-rakezic-71-scaled.jpg","width":2560,"height":1707},{"@type":"BreadcrumbList","@id":"https:\/\/novakdjokovicfoundation.org\/sr\/pismo-nase-volonterke-iz-italije\/#breadcrumb","itemListElement":[{"@type":"ListItem","position":1,"name":"Home","item":"https:\/\/novakdjokovicfoundation.org\/sr\/"},{"@type":"ListItem","position":2,"name":"Pismo na\u0161e volonterke iz Italije"}]},{"@type":"WebSite","@id":"https:\/\/novakdjokovicfoundation.org\/#website","url":"https:\/\/novakdjokovicfoundation.org\/","name":"Novak Djokovic Foundation","description":"Believe in their dreams","publisher":{"@id":"https:\/\/novakdjokovicfoundation.org\/#organization"},"potentialAction":[{"@type":"SearchAction","target":{"@type":"EntryPoint","urlTemplate":"https:\/\/novakdjokovicfoundation.org\/?s={search_term_string}"},"query-input":{"@type":"PropertyValueSpecification","valueRequired":true,"valueName":"search_term_string"}}],"inLanguage":"sr-RS"},{"@type":"Organization","@id":"https:\/\/novakdjokovicfoundation.org\/#organization","name":"Novak Djokovic Foundation","url":"https:\/\/novakdjokovicfoundation.org\/","logo":{"@type":"ImageObject","inLanguage":"sr-RS","@id":"https:\/\/novakdjokovicfoundation.org\/#\/schema\/logo\/image\/","url":"https:\/\/novakdjokovicfoundation.org\/wp-content\/uploads\/2024\/12\/NDF_Logo_BLUE.svg","contentUrl":"https:\/\/novakdjokovicfoundation.org\/wp-content\/uploads\/2024\/12\/NDF_Logo_BLUE.svg","width":1,"height":1,"caption":"Novak Djokovic Foundation"},"image":{"@id":"https:\/\/novakdjokovicfoundation.org\/#\/schema\/logo\/image\/"},"sameAs":["https:\/\/www.facebook.com\/NovakDjokovicFoundation","https:\/\/x.com\/novakfoundation","https:\/\/www.instagram.com\/novakfoundation"]},{"@type":"Person","@id":"https:\/\/novakdjokovicfoundation.org\/#\/schema\/person\/92d439ce9f161db2227d88016babb26d","name":"NDFAuthors","image":{"@type":"ImageObject","inLanguage":"sr-RS","@id":"https:\/\/secure.gravatar.com\/avatar\/a56dea238b3a98b3408ef9bffaa7226d71ec06e401c449ab94453fa6c470ef8c?s=96&d=mm&r=g","url":"https:\/\/secure.gravatar.com\/avatar\/a56dea238b3a98b3408ef9bffaa7226d71ec06e401c449ab94453fa6c470ef8c?s=96&d=mm&r=g","contentUrl":"https:\/\/secure.gravatar.com\/avatar\/a56dea238b3a98b3408ef9bffaa7226d71ec06e401c449ab94453fa6c470ef8c?s=96&d=mm&r=g","caption":"NDFAuthors"},"url":"https:\/\/novakdjokovicfoundation.org\/sr\/author\/ndfauthors\/"}]}},"_links":{"self":[{"href":"https:\/\/novakdjokovicfoundation.org\/sr\/wp-json\/wp\/v2\/posts\/16809","targetHints":{"allow":["GET"]}}],"collection":[{"href":"https:\/\/novakdjokovicfoundation.org\/sr\/wp-json\/wp\/v2\/posts"}],"about":[{"href":"https:\/\/novakdjokovicfoundation.org\/sr\/wp-json\/wp\/v2\/types\/post"}],"author":[{"embeddable":true,"href":"https:\/\/novakdjokovicfoundation.org\/sr\/wp-json\/wp\/v2\/users\/5"}],"replies":[{"embeddable":true,"href":"https:\/\/novakdjokovicfoundation.org\/sr\/wp-json\/wp\/v2\/comments?post=16809"}],"version-history":[{"count":1,"href":"https:\/\/novakdjokovicfoundation.org\/sr\/wp-json\/wp\/v2\/posts\/16809\/revisions"}],"predecessor-version":[{"id":17170,"href":"https:\/\/novakdjokovicfoundation.org\/sr\/wp-json\/wp\/v2\/posts\/16809\/revisions\/17170"}],"wp:featuredmedia":[{"embeddable":true,"href":"https:\/\/novakdjokovicfoundation.org\/sr\/wp-json\/wp\/v2\/media\/16810"}],"wp:attachment":[{"href":"https:\/\/novakdjokovicfoundation.org\/sr\/wp-json\/wp\/v2\/media?parent=16809"}],"wp:term":[{"taxonomy":"category","embeddable":true,"href":"https:\/\/novakdjokovicfoundation.org\/sr\/wp-json\/wp\/v2\/categories?post=16809"},{"taxonomy":"post_tag","embeddable":true,"href":"https:\/\/novakdjokovicfoundation.org\/sr\/wp-json\/wp\/v2\/tags?post=16809"}],"curies":[{"name":"wp","href":"https:\/\/api.w.org\/{rel}","templated":true}]}}