{"id":16804,"date":"2019-09-27T00:00:00","date_gmt":"2019-09-27T00:00:00","guid":{"rendered":"https:\/\/novakdjokovicfoundation.org\/empatija-se-neguje-volontiranjem\/"},"modified":"2023-02-10T12:12:11","modified_gmt":"2023-02-10T12:12:11","slug":"empatija-se-neguje-volontiranjem","status":"publish","type":"post","link":"https:\/\/novakdjokovicfoundation.org\/sr\/empatija-se-neguje-volontiranjem\/","title":{"rendered":"Empatija se neguje volontiranjem"},"content":{"rendered":"<p><em><strong>\u201eIde\u0161 da volontira\u0161? Jedva \u010deka\u0161? Ne razumem te ba\u0161, ti od toga nema\u0161 ni\u0161ta\u201c &#8211; re\u010denica koju sam vi\u0161e puta \u010dula saop\u0161tiv\u0161i svoju odluku da sam kona\u010dno skupila hrabrost i odlu\u010dila da se prijavim da budem volonter <a href=\"https:\/\/novakdjokovicfoundation.org\/sr\/press-center\/novosti-i-informacije\/jelena-i-novak-dokovic-svecano-otvorili-7-drugarijadu\/\" target=\"_blank\" rel=\"noopener\">na kampu prijateljstva \u201eDrugarijada\u201c<\/a>.<\/strong><\/em><\/p>\n<p><!--more--><\/p>\n<p>Moja prva pomisao je da \u201evodimo decu na ekskurziju\u201c. <strong>I da, jedva \u010dekam, ali isto toliko sam prepla\u0161ena.<\/strong> \u0160ta ako ne\u0161to ne bude u redu? \u0160ta ako me deca ne prihvate? Jo\u0161 gore &#8211; \u0161ta ako se neko povredi? \u0160ta ako se jako emotivno ve\u017eem za tu decu, \u0161to mi ina\u010de nije tako strano? Svi postoje\u0107i i nepostoje\u0107i strahovi izlaze na povr\u0161inu i glasniji su od ti\u0161ine u mojoj sobi ve\u010de pred polazak i od muzike koju slu\u0161am ujutru do mesta okupljanja. <strong>Idem u nepoznato, sa nepoznatim ljudima da do\u010dekam nepoznatu decu i vodim ih po poznatom planu na ve\u0107inom meni nepoznate aktivnosti<\/strong> u smislu da sam se sa \u017ei\u010darom susrela poslednji put pre petnaest godina. Sti\u017eem na mesto okupljanja i gasim muziku koju nisam ni \u010dula od strahova koji se preglasno domun\u0111avaju u mojoj glavi i onda<strong> BUM<\/strong> &#8211; prijatno iznena\u0111enje!<\/p>\n<p>Dok \u010dekamo prevoz po\u010dinjemo spontano da se upoznajemo. Iskreno srda\u010dni, komunikativni, strpljivi ljudi sa velikom \u017eeljom da \u010duju drugu stranu, da te pitaju ko si i \u0161ta sanja\u0161 &#8211; <strong>kasnije veliki uigran tim volontera<\/strong>.<\/p>\n<blockquote>\n<h3>U jednom tako prijatnom razgovoru sa volonterom koji je ve\u0107 bio deo tima prethodnih godina dobijam najkorisniji savet: \u201eNe brini, ne misli, samo se upusti\u201c.<\/h3>\n<\/blockquote>\n<p>I puf, svi oni strahovi sedaju na svoja mesta, u pripravnosti, ali znatno mirniji nego pre toga. Volonteri sa kojima sam \u201eradila\u201c i provodila vreme su divni ljudi, velikog srca, otvorenih misli, ljudi bez predrasuda, spremni da pomognu, spremni da prihvate novo, druga\u010dije, strano, da rade na inkluziji istog, ljudi bez grama sujete &#8211; <strong>ve\u010dita deca u du\u0161i<\/strong>. Takve ljude odabrao je zaposlen tim istog sklopa li\u010dnosti i \u010dini mi se da sam po dolasku osetila ba\u0161 kao da treba da budem tu i neizmerno zahvaljivala na pru\u017eenoj prilici.<\/p>\n<blockquote>\n<h3>Glavni moto koje smo moje cimerke i ja spontano smislile bio je: ,,I to je u redu!&#8220;<\/h3>\n<\/blockquote>\n<p>Odnosio se na svaki strah, razli\u010ditost, prepreku, sumnju, nesigurnost i suzu. <strong>Nikada na tako malo prostora nisam videla vi\u0161e ljudi sa toliko empatije<\/strong>.<\/p>\n<p>Jedan strah po\u010dinje da mi se vrpolji <strong>jer sti\u017eu deca &#8211; 132 dece, 132 i\u0161\u010dekivanja, 132 sna koja \u017eelim da \u010dujem. <\/strong>\u017delim da im pru\u017eim najbolje od sebe, da ih nau\u010dim sve \u0161to znam i mogu da stignem. Naravno, kao i obi\u010dno u \u017eivotu, de\u0161ava se ne\u0161to potpuno suprotno, <strong><a href=\"https:\/\/novakdjokovicfoundation.org\/sr\/7-lekcija-koje-smo-naucili-na-7-drugarijadi\/\" target=\"_blank\" rel=\"noopener\">ja sam \u0161est dana koordinator aktivnosti i pasivni u\u010denik moja 132 mentora<\/a>.<\/strong> Istina, neki me konstantno \u201eprate\u201c, neki me \u201eu\u010de\u201c u prolazu.<\/p>\n<p><img loading=\"lazy\" decoding=\"async\" class=\"aligncenter size-full wp-image-26552\" src=\"https:\/\/novakdjokovicfoundation.org\/wp-content\/uploads\/2019\/09\/dan-5-jovana-rakezic-77.jpg\" alt=\"\" width=\"5568\" height=\"3712\" \/><\/p>\n<p>Obnavljamo <strong>bonton i op\u0161tu kulturu<\/strong> svakog dana gde god se sretnemo. U\u010de me \u0161ta je <strong>zahvalnost<\/strong>, \u0161ta je <strong>smeh bez razloga<\/strong>, \u0161ta je <strong>strah<\/strong> i kako se ta\u010dno <strong>tr\u010di ka njemu<\/strong>. Videla sam da strah ume da <strong>saplete <\/strong>kao recimo mene u Avantura parku, ali su mi deca objasnila da je <strong>najbitnije poku\u0161ati i ustati<\/strong>. <strong>Upla\u0161ila sam se da sam lo\u0161 primer deci jer sam odustala \u00a0kada sam osetila da zaista ne mogu dalje (iako se na\u0161 neprevazi\u0111eni animator trudio da mi pomogne).<\/strong><\/p>\n<blockquote>\n<h3>Me\u0111utim opet se desilo suprotno &#8211; <strong>po\u0161li su za mnom &#8211; DA PROBAJU, i znate \u0161ta? Oni su uspeli! A ja? Ja sam zbog njihovog uspeha bila najsre\u0107nija osoba na svetu.<\/strong><\/h3>\n<\/blockquote>\n<p>Jedan de\u010dak mi je pokazao da je potpuno u redu da <strong>budem dobra SAMO u onome \u0161to me interesuje<\/strong>, a da ostale stvari <strong>poku\u0161am da uradim.<\/strong> Tako je\u00a0on je bio najbolji na polju nauke. Njegova drugarica iz susedne sobe mi je pokazala kako se tacno <strong>deli<\/strong> polovina preostale \u010dokoladice iako stoje jo\u0161 dve neotvorene jer ka\u017ee<strong>: \u201eOvako Vam je lep\u0161i ukus\u201c.<\/strong><\/p>\n<p>Kugle, \u0161to nisam bila sigurna \u0161ta je, su male napravljene planete od novina i semena raznih biljaka. <strong>Bilo mi je lepo \u0161to su mi cele ruke uprljane temperama. Nekako sam i \u010delo namazala pa im je to bilo sme\u0161no, ali su mi pomogli da operem. <\/strong><\/p>\n<blockquote>\n<h3>Bila sam ponosna kada mi je <strong>devoj\u010dica zavila prst koji sam povredila na konac pu\u0161taju\u0107i zmaja (jedina od sve dece!) iskoristiv\u0161i znanje sa radionice Crvenog krsta.<\/strong> Usput da mi bude lak\u0161e, pri\u010dale smo o ozbiljnim temama pa mi je objasnila razliku izme\u0111u simpatije i de\u010dka: <strong>\u201eZna\u0161, simpatija je kada TAJ ne zna, a de\u010dko kada zna\u201c.<\/strong><\/h3>\n<\/blockquote>\n<p>Moj susret sa \u017ei\u010darom posle petnaest godina nije krenuo najslavnije. Sela sam sa troje dece i po\u0161li smo i ja sam se upla\u0161ila, ali u tom trenutku shvatam: <strong>\u201eNeko te posmatra!<\/strong>\u201c\u00a0 Neko gleda u tebe, veruje ti, dr\u017ei te \u010dvrsto za ruku koja malo podrhtava, ka\u017ee od zime, ali znam da nije tako. <strong><u>Nema straha kad su tu deca <\/u><\/strong>\u00a0&#8211; ti si \u010duvar njihovog straha. <strong>Ne sme\u0161 da posustane\u0161 kada ne\u0161to zaista mo\u017ee\u0161 zbog onog ko te gleda i ide tvojim stopama.<\/strong> Na\u0161e putovanje na \u017ei\u010dari posle prva tri minuta bila je gotovo najbolja stvar tog dana &#8211; pevali smo de\u010dije pesme do vrha, a onda smo u\u0161li u oblak gde se nalazi zamak Frozen kraljevstva (magla je bila ne\u0161to gu\u0161\u0107a tog dana), a ja sam bila sne\u0161ko Olaf<strong>, a mala drhtava ruka kasnije nije \u017eelela da si\u0111e sa \u017ei\u010dare.<\/strong><\/p>\n<p><img loading=\"lazy\" decoding=\"async\" class=\"aligncenter size-full wp-image-26554\" src=\"https:\/\/novakdjokovicfoundation.org\/wp-content\/uploads\/2019\/09\/Drugarijada-2019-Dan-3-foto-Jelena-Ivanovic-310.jpg\" alt=\"\" width=\"5000\" height=\"3333\" \/><\/p>\n<p>&nbsp;<\/p>\n<p>Imali smo tu \u010dast da je ovoj \u201eDrugarijadi\u201c <a href=\"http:\/\/www.rts.rs\/page\/stories\/sr\/story\/125\/drustvo\/3662714\/novak-i-jelena-djokovic-svecano-otvorili-kamp-prijateljstva-drugarijada.html\" target=\"_blank\" rel=\"noopener\">prisustvovao osniva\u010d Fondacije sa svojom porodicom<\/a>.<\/p>\n<h3><strong>To su veliki, uspe\u0161ni, nesebi\u010dni i ljubazni ljudi koji, ne da stoje sa obe noge na zemlji, nego bukvalno sede na jastu\u010di\u0107ima na podu pored nas.\u00a0<\/strong><\/h3>\n<p>Meni su bili primer, pa sam bila jako sre\u0107na \u0161to su i deca primetila isto to: ,, <strong>Jao Tina, pa Novak je kao&#8230;.kaoooo&#8230;.<\/strong>MI! \u010cu\u010dimo zajedno! Tako to rade prave zvezde!\u201c<\/p>\n<p>Na\u0161i dani na kampu prijateljstva bili su veoma ispunjeni, uzbudljivi i dinami\u010dni. Plivanje, slikanje, vajanje, planetarijum, nau\u010dni \u0161ou, pu\u0161tanje zmajeva, IT radionica, radionica Crvenog krsta, dan prirode, sportski dan &#8211; mnogo lekcija, mnogo truda, mnogo smeha mnogo energije i na kraju umor. I deca, ali i mi smo uve\u010de jedva \u010dekali da legnemo i napunimo bateriju za naredni dan. Kada bi deca legla, mi volonteri imali bismo po jo\u0161 neku tehni\u010dku obavezu. U po\u010detku mi se \u010dinilo da \u0107e mi to te\u0161ko pasti zbog umora, ali slika jednog de\u010dijeg osmeha od tog dana je kataplut pokreta\u010d &#8211; <strong><u>nema umora kada zna\u0161 zbog \u010dega i za koga radi\u0161<\/u><\/strong>.<\/p>\n<blockquote>\n<h3>Posle mnogo vremene preplavio me je davno zaboravljen ose\u0107aj me\u0161avine umora i velike sre\u0107e &#8211; toliko sam umorna da jedva \u010dekam da legnem i spavam, a toliko sre\u0107na da jedva \u010dekam da ustanem i pro\u017eivim jo\u0161 jedan veliki dan.<\/h3>\n<\/blockquote>\n<p>\u201eIde\u0161 da volontira\u0161? Jedva \u010deka\u0161? Ne razumem te ba\u0161, ti od toga nema\u0161 ni\u0161ta\u201c &#8211; kao \u0161to rekoh \u010desto sam \u010dula ovu re\u010denicu i po povratku imala pravi odgovor. Na po\u010detnoj obuci za volontere, stipendistkinje Fondacije, na\u0161e velike (po du\u0161i) volonterke, Jelena i Nevena dale su jednu kratku formulu <strong>D<sup>2 <\/sup>= do\u017eivi + deli<\/strong>! Do\u017eivela sam i \u017eelim sa svima da podelim. Du\u0161a se le\u010di vremenom provedenim sa decom. Empatija se neguje volontiranjem. Drugarijada je oaza i le\u010dili\u0161te osnovnih ljudski vrednosti i bila je \u010dast do\u017eiveti to. <strong>Bila sam sre\u0107na, nasmejana, razigrana, okru\u017eena iskreno\u0161\u0107u, bezuslovnom ljubavlju, razumevanjem, zagrljajima, bila sam korisna, nau\u010dila sam mnogo i stekla sam prijatelje.<\/strong> I za kraj \u017eelim da podelim sa vama razgovor koji me je posebno inspirisao:<\/p>\n<blockquote>\n<h3>-Hajde da se igramo na slovo na slovo &#8211; de\u010dak iz moje grupe.<\/h3>\n<h3>-Hajdee &#8211; svi mi u glas.<\/h3>\n<h3>-Poga\u0111aj ti, Tina! Na slovo D!<\/h3>\n<h3>&#8211; Drvo?<\/h3>\n<h3>&#8211; Ne.<\/h3>\n<h3>&#8211; Daska?<\/h3>\n<h3>&#8211; Ne.<\/h3>\n<h3>&#8211; Du\u0161ek?<\/h3>\n<h3>&#8211; Ne.<\/h3>\n<h3>&#8211; Uh, ne znam stvarno.<\/h3>\n<h3><strong>&#8211; <\/strong>PA ONO \u0160TO SI NAS TI NAU\u010cILA &#8211; DRUG.<\/h3>\n<h3><\/h3>\n<\/blockquote>\n","protected":false},"excerpt":{"rendered":"<p>\u201eIde\u0161 da volontira\u0161? Jedva \u010deka\u0161? Ne razumem te ba\u0161, ti od toga nema\u0161 ni\u0161ta\u201c &#8211; re\u010denica koju sam vi\u0161e puta \u010dula saop\u0161tiv\u0161i svoju odluku da sam kona\u010dno skupila hrabrost i [&hellip;]<\/p>\n","protected":false},"author":5,"featured_media":16805,"comment_status":"open","ping_status":"open","sticky":false,"template":"","format":"standard","meta":{"_acf_changed":false,"footnotes":""},"categories":[29],"tags":[],"class_list":["post-16804","post","type-post","status-publish","format-standard","has-post-thumbnail","hentry","category-nase-price"],"acf":[],"yoast_head":"<!-- This site is optimized with the Yoast SEO plugin v27.4 - https:\/\/yoast.com\/product\/yoast-seo-wordpress\/ -->\n<title>Empatija se neguje volontiranjem - Novak Djokovic Foundation<\/title>\n<meta name=\"robots\" content=\"index, follow, max-snippet:-1, max-image-preview:large, max-video-preview:-1\" \/>\n<link rel=\"canonical\" href=\"https:\/\/novakdjokovicfoundation.org\/sr\/empatija-se-neguje-volontiranjem\/\" \/>\n<meta property=\"og:locale\" content=\"sr_RS\" \/>\n<meta property=\"og:type\" content=\"article\" \/>\n<meta property=\"og:title\" content=\"Empatija se neguje volontiranjem - Novak Djokovic Foundation\" \/>\n<meta property=\"og:description\" content=\"\u201eIde\u0161 da volontira\u0161? Jedva \u010deka\u0161? Ne razumem te ba\u0161, ti od toga nema\u0161 ni\u0161ta\u201c &#8211; re\u010denica koju sam vi\u0161e puta \u010dula saop\u0161tiv\u0161i svoju odluku da sam kona\u010dno skupila hrabrost i [&hellip;]\" \/>\n<meta property=\"og:url\" content=\"https:\/\/novakdjokovicfoundation.org\/sr\/empatija-se-neguje-volontiranjem\/\" \/>\n<meta property=\"og:site_name\" content=\"Novak Djokovic Foundation\" \/>\n<meta property=\"article:publisher\" content=\"https:\/\/www.facebook.com\/NovakDjokovicFoundation\" \/>\n<meta property=\"article:published_time\" content=\"2019-09-27T00:00:00+00:00\" \/>\n<meta property=\"article:modified_time\" content=\"2023-02-10T12:12:11+00:00\" \/>\n<meta property=\"og:image\" content=\"https:\/\/novakdjokovicfoundation.org\/wp-content\/uploads\/2023\/02\/Drugarijada-2019-Dan-0-foto-Jelena-Ivanovic-4-e1569592652166-scaled.jpg\" \/>\n\t<meta property=\"og:image:width\" content=\"2560\" \/>\n\t<meta property=\"og:image:height\" content=\"1280\" \/>\n\t<meta property=\"og:image:type\" content=\"image\/jpeg\" \/>\n<meta name=\"author\" content=\"NDFAuthors\" \/>\n<meta name=\"twitter:card\" content=\"summary_large_image\" \/>\n<meta name=\"twitter:creator\" content=\"@novakfoundation\" \/>\n<meta name=\"twitter:site\" content=\"@novakfoundation\" \/>\n<meta name=\"twitter:label1\" content=\"\u041d\u0430\u043f\u0438\u0441\u0430\u043d\u043e \u043e\u0434\" \/>\n\t<meta name=\"twitter:data1\" content=\"NDFAuthors\" \/>\n\t<meta name=\"twitter:label2\" content=\"\u041f\u0440\u043e\u0446\u0435\u045a\u0435\u043d\u043e \u0432\u0440\u0435\u043c\u0435 \u0447\u0438\u0442\u0430\u045a\u0430\" \/>\n\t<meta name=\"twitter:data2\" content=\"7 \u043c\u0438\u043d\u0443\u0442\u0430\" \/>\n<script type=\"application\/ld+json\" class=\"yoast-schema-graph\">{\"@context\":\"https:\\\/\\\/schema.org\",\"@graph\":[{\"@type\":\"Article\",\"@id\":\"https:\\\/\\\/novakdjokovicfoundation.org\\\/sr\\\/empatija-se-neguje-volontiranjem\\\/#article\",\"isPartOf\":{\"@id\":\"https:\\\/\\\/novakdjokovicfoundation.org\\\/sr\\\/empatija-se-neguje-volontiranjem\\\/\"},\"author\":{\"name\":\"NDFAuthors\",\"@id\":\"https:\\\/\\\/novakdjokovicfoundation.org\\\/#\\\/schema\\\/person\\\/92d439ce9f161db2227d88016babb26d\"},\"headline\":\"Empatija se neguje volontiranjem\",\"datePublished\":\"2019-09-27T00:00:00+00:00\",\"dateModified\":\"2023-02-10T12:12:11+00:00\",\"mainEntityOfPage\":{\"@id\":\"https:\\\/\\\/novakdjokovicfoundation.org\\\/sr\\\/empatija-se-neguje-volontiranjem\\\/\"},\"wordCount\":1371,\"commentCount\":0,\"publisher\":{\"@id\":\"https:\\\/\\\/novakdjokovicfoundation.org\\\/#organization\"},\"image\":{\"@id\":\"https:\\\/\\\/novakdjokovicfoundation.org\\\/sr\\\/empatija-se-neguje-volontiranjem\\\/#primaryimage\"},\"thumbnailUrl\":\"https:\\\/\\\/novakdjokovicfoundation.org\\\/wp-content\\\/uploads\\\/2023\\\/02\\\/Drugarijada-2019-Dan-0-foto-Jelena-Ivanovic-4-e1569592652166-scaled.jpg\",\"articleSection\":[\"Na\u0161e pri\u010de\"],\"inLanguage\":\"sr-RS\",\"potentialAction\":[{\"@type\":\"CommentAction\",\"name\":\"Comment\",\"target\":[\"https:\\\/\\\/novakdjokovicfoundation.org\\\/sr\\\/empatija-se-neguje-volontiranjem\\\/#respond\"]}]},{\"@type\":\"WebPage\",\"@id\":\"https:\\\/\\\/novakdjokovicfoundation.org\\\/sr\\\/empatija-se-neguje-volontiranjem\\\/\",\"url\":\"https:\\\/\\\/novakdjokovicfoundation.org\\\/sr\\\/empatija-se-neguje-volontiranjem\\\/\",\"name\":\"Empatija se neguje volontiranjem - Novak Djokovic Foundation\",\"isPartOf\":{\"@id\":\"https:\\\/\\\/novakdjokovicfoundation.org\\\/#website\"},\"primaryImageOfPage\":{\"@id\":\"https:\\\/\\\/novakdjokovicfoundation.org\\\/sr\\\/empatija-se-neguje-volontiranjem\\\/#primaryimage\"},\"image\":{\"@id\":\"https:\\\/\\\/novakdjokovicfoundation.org\\\/sr\\\/empatija-se-neguje-volontiranjem\\\/#primaryimage\"},\"thumbnailUrl\":\"https:\\\/\\\/novakdjokovicfoundation.org\\\/wp-content\\\/uploads\\\/2023\\\/02\\\/Drugarijada-2019-Dan-0-foto-Jelena-Ivanovic-4-e1569592652166-scaled.jpg\",\"datePublished\":\"2019-09-27T00:00:00+00:00\",\"dateModified\":\"2023-02-10T12:12:11+00:00\",\"breadcrumb\":{\"@id\":\"https:\\\/\\\/novakdjokovicfoundation.org\\\/sr\\\/empatija-se-neguje-volontiranjem\\\/#breadcrumb\"},\"inLanguage\":\"sr-RS\",\"potentialAction\":[{\"@type\":\"ReadAction\",\"target\":[\"https:\\\/\\\/novakdjokovicfoundation.org\\\/sr\\\/empatija-se-neguje-volontiranjem\\\/\"]}]},{\"@type\":\"ImageObject\",\"inLanguage\":\"sr-RS\",\"@id\":\"https:\\\/\\\/novakdjokovicfoundation.org\\\/sr\\\/empatija-se-neguje-volontiranjem\\\/#primaryimage\",\"url\":\"https:\\\/\\\/novakdjokovicfoundation.org\\\/wp-content\\\/uploads\\\/2023\\\/02\\\/Drugarijada-2019-Dan-0-foto-Jelena-Ivanovic-4-e1569592652166-scaled.jpg\",\"contentUrl\":\"https:\\\/\\\/novakdjokovicfoundation.org\\\/wp-content\\\/uploads\\\/2023\\\/02\\\/Drugarijada-2019-Dan-0-foto-Jelena-Ivanovic-4-e1569592652166-scaled.jpg\",\"width\":2560,\"height\":1280},{\"@type\":\"BreadcrumbList\",\"@id\":\"https:\\\/\\\/novakdjokovicfoundation.org\\\/sr\\\/empatija-se-neguje-volontiranjem\\\/#breadcrumb\",\"itemListElement\":[{\"@type\":\"ListItem\",\"position\":1,\"name\":\"Home\",\"item\":\"https:\\\/\\\/novakdjokovicfoundation.org\\\/sr\\\/\"},{\"@type\":\"ListItem\",\"position\":2,\"name\":\"Empatija se neguje volontiranjem\"}]},{\"@type\":\"WebSite\",\"@id\":\"https:\\\/\\\/novakdjokovicfoundation.org\\\/#website\",\"url\":\"https:\\\/\\\/novakdjokovicfoundation.org\\\/\",\"name\":\"Novak Djokovic Foundation\",\"description\":\"Believe in their dreams\",\"publisher\":{\"@id\":\"https:\\\/\\\/novakdjokovicfoundation.org\\\/#organization\"},\"potentialAction\":[{\"@type\":\"SearchAction\",\"target\":{\"@type\":\"EntryPoint\",\"urlTemplate\":\"https:\\\/\\\/novakdjokovicfoundation.org\\\/?s={search_term_string}\"},\"query-input\":{\"@type\":\"PropertyValueSpecification\",\"valueRequired\":true,\"valueName\":\"search_term_string\"}}],\"inLanguage\":\"sr-RS\"},{\"@type\":\"Organization\",\"@id\":\"https:\\\/\\\/novakdjokovicfoundation.org\\\/#organization\",\"name\":\"Novak Djokovic Foundation\",\"url\":\"https:\\\/\\\/novakdjokovicfoundation.org\\\/\",\"logo\":{\"@type\":\"ImageObject\",\"inLanguage\":\"sr-RS\",\"@id\":\"https:\\\/\\\/novakdjokovicfoundation.org\\\/#\\\/schema\\\/logo\\\/image\\\/\",\"url\":\"https:\\\/\\\/novakdjokovicfoundation.org\\\/wp-content\\\/uploads\\\/2024\\\/12\\\/NDF_Logo_BLUE.svg\",\"contentUrl\":\"https:\\\/\\\/novakdjokovicfoundation.org\\\/wp-content\\\/uploads\\\/2024\\\/12\\\/NDF_Logo_BLUE.svg\",\"width\":1,\"height\":1,\"caption\":\"Novak Djokovic Foundation\"},\"image\":{\"@id\":\"https:\\\/\\\/novakdjokovicfoundation.org\\\/#\\\/schema\\\/logo\\\/image\\\/\"},\"sameAs\":[\"https:\\\/\\\/www.facebook.com\\\/NovakDjokovicFoundation\",\"https:\\\/\\\/x.com\\\/novakfoundation\",\"https:\\\/\\\/www.instagram.com\\\/novakfoundation\"]},{\"@type\":\"Person\",\"@id\":\"https:\\\/\\\/novakdjokovicfoundation.org\\\/#\\\/schema\\\/person\\\/92d439ce9f161db2227d88016babb26d\",\"name\":\"NDFAuthors\",\"image\":{\"@type\":\"ImageObject\",\"inLanguage\":\"sr-RS\",\"@id\":\"https:\\\/\\\/secure.gravatar.com\\\/avatar\\\/a56dea238b3a98b3408ef9bffaa7226d71ec06e401c449ab94453fa6c470ef8c?s=96&d=mm&r=g\",\"url\":\"https:\\\/\\\/secure.gravatar.com\\\/avatar\\\/a56dea238b3a98b3408ef9bffaa7226d71ec06e401c449ab94453fa6c470ef8c?s=96&d=mm&r=g\",\"contentUrl\":\"https:\\\/\\\/secure.gravatar.com\\\/avatar\\\/a56dea238b3a98b3408ef9bffaa7226d71ec06e401c449ab94453fa6c470ef8c?s=96&d=mm&r=g\",\"caption\":\"NDFAuthors\"},\"url\":\"https:\\\/\\\/novakdjokovicfoundation.org\\\/sr\\\/author\\\/ndfauthors\\\/\"}]}<\/script>\n<!-- \/ Yoast SEO plugin. -->","yoast_head_json":{"title":"Empatija se neguje volontiranjem - Novak Djokovic Foundation","robots":{"index":"index","follow":"follow","max-snippet":"max-snippet:-1","max-image-preview":"max-image-preview:large","max-video-preview":"max-video-preview:-1"},"canonical":"https:\/\/novakdjokovicfoundation.org\/sr\/empatija-se-neguje-volontiranjem\/","og_locale":"sr_RS","og_type":"article","og_title":"Empatija se neguje volontiranjem - Novak Djokovic Foundation","og_description":"\u201eIde\u0161 da volontira\u0161? Jedva \u010deka\u0161? Ne razumem te ba\u0161, ti od toga nema\u0161 ni\u0161ta\u201c &#8211; re\u010denica koju sam vi\u0161e puta \u010dula saop\u0161tiv\u0161i svoju odluku da sam kona\u010dno skupila hrabrost i [&hellip;]","og_url":"https:\/\/novakdjokovicfoundation.org\/sr\/empatija-se-neguje-volontiranjem\/","og_site_name":"Novak Djokovic Foundation","article_publisher":"https:\/\/www.facebook.com\/NovakDjokovicFoundation","article_published_time":"2019-09-27T00:00:00+00:00","article_modified_time":"2023-02-10T12:12:11+00:00","og_image":[{"width":2560,"height":1280,"url":"https:\/\/novakdjokovicfoundation.org\/wp-content\/uploads\/2023\/02\/Drugarijada-2019-Dan-0-foto-Jelena-Ivanovic-4-e1569592652166-scaled.jpg","type":"image\/jpeg"}],"author":"NDFAuthors","twitter_card":"summary_large_image","twitter_creator":"@novakfoundation","twitter_site":"@novakfoundation","twitter_misc":{"\u041d\u0430\u043f\u0438\u0441\u0430\u043d\u043e \u043e\u0434":"NDFAuthors","\u041f\u0440\u043e\u0446\u0435\u045a\u0435\u043d\u043e \u0432\u0440\u0435\u043c\u0435 \u0447\u0438\u0442\u0430\u045a\u0430":"7 \u043c\u0438\u043d\u0443\u0442\u0430"},"schema":{"@context":"https:\/\/schema.org","@graph":[{"@type":"Article","@id":"https:\/\/novakdjokovicfoundation.org\/sr\/empatija-se-neguje-volontiranjem\/#article","isPartOf":{"@id":"https:\/\/novakdjokovicfoundation.org\/sr\/empatija-se-neguje-volontiranjem\/"},"author":{"name":"NDFAuthors","@id":"https:\/\/novakdjokovicfoundation.org\/#\/schema\/person\/92d439ce9f161db2227d88016babb26d"},"headline":"Empatija se neguje volontiranjem","datePublished":"2019-09-27T00:00:00+00:00","dateModified":"2023-02-10T12:12:11+00:00","mainEntityOfPage":{"@id":"https:\/\/novakdjokovicfoundation.org\/sr\/empatija-se-neguje-volontiranjem\/"},"wordCount":1371,"commentCount":0,"publisher":{"@id":"https:\/\/novakdjokovicfoundation.org\/#organization"},"image":{"@id":"https:\/\/novakdjokovicfoundation.org\/sr\/empatija-se-neguje-volontiranjem\/#primaryimage"},"thumbnailUrl":"https:\/\/novakdjokovicfoundation.org\/wp-content\/uploads\/2023\/02\/Drugarijada-2019-Dan-0-foto-Jelena-Ivanovic-4-e1569592652166-scaled.jpg","articleSection":["Na\u0161e pri\u010de"],"inLanguage":"sr-RS","potentialAction":[{"@type":"CommentAction","name":"Comment","target":["https:\/\/novakdjokovicfoundation.org\/sr\/empatija-se-neguje-volontiranjem\/#respond"]}]},{"@type":"WebPage","@id":"https:\/\/novakdjokovicfoundation.org\/sr\/empatija-se-neguje-volontiranjem\/","url":"https:\/\/novakdjokovicfoundation.org\/sr\/empatija-se-neguje-volontiranjem\/","name":"Empatija se neguje volontiranjem - Novak Djokovic Foundation","isPartOf":{"@id":"https:\/\/novakdjokovicfoundation.org\/#website"},"primaryImageOfPage":{"@id":"https:\/\/novakdjokovicfoundation.org\/sr\/empatija-se-neguje-volontiranjem\/#primaryimage"},"image":{"@id":"https:\/\/novakdjokovicfoundation.org\/sr\/empatija-se-neguje-volontiranjem\/#primaryimage"},"thumbnailUrl":"https:\/\/novakdjokovicfoundation.org\/wp-content\/uploads\/2023\/02\/Drugarijada-2019-Dan-0-foto-Jelena-Ivanovic-4-e1569592652166-scaled.jpg","datePublished":"2019-09-27T00:00:00+00:00","dateModified":"2023-02-10T12:12:11+00:00","breadcrumb":{"@id":"https:\/\/novakdjokovicfoundation.org\/sr\/empatija-se-neguje-volontiranjem\/#breadcrumb"},"inLanguage":"sr-RS","potentialAction":[{"@type":"ReadAction","target":["https:\/\/novakdjokovicfoundation.org\/sr\/empatija-se-neguje-volontiranjem\/"]}]},{"@type":"ImageObject","inLanguage":"sr-RS","@id":"https:\/\/novakdjokovicfoundation.org\/sr\/empatija-se-neguje-volontiranjem\/#primaryimage","url":"https:\/\/novakdjokovicfoundation.org\/wp-content\/uploads\/2023\/02\/Drugarijada-2019-Dan-0-foto-Jelena-Ivanovic-4-e1569592652166-scaled.jpg","contentUrl":"https:\/\/novakdjokovicfoundation.org\/wp-content\/uploads\/2023\/02\/Drugarijada-2019-Dan-0-foto-Jelena-Ivanovic-4-e1569592652166-scaled.jpg","width":2560,"height":1280},{"@type":"BreadcrumbList","@id":"https:\/\/novakdjokovicfoundation.org\/sr\/empatija-se-neguje-volontiranjem\/#breadcrumb","itemListElement":[{"@type":"ListItem","position":1,"name":"Home","item":"https:\/\/novakdjokovicfoundation.org\/sr\/"},{"@type":"ListItem","position":2,"name":"Empatija se neguje volontiranjem"}]},{"@type":"WebSite","@id":"https:\/\/novakdjokovicfoundation.org\/#website","url":"https:\/\/novakdjokovicfoundation.org\/","name":"Novak Djokovic Foundation","description":"Believe in their dreams","publisher":{"@id":"https:\/\/novakdjokovicfoundation.org\/#organization"},"potentialAction":[{"@type":"SearchAction","target":{"@type":"EntryPoint","urlTemplate":"https:\/\/novakdjokovicfoundation.org\/?s={search_term_string}"},"query-input":{"@type":"PropertyValueSpecification","valueRequired":true,"valueName":"search_term_string"}}],"inLanguage":"sr-RS"},{"@type":"Organization","@id":"https:\/\/novakdjokovicfoundation.org\/#organization","name":"Novak Djokovic Foundation","url":"https:\/\/novakdjokovicfoundation.org\/","logo":{"@type":"ImageObject","inLanguage":"sr-RS","@id":"https:\/\/novakdjokovicfoundation.org\/#\/schema\/logo\/image\/","url":"https:\/\/novakdjokovicfoundation.org\/wp-content\/uploads\/2024\/12\/NDF_Logo_BLUE.svg","contentUrl":"https:\/\/novakdjokovicfoundation.org\/wp-content\/uploads\/2024\/12\/NDF_Logo_BLUE.svg","width":1,"height":1,"caption":"Novak Djokovic Foundation"},"image":{"@id":"https:\/\/novakdjokovicfoundation.org\/#\/schema\/logo\/image\/"},"sameAs":["https:\/\/www.facebook.com\/NovakDjokovicFoundation","https:\/\/x.com\/novakfoundation","https:\/\/www.instagram.com\/novakfoundation"]},{"@type":"Person","@id":"https:\/\/novakdjokovicfoundation.org\/#\/schema\/person\/92d439ce9f161db2227d88016babb26d","name":"NDFAuthors","image":{"@type":"ImageObject","inLanguage":"sr-RS","@id":"https:\/\/secure.gravatar.com\/avatar\/a56dea238b3a98b3408ef9bffaa7226d71ec06e401c449ab94453fa6c470ef8c?s=96&d=mm&r=g","url":"https:\/\/secure.gravatar.com\/avatar\/a56dea238b3a98b3408ef9bffaa7226d71ec06e401c449ab94453fa6c470ef8c?s=96&d=mm&r=g","contentUrl":"https:\/\/secure.gravatar.com\/avatar\/a56dea238b3a98b3408ef9bffaa7226d71ec06e401c449ab94453fa6c470ef8c?s=96&d=mm&r=g","caption":"NDFAuthors"},"url":"https:\/\/novakdjokovicfoundation.org\/sr\/author\/ndfauthors\/"}]}},"_links":{"self":[{"href":"https:\/\/novakdjokovicfoundation.org\/sr\/wp-json\/wp\/v2\/posts\/16804","targetHints":{"allow":["GET"]}}],"collection":[{"href":"https:\/\/novakdjokovicfoundation.org\/sr\/wp-json\/wp\/v2\/posts"}],"about":[{"href":"https:\/\/novakdjokovicfoundation.org\/sr\/wp-json\/wp\/v2\/types\/post"}],"author":[{"embeddable":true,"href":"https:\/\/novakdjokovicfoundation.org\/sr\/wp-json\/wp\/v2\/users\/5"}],"replies":[{"embeddable":true,"href":"https:\/\/novakdjokovicfoundation.org\/sr\/wp-json\/wp\/v2\/comments?post=16804"}],"version-history":[{"count":1,"href":"https:\/\/novakdjokovicfoundation.org\/sr\/wp-json\/wp\/v2\/posts\/16804\/revisions"}],"predecessor-version":[{"id":17169,"href":"https:\/\/novakdjokovicfoundation.org\/sr\/wp-json\/wp\/v2\/posts\/16804\/revisions\/17169"}],"wp:featuredmedia":[{"embeddable":true,"href":"https:\/\/novakdjokovicfoundation.org\/sr\/wp-json\/wp\/v2\/media\/16805"}],"wp:attachment":[{"href":"https:\/\/novakdjokovicfoundation.org\/sr\/wp-json\/wp\/v2\/media?parent=16804"}],"wp:term":[{"taxonomy":"category","embeddable":true,"href":"https:\/\/novakdjokovicfoundation.org\/sr\/wp-json\/wp\/v2\/categories?post=16804"},{"taxonomy":"post_tag","embeddable":true,"href":"https:\/\/novakdjokovicfoundation.org\/sr\/wp-json\/wp\/v2\/tags?post=16804"}],"curies":[{"name":"wp","href":"https:\/\/api.w.org\/{rel}","templated":true}]}}