{"id":16744,"date":"2019-08-15T00:00:00","date_gmt":"2019-08-15T00:00:00","guid":{"rendered":"https:\/\/novakdjokovicfoundation.org\/nova-skolska-godina-je-odmah-iza-coska\/"},"modified":"2023-03-20T16:57:02","modified_gmt":"2023-03-20T16:57:02","slug":"nova-skolska-godina-je-odmah-iza-coska","status":"publish","type":"post","link":"https:\/\/novakdjokovicfoundation.org\/sr\/nova-skolska-godina-je-odmah-iza-coska\/","title":{"rendered":"Roditelji, \u010duvajte se \u2013 po\u010detak \u0161kolske godine je odmah iza \u0107o\u0161ka"},"content":{"rendered":"<p><strong><em>Kraj letnje sezone je odmah iza \u0107o\u0161ka i po\u010detak \u0161kolske godine je za samo nekoliko nedelja. Vrlo uskoro roditelji i deca \u0107e po\u010deti da tr\u010de naokolo, kupuju\u0107i stvari za \u0161kolu, \u010diste\u0107i svoje domove, prave\u0107i rasporede i prilago\u0111avaju\u0107i se\u00a0ideji po\u010detka \u0161kolske godine.<\/em><\/strong><\/p>\n<p><!--more--><\/p>\n<p>Neka deca imaju prirodnu tendenciju da <strong>prihvate promene <\/strong>brzo, <strong>da se njima prilagode <\/strong>i da <strong>posko\u010de od sre\u0107e <\/strong>\u010dim se spomene<strong>\u00a0doma\u0107i. <\/strong>Druga deca <strong>postanu ekspresivnija, ose\u0107aju razli\u010dite nalete emocija <\/strong>i <strong>zaziru od ideje da moraju da rade doma\u0107i<\/strong>. Od razli\u010ditih ose\u0107anja <strong>ne mo\u017ee se pobe\u0107i \u2013 <\/strong>i roditelji i deca treba da ih budu <strong>svesni. <\/strong>Samo na taj na\u010din se te emocije mogu zapravo\u00a0<strong>prebroditi.<\/strong><\/p>\n<h2>Predstavljamo Vam\u00a0<strong>pet na\u010dina kako\u00a0<\/strong>da se izborite sa <strong>tranzicijom <\/strong>iz letnje sezone u po\u010detak \u0161kolske godine kao pravi stru\u010dnjak.<\/h2>\n<ol>\n<li>\n<h3><strong>Prvo razumite svoje emocije kao roditelj kako biste onda razumeli emocije Va\u0161eg deteta.<\/strong><\/h3>\n<\/li>\n<\/ol>\n<p>Kao roditelj, verovatno imate <strong>milion briga<\/strong> \u2013 od svakodnevnih obaveza preko <strong>stresa na poslu<\/strong> do toga da pazite da vam dete bude sre\u0107no i zdravo. Te brige su toliko prirodne da ih svako ima u nekom trenutku. A obi\u010dno te brige <strong>porastu ba\u0161 pred po\u010detak \u0161kolske godine<\/strong> i imate strah da \u0107e postati stvarne. Svaki put kada osetite teret na svojim ramenima, <strong>udahnite duboko deset puta<\/strong>, <strong>protegnite se<\/strong>, <strong>nasmejte se<\/strong> i podsetite sebe da je u okviru \u0161ire slike \u017eivota to samo jo\u0161 jedna briga koja \u010dak nije ni va\u017ena.<\/p>\n<p><strong>Isto pravilo va\u017ei za va\u0161u decu<\/strong>. Kada vidite da su napeti, udahnite duboko deset puta, setite se da su oni odvojena li\u010dnost od vas i dozvolite sebi da razumete njihove emocije. Jedan od najzdravijih na\u010dina da se izborite sa time emocijama je kroz <strong>fizi\u010dku aktivnost<\/strong> \u2013 idite u \u0161etnju po prirodi, bavite se sportom, ili idite na igrali\u0161te. Jo\u0161 jedan zdrav na\u010din da se izborite sa negativnim emocijama je <strong>kroz kreativnost<\/strong> \u2013 pravite ne\u0161to od Lego kocki, re\u0161ite slagalicu, ili crtajte. Mogu\u0107nosti su beskrajne \u2013 <strong>ideja je da pretvorite negativnost u pozitivnost \u0161to je pre mogu\u0107e<\/strong>, i da se zbli\u017eite sa svojom decom pomo\u0107u zabavnih aktivnosti koje \u0107e pomo\u0107i obema stranama da se oslobode od stresa.<\/p>\n<ol start=\"2\">\n<li>\n<h3><strong>Usvojite dobre navike ishrane.<\/strong><\/h3>\n<\/li>\n<\/ol>\n<p><strong>Verujem da je ovo jedna od klju\u010dnih tajni za uspeh svakoga<\/strong>. Pre nego \u0161to \u0161kolska godina po\u010dne, mo\u017eete da napravite <strong>plan obroka<\/strong>. Ja sam napravila moju sopstvenu i sada nosim kopiju svaki put kada idem u nabavku namirnica. Uvo\u0111enje strukture i reda u moj raspored mi daje ose\u0107aj kontrole i poma\u017ee mi da se dr\u017eim zdravih navika ishrane. Ako nemate vremena da sami napravite <strong>plan obroka<\/strong>, mo\u017eete da koristite neke od mnogih resursa dostupnih na internetu. Ako ste zaboravni, ba\u0161 kao ja, to mo\u017ee da bude koristan alat koji \u0107e vam pomo\u0107i da u\u0161tedite vreme i vi\u0161e pazite kada kupujete namirnice.<\/p>\n<p>Nadalje, iako nisam nutricionista, <strong>shvatila sam vrednost zdrave ishrane za na\u0161a tela pomo\u0107u zdrave i ukusne hrane<\/strong>. Jedini savet koji mogu da vam dam je da posmatrate pona\u0161enje va\u0161e dece u zavisnosti od hrane koju ste uveli u njihovu ishranu. Ako primetite da postanu nervoznija ili promenljivog raspolo\u017eenja, napravite promene i poku\u0161ajte da prona\u0111ete uzrok. Kako biste uradili to, mo\u017eete da istra\u017eite knjige o ishrani a pre nego \u0161to kupite bilo koju knjigu, obavezno pro\u010ditajte kritike i upoznajte se sa oblasti stru\u010dnosti autora. Ako imate malo slobodnog vremena, mo\u017eete da probate <a href=\"https:\/\/www.audible.com\/howtolisten\" target=\"_blank\" rel=\"noopener\">aplikaciju <em>Audible <\/em><\/a>koja nudi audio knjige. Mo\u017eete slu\u0161ati audio knjige na putu na posao, pre spavanja ili u drugim prilikama kad imate vremena.<\/p>\n<div id=\"attachment_19622\" style=\"width: 5626px\" class=\"wp-caption aligncenter\"><img loading=\"lazy\" decoding=\"async\" aria-describedby=\"caption-attachment-19622\" class=\"wp-image-19622 size-full\" src=\"https:\/\/novakdjokovicfoundation.org\/wp-content\/uploads\/2016\/09\/cute-little-girl-eating-watermelon-on-the-grass-in-summertime-nutrition.jpg\" alt=\"Pre nego \u0161to \u0161kolska godina po\u010dne, mo\u017eete da napravite plan obroka\" width=\"5616\" height=\"3744\" \/><p id=\"caption-attachment-19622\" class=\"wp-caption-text\">Pre nego \u0161to \u0161kolska godina po\u010dne, mo\u017eete da napravite plan obroka. Copyright: Lana K<\/p><\/div>\n<ol start=\"3\">\n<li>\n<h3><strong>Upostavite zdrav raspored spavanja.<\/strong><\/h3>\n<\/li>\n<\/ol>\n<blockquote><p>Zamislite ovo: \u201e\u017durite s posla da pokupite dete iz \u0161kole. \u010cim stignite ku\u0107i, zatrpani ste raznim obavezama. Morate da po\u010distite sobu va\u0161eg deteta \u2013 igra\u010dke su svuda, i ponovo ste nagazili na Lego kocku. Spremni ste da po\u010dnete da vri\u0161tite. Kada odete u dnevnu sobu, dete je napravilo jo\u0161 jedan nered i morate da po\u010distite ponovo. Dok pogledate na sat, ve\u0107 je 6 sati i jo\u0161 uvek niste po\u010deli da spremate ve\u010deru. Dok spremite ve\u010deru, shvatite da je odlazak u krevet rano \u010dista fatamorgana.\u201c<\/p><\/blockquote>\n<p>Poznato mi je kako je napraviti plan da odete rano u krevet, i onda ga ne pratiti, ili kada odvla\u010dim sebi pa\u017enju sa mislima i idejama jer uvek ima toliko toga da se uradi ili napravi. Na kraju, ovo nesvesno kretanje dovodi do stresa i zamara telo.<\/p>\n<h3><a href=\"https:\/\/novakdjokovicfoundation.org\/sr\/da-bi-deca-bila-snazna-noc-je-vazna\/\" target=\"_blank\" rel=\"noopener\">Deci je potreban dodatan san kako bi pripremila svoja tela za stres nove \u0161kolske godine.<\/a><\/h3>\n<p>Ume\u0161to da poku\u0161ate da napravite promene u vremenu spavanja od jednom, mo\u017eete da unesete <strong>male promene svake nedelje.<\/strong> Na primer, mo\u017eete da poku\u0161ate da \u0161aljete decu u krevet <strong>dvadeset minuta ranije svake nedelje<\/strong> dok ne dostignete \u017eeljeni plan spavanja, da bi se organizam deteta navikao na zdrav na\u010din. Kako bi vam tranzicija odlaska u krevet ranije bila lak\u0161a, mo\u017eete da im pu\u0161tate opu\u0161taju\u0107u muziku i da pri\u010date sa svojom decom. Umesto \u010ditanja pri\u010da za laku no\u0107, mo\u017eete da iskoristite <a href=\"https:\/\/blog.calm.com\/put-your-kids-to-bed-with-the-calm-app\" target=\"_blank\" rel=\"noopener\">aplikaciju <\/a><em>Calm <\/em>koja nudi audio pri\u010de za laku no\u0107.<\/p>\n<ol start=\"4\">\n<li>\n<h3><strong>Uvedite svesnost u rutinu va\u0161e dece<\/strong><\/h3>\n<\/li>\n<\/ol>\n<p>Verujem da svi izgube ose\u0107aj svrhe s vremena na vreme tokom \u017eivota. \u010cesto klizimo kroz na\u0161e \u017eivote, tra\u017ee\u0107i neku vrstu spolja\u0161nje potvrde, zasluga i podr\u0161ke, ne shvataju\u0107i da je sve to zapravno unutra\u0161nja stvar. Na\u0161e rutine nas nateraju da zaboravimo da vidimo \u0161iru sliku. Kako bismo se povratili i vratili ose\u0107aj svrhe, potrebno je da imamo \u201e<strong>sidro<\/strong>\u201c i <strong>pitanje \u201eza\u0161to<\/strong>\u201c. Kada se zapitamo za\u0161to te\u017eimo konkretnom cilju, moramo da odmah odgovorimo sebi za\u0161to \u017eelimo da postignemo taj cilj. A ako nemamo odgovor odmah, onda to verovatno nije put kojim treba da idemo.<\/p>\n<p>Kada smo svesni sebe, na\u0161e okoline i drugih, to nam poma\u017ee da primetimo \u201eza\u0161to\u201c i <strong>svaki dan se probudimo sa pozitivnim na\u010dinom razmi\u0161ljanja<\/strong> o tome kako \u0107e se na\u0161e \u201eza\u0161to\u201c ostvariti. <strong>Roditelji su ta \u201esidra\u201c<\/strong> koja nam uvek poma\u017eu da se vratimo na\u0161em \u201eza\u0161to\u201c i vode nas na putu kojim treba da idemo.<\/p>\n<p>Kako biste uveli svesnost u rutine va\u0161e dece, mo\u017eete da napravite <strong>listu postignu\u0107a<\/strong> na koju ste i vi i va\u0161a deca ponosni. Mo\u017eete je<strong> zaka\u010diti na fri\u017eider<\/strong> i dopunjavati je tokom \u0161kolske godine. Tako\u0111e mo\u017eete da pohvalite decu za najmanje pobede \u2013 male pobede se ra\u010dunaju i va\u017ene su. Pored toga, stvaranje predstave o prethodnim postignu\u0107ima i budu\u0107im ciljevima \u0107e omogu\u0107iti vama i va\u0161oj deci da se zbli\u017eite i podseti\u0107e vas da ste u istom timu. Mo\u017eete da pitate decu za\u0161to vole neku aktivnost ili predmet, i zapi\u0161ite to, kako bi deca mogla da ga vide i podsete se za\u0161to su uop\u0161te po\u010deli s tim. Deca mogu dalje da navedu svoje ciljeve u vezi sa tom aktivno\u0161\u0107u i\/ili predmetom i da se podsete smera koji su odabrali kada skrenu.<\/p>\n<div id=\"attachment_21733\" style=\"width: 5410px\" class=\"wp-caption aligncenter\"><img loading=\"lazy\" decoding=\"async\" aria-describedby=\"caption-attachment-21733\" class=\"wp-image-21733 size-full\" src=\"https:\/\/novakdjokovicfoundation.org\/wp-content\/uploads\/2017\/03\/adorable-little-schoolgirl-studying-outdoors-on.jpg\" alt=\"Neka deca imaju prirodnu tendenciju da prihvate promene brzo, da se njima prilagode i da posko\u010de od sre\u0107e \u010dim se spomene\u00a0doma\u0107i. Druga deca postanu ekspresivnija, ose\u0107aju razli\u010dite nalete emocija i zaziru od ideje da moraju da rade doma\u0107i.\" width=\"5400\" height=\"3600\" \/><p id=\"caption-attachment-21733\" class=\"wp-caption-text\">Neka deca imaju prirodnu tendenciju da prihvate promene brzo, da se njima prilagode i da posko\u010de od sre\u0107e \u010dim se spomene\u00a0doma\u0107i. Druga deca postanu ekspresivnija, ose\u0107aju razli\u010dite nalete emocija i zaziru od ideje da moraju da rade doma\u0107i.<\/p><\/div>\n<ol start=\"5\">\n<li>\n<h3><strong>Pribavite kreativne stvari za po\u010detak \u0161kolske godine.<\/strong><\/h3>\n<\/li>\n<\/ol>\n<p><strong>Na\u0161a okolina hrani na\u0161a \u010dula i gaji na\u0161u kreativnost.<\/strong> Slika prelepog izlaska ili zalaska sunca, zvuk pevaju\u0107ih ptica ujutru, dodir leptira koji sle\u0107e na na\u0161e ruke, ili miris i ukus izvrsnog doma\u0107eg obroka nam omogu\u0107avaju da prona\u0111emo zahvalnost u sebi i pokre\u0107u na\u0161u kreativnost kako bismo postigli svoje ciljeve. Ovi naizgled mali detalji iz na\u0161e okoline, koje \u010desto ne primetimo kad \u017eurimo negde drugde, \u010dine razli\u010dite boje na\u0161ih \u017eivota. \u017divot je mnogo vi\u0161e od crnog i belog, ili dobrog i lo\u0161eg \u2013 \u017eivot je me\u0161avina svih boja.<\/p>\n<p>Kako bi podsetili decu na ovu \u010dinjenicu, roditelji mogu da nabave neke kul i kreativne stvari, kao \u0161to su <strong>olovke sa \u00c5\u00a0ekspirovim solilokvijima<\/strong>, <strong>gumice sa solarnim sistemom<\/strong>, <strong>sveske sa floralnim motivima i logoima<\/strong>, i <strong>drvene dnevnike<\/strong>. Jo\u0161 jedna ideja je da pripremite <strong>tablu aktivnosti u skladu sa <a href=\"https:\/\/novakdjokovicfoundation.org\/sr\/5-letnjih-montesori-aktivnosti\/\" target=\"_blank\" rel=\"noopener\">Montesori obrazovnim metodom<\/a><\/strong>. Tabla aktivnosti mo\u017ee da sadr\u017ei azbuku, kalkulator, muzi\u010dke instrumente, naprave, i mini tablu za crtanje. Pravljenje same table aktivnosti \u0107e biti izazov, ali mo\u017ee da poka\u017ee deci kako da se ne\u0161to napravi od po\u010detka, ili mo\u017eete da je kupite.<\/p>\n<blockquote>\n<h3><strong><em>Kada prihvatite osnovnu prirodu va\u0161e dece, mo\u017eete da oblikujete svoj stil tako da odgovara njihovom temperamentu. Da biste to uradili, to zna\u010di da se oslobodite fantazija o tome da ste jedna vrsta roditelja, i da umesto toga prerastete u roditelja koji treba da budete za to dete ispred vas \u2013 \u00c5\u00a0efali Tsabari<\/em><\/strong><\/h3>\n<\/blockquote>\n<p><em><strong>Ovaj citat iz knjige <a href=\"https:\/\/jelenadjokovic.com\/sr\/mudrosti-svesnog-roditelja\/\" target=\"_blank\" rel=\"noopener\">\u00c5\u00a0efali Tsabari \u201eOsve\u0161\u0107eni roditelj\u201c<\/a> podse\u0107a nas da moramo da prihvatimo na\u0161u decu i njihove emocije. Moramo da zapamtima da ih ne kritikujemo i ne u\u0107utkujemo pre nego \u0161to poku\u0161amo da vidimo stvari njihovim o\u010dima. Mi smo svi odrasla deca kojoj je tako\u0111e te\u0161ko da se prepustimo, ali moramo da podsetimo sebe i svoju decu da postoji pesma za svaku priliku. Uvo\u0111enje svesnosti, podr\u0161ke i ljubavi u svakodnevnu rutinu stvara mirniji i sre\u0107niji svet. Nema boljeg vremena da krenete ispo\u010detka po\u010detak \u0161kolske godine.<\/strong><\/em><\/p>\n","protected":false},"excerpt":{"rendered":"<p>Kraj letnje sezone je odmah iza \u0107o\u0161ka i po\u010detak \u0161kolske godine je za samo nekoliko nedelja. Vrlo uskoro roditelji i deca \u0107e po\u010deti da tr\u010de naokolo, kupuju\u0107i stvari za \u0161kolu, [&hellip;]<\/p>\n","protected":false},"author":5,"featured_media":16745,"comment_status":"open","ping_status":"open","sticky":false,"template":"","format":"standard","meta":{"_acf_changed":false,"footnotes":""},"categories":[20,1122],"tags":[1631,1635,1186,1636,1251],"class_list":["post-16744","post","type-post","status-publish","format-standard","has-post-thumbnail","hentry","category-blog-posts","category-rano-ucenje","tag-montesori","tag-nova-skolska-godina","tag-prvi-dan-skole","tag-sefali-tsabary","tag-vrtica-i-skola"],"acf":[],"yoast_head":"<!-- This site is optimized with the Yoast SEO plugin v27.2 - https:\/\/yoast.com\/product\/yoast-seo-wordpress\/ -->\n<title>Roditelji, \u010duvajte se \u2013 po\u010detak \u0161kolske godine je odmah iza \u0107o\u0161ka - Novak Djokovic Foundation<\/title>\n<meta name=\"robots\" content=\"index, follow, max-snippet:-1, max-image-preview:large, max-video-preview:-1\" \/>\n<link rel=\"canonical\" href=\"https:\/\/novakdjokovicfoundation.org\/sr\/nova-skolska-godina-je-odmah-iza-coska\/\" \/>\n<meta property=\"og:locale\" content=\"sr_RS\" \/>\n<meta property=\"og:type\" content=\"article\" \/>\n<meta property=\"og:title\" content=\"Roditelji, \u010duvajte se \u2013 po\u010detak \u0161kolske godine je odmah iza \u0107o\u0161ka - Novak Djokovic Foundation\" \/>\n<meta property=\"og:description\" content=\"Kraj letnje sezone je odmah iza \u0107o\u0161ka i po\u010detak \u0161kolske godine je za samo nekoliko nedelja. Vrlo uskoro roditelji i deca \u0107e po\u010deti da tr\u010de naokolo, kupuju\u0107i stvari za \u0161kolu, [&hellip;]\" \/>\n<meta property=\"og:url\" content=\"https:\/\/novakdjokovicfoundation.org\/sr\/nova-skolska-godina-je-odmah-iza-coska\/\" \/>\n<meta property=\"og:site_name\" content=\"Novak Djokovic Foundation\" \/>\n<meta property=\"article:publisher\" content=\"https:\/\/www.facebook.com\/NovakDjokovicFoundation\" \/>\n<meta property=\"article:published_time\" content=\"2019-08-15T00:00:00+00:00\" \/>\n<meta property=\"article:modified_time\" content=\"2023-03-20T16:57:02+00:00\" \/>\n<meta property=\"og:image\" content=\"https:\/\/novakdjokovicfoundation.org\/wp-content\/uploads\/2023\/02\/School-environment2.jpg\" \/>\n\t<meta property=\"og:image:width\" content=\"1000\" \/>\n\t<meta property=\"og:image:height\" content=\"717\" \/>\n\t<meta property=\"og:image:type\" content=\"image\/jpeg\" \/>\n<meta name=\"author\" content=\"NDFAuthors\" \/>\n<meta name=\"twitter:card\" content=\"summary_large_image\" \/>\n<meta name=\"twitter:creator\" content=\"@novakfoundation\" \/>\n<meta name=\"twitter:site\" content=\"@novakfoundation\" \/>\n<meta name=\"twitter:label1\" content=\"\u041d\u0430\u043f\u0438\u0441\u0430\u043d\u043e \u043e\u0434\" \/>\n\t<meta name=\"twitter:data1\" content=\"NDFAuthors\" \/>\n\t<meta name=\"twitter:label2\" content=\"\u041f\u0440\u043e\u0446\u0435\u045a\u0435\u043d\u043e \u0432\u0440\u0435\u043c\u0435 \u0447\u0438\u0442\u0430\u045a\u0430\" \/>\n\t<meta name=\"twitter:data2\" content=\"8 \u043c\u0438\u043d\u0443\u0442\u0430\" \/>\n<script type=\"application\/ld+json\" class=\"yoast-schema-graph\">{\"@context\":\"https:\/\/schema.org\",\"@graph\":[{\"@type\":\"Article\",\"@id\":\"https:\/\/novakdjokovicfoundation.org\/sr\/nova-skolska-godina-je-odmah-iza-coska\/#article\",\"isPartOf\":{\"@id\":\"https:\/\/novakdjokovicfoundation.org\/sr\/nova-skolska-godina-je-odmah-iza-coska\/\"},\"author\":{\"name\":\"NDFAuthors\",\"@id\":\"https:\/\/novakdjokovicfoundation.org\/#\/schema\/person\/92d439ce9f161db2227d88016babb26d\"},\"headline\":\"Roditelji, \u010duvajte se \u2013 po\u010detak \u0161kolske godine je odmah iza \u0107o\u0161ka\",\"datePublished\":\"2019-08-15T00:00:00+00:00\",\"dateModified\":\"2023-03-20T16:57:02+00:00\",\"mainEntityOfPage\":{\"@id\":\"https:\/\/novakdjokovicfoundation.org\/sr\/nova-skolska-godina-je-odmah-iza-coska\/\"},\"wordCount\":1670,\"commentCount\":0,\"publisher\":{\"@id\":\"https:\/\/novakdjokovicfoundation.org\/#organization\"},\"image\":{\"@id\":\"https:\/\/novakdjokovicfoundation.org\/sr\/nova-skolska-godina-je-odmah-iza-coska\/#primaryimage\"},\"thumbnailUrl\":\"https:\/\/novakdjokovicfoundation.org\/wp-content\/uploads\/2023\/02\/School-environment2.jpg\",\"keywords\":[\"Montesori\",\"nova \u0161kolska godina\",\"Prvi dan \u0161kole\",\"\u0160efali Tsabary\",\"vrti\u0107a i \u0161kola\"],\"articleSection\":[\"Blog posts\",\"Rano u\u010denje\"],\"inLanguage\":\"sr-RS\",\"potentialAction\":[{\"@type\":\"CommentAction\",\"name\":\"Comment\",\"target\":[\"https:\/\/novakdjokovicfoundation.org\/sr\/nova-skolska-godina-je-odmah-iza-coska\/#respond\"]}]},{\"@type\":\"WebPage\",\"@id\":\"https:\/\/novakdjokovicfoundation.org\/sr\/nova-skolska-godina-je-odmah-iza-coska\/\",\"url\":\"https:\/\/novakdjokovicfoundation.org\/sr\/nova-skolska-godina-je-odmah-iza-coska\/\",\"name\":\"Roditelji, \u010duvajte se \u2013 po\u010detak \u0161kolske godine je odmah iza \u0107o\u0161ka - Novak Djokovic Foundation\",\"isPartOf\":{\"@id\":\"https:\/\/novakdjokovicfoundation.org\/#website\"},\"primaryImageOfPage\":{\"@id\":\"https:\/\/novakdjokovicfoundation.org\/sr\/nova-skolska-godina-je-odmah-iza-coska\/#primaryimage\"},\"image\":{\"@id\":\"https:\/\/novakdjokovicfoundation.org\/sr\/nova-skolska-godina-je-odmah-iza-coska\/#primaryimage\"},\"thumbnailUrl\":\"https:\/\/novakdjokovicfoundation.org\/wp-content\/uploads\/2023\/02\/School-environment2.jpg\",\"datePublished\":\"2019-08-15T00:00:00+00:00\",\"dateModified\":\"2023-03-20T16:57:02+00:00\",\"breadcrumb\":{\"@id\":\"https:\/\/novakdjokovicfoundation.org\/sr\/nova-skolska-godina-je-odmah-iza-coska\/#breadcrumb\"},\"inLanguage\":\"sr-RS\",\"potentialAction\":[{\"@type\":\"ReadAction\",\"target\":[\"https:\/\/novakdjokovicfoundation.org\/sr\/nova-skolska-godina-je-odmah-iza-coska\/\"]}]},{\"@type\":\"ImageObject\",\"inLanguage\":\"sr-RS\",\"@id\":\"https:\/\/novakdjokovicfoundation.org\/sr\/nova-skolska-godina-je-odmah-iza-coska\/#primaryimage\",\"url\":\"https:\/\/novakdjokovicfoundation.org\/wp-content\/uploads\/2023\/02\/School-environment2.jpg\",\"contentUrl\":\"https:\/\/novakdjokovicfoundation.org\/wp-content\/uploads\/2023\/02\/School-environment2.jpg\",\"width\":1000,\"height\":717},{\"@type\":\"BreadcrumbList\",\"@id\":\"https:\/\/novakdjokovicfoundation.org\/sr\/nova-skolska-godina-je-odmah-iza-coska\/#breadcrumb\",\"itemListElement\":[{\"@type\":\"ListItem\",\"position\":1,\"name\":\"Home\",\"item\":\"https:\/\/novakdjokovicfoundation.org\/sr\/\"},{\"@type\":\"ListItem\",\"position\":2,\"name\":\"Roditelji, \u010duvajte se \u2013 po\u010detak \u0161kolske godine je odmah iza \u0107o\u0161ka\"}]},{\"@type\":\"WebSite\",\"@id\":\"https:\/\/novakdjokovicfoundation.org\/#website\",\"url\":\"https:\/\/novakdjokovicfoundation.org\/\",\"name\":\"Novak Djokovic Foundation\",\"description\":\"Believe in their dreams\",\"publisher\":{\"@id\":\"https:\/\/novakdjokovicfoundation.org\/#organization\"},\"potentialAction\":[{\"@type\":\"SearchAction\",\"target\":{\"@type\":\"EntryPoint\",\"urlTemplate\":\"https:\/\/novakdjokovicfoundation.org\/?s={search_term_string}\"},\"query-input\":{\"@type\":\"PropertyValueSpecification\",\"valueRequired\":true,\"valueName\":\"search_term_string\"}}],\"inLanguage\":\"sr-RS\"},{\"@type\":\"Organization\",\"@id\":\"https:\/\/novakdjokovicfoundation.org\/#organization\",\"name\":\"Novak Djokovic Foundation\",\"url\":\"https:\/\/novakdjokovicfoundation.org\/\",\"logo\":{\"@type\":\"ImageObject\",\"inLanguage\":\"sr-RS\",\"@id\":\"https:\/\/novakdjokovicfoundation.org\/#\/schema\/logo\/image\/\",\"url\":\"https:\/\/novakdjokovicfoundation.org\/wp-content\/uploads\/2024\/12\/NDF_Logo_BLUE.svg\",\"contentUrl\":\"https:\/\/novakdjokovicfoundation.org\/wp-content\/uploads\/2024\/12\/NDF_Logo_BLUE.svg\",\"width\":1,\"height\":1,\"caption\":\"Novak Djokovic Foundation\"},\"image\":{\"@id\":\"https:\/\/novakdjokovicfoundation.org\/#\/schema\/logo\/image\/\"},\"sameAs\":[\"https:\/\/www.facebook.com\/NovakDjokovicFoundation\",\"https:\/\/x.com\/novakfoundation\",\"https:\/\/www.instagram.com\/novakfoundation\"]},{\"@type\":\"Person\",\"@id\":\"https:\/\/novakdjokovicfoundation.org\/#\/schema\/person\/92d439ce9f161db2227d88016babb26d\",\"name\":\"NDFAuthors\",\"image\":{\"@type\":\"ImageObject\",\"inLanguage\":\"sr-RS\",\"@id\":\"https:\/\/secure.gravatar.com\/avatar\/a56dea238b3a98b3408ef9bffaa7226d71ec06e401c449ab94453fa6c470ef8c?s=96&d=mm&r=g\",\"url\":\"https:\/\/secure.gravatar.com\/avatar\/a56dea238b3a98b3408ef9bffaa7226d71ec06e401c449ab94453fa6c470ef8c?s=96&d=mm&r=g\",\"contentUrl\":\"https:\/\/secure.gravatar.com\/avatar\/a56dea238b3a98b3408ef9bffaa7226d71ec06e401c449ab94453fa6c470ef8c?s=96&d=mm&r=g\",\"caption\":\"NDFAuthors\"},\"url\":\"https:\/\/novakdjokovicfoundation.org\/sr\/author\/ndfauthors\/\"}]}<\/script>\n<!-- \/ Yoast SEO plugin. -->","yoast_head_json":{"title":"Roditelji, \u010duvajte se \u2013 po\u010detak \u0161kolske godine je odmah iza \u0107o\u0161ka - Novak Djokovic Foundation","robots":{"index":"index","follow":"follow","max-snippet":"max-snippet:-1","max-image-preview":"max-image-preview:large","max-video-preview":"max-video-preview:-1"},"canonical":"https:\/\/novakdjokovicfoundation.org\/sr\/nova-skolska-godina-je-odmah-iza-coska\/","og_locale":"sr_RS","og_type":"article","og_title":"Roditelji, \u010duvajte se \u2013 po\u010detak \u0161kolske godine je odmah iza \u0107o\u0161ka - Novak Djokovic Foundation","og_description":"Kraj letnje sezone je odmah iza \u0107o\u0161ka i po\u010detak \u0161kolske godine je za samo nekoliko nedelja. Vrlo uskoro roditelji i deca \u0107e po\u010deti da tr\u010de naokolo, kupuju\u0107i stvari za \u0161kolu, [&hellip;]","og_url":"https:\/\/novakdjokovicfoundation.org\/sr\/nova-skolska-godina-je-odmah-iza-coska\/","og_site_name":"Novak Djokovic Foundation","article_publisher":"https:\/\/www.facebook.com\/NovakDjokovicFoundation","article_published_time":"2019-08-15T00:00:00+00:00","article_modified_time":"2023-03-20T16:57:02+00:00","og_image":[{"width":1000,"height":717,"url":"https:\/\/novakdjokovicfoundation.org\/wp-content\/uploads\/2023\/02\/School-environment2.jpg","type":"image\/jpeg"}],"author":"NDFAuthors","twitter_card":"summary_large_image","twitter_creator":"@novakfoundation","twitter_site":"@novakfoundation","twitter_misc":{"\u041d\u0430\u043f\u0438\u0441\u0430\u043d\u043e \u043e\u0434":"NDFAuthors","\u041f\u0440\u043e\u0446\u0435\u045a\u0435\u043d\u043e \u0432\u0440\u0435\u043c\u0435 \u0447\u0438\u0442\u0430\u045a\u0430":"8 \u043c\u0438\u043d\u0443\u0442\u0430"},"schema":{"@context":"https:\/\/schema.org","@graph":[{"@type":"Article","@id":"https:\/\/novakdjokovicfoundation.org\/sr\/nova-skolska-godina-je-odmah-iza-coska\/#article","isPartOf":{"@id":"https:\/\/novakdjokovicfoundation.org\/sr\/nova-skolska-godina-je-odmah-iza-coska\/"},"author":{"name":"NDFAuthors","@id":"https:\/\/novakdjokovicfoundation.org\/#\/schema\/person\/92d439ce9f161db2227d88016babb26d"},"headline":"Roditelji, \u010duvajte se \u2013 po\u010detak \u0161kolske godine je odmah iza \u0107o\u0161ka","datePublished":"2019-08-15T00:00:00+00:00","dateModified":"2023-03-20T16:57:02+00:00","mainEntityOfPage":{"@id":"https:\/\/novakdjokovicfoundation.org\/sr\/nova-skolska-godina-je-odmah-iza-coska\/"},"wordCount":1670,"commentCount":0,"publisher":{"@id":"https:\/\/novakdjokovicfoundation.org\/#organization"},"image":{"@id":"https:\/\/novakdjokovicfoundation.org\/sr\/nova-skolska-godina-je-odmah-iza-coska\/#primaryimage"},"thumbnailUrl":"https:\/\/novakdjokovicfoundation.org\/wp-content\/uploads\/2023\/02\/School-environment2.jpg","keywords":["Montesori","nova \u0161kolska godina","Prvi dan \u0161kole","\u0160efali Tsabary","vrti\u0107a i \u0161kola"],"articleSection":["Blog posts","Rano u\u010denje"],"inLanguage":"sr-RS","potentialAction":[{"@type":"CommentAction","name":"Comment","target":["https:\/\/novakdjokovicfoundation.org\/sr\/nova-skolska-godina-je-odmah-iza-coska\/#respond"]}]},{"@type":"WebPage","@id":"https:\/\/novakdjokovicfoundation.org\/sr\/nova-skolska-godina-je-odmah-iza-coska\/","url":"https:\/\/novakdjokovicfoundation.org\/sr\/nova-skolska-godina-je-odmah-iza-coska\/","name":"Roditelji, \u010duvajte se \u2013 po\u010detak \u0161kolske godine je odmah iza \u0107o\u0161ka - Novak Djokovic Foundation","isPartOf":{"@id":"https:\/\/novakdjokovicfoundation.org\/#website"},"primaryImageOfPage":{"@id":"https:\/\/novakdjokovicfoundation.org\/sr\/nova-skolska-godina-je-odmah-iza-coska\/#primaryimage"},"image":{"@id":"https:\/\/novakdjokovicfoundation.org\/sr\/nova-skolska-godina-je-odmah-iza-coska\/#primaryimage"},"thumbnailUrl":"https:\/\/novakdjokovicfoundation.org\/wp-content\/uploads\/2023\/02\/School-environment2.jpg","datePublished":"2019-08-15T00:00:00+00:00","dateModified":"2023-03-20T16:57:02+00:00","breadcrumb":{"@id":"https:\/\/novakdjokovicfoundation.org\/sr\/nova-skolska-godina-je-odmah-iza-coska\/#breadcrumb"},"inLanguage":"sr-RS","potentialAction":[{"@type":"ReadAction","target":["https:\/\/novakdjokovicfoundation.org\/sr\/nova-skolska-godina-je-odmah-iza-coska\/"]}]},{"@type":"ImageObject","inLanguage":"sr-RS","@id":"https:\/\/novakdjokovicfoundation.org\/sr\/nova-skolska-godina-je-odmah-iza-coska\/#primaryimage","url":"https:\/\/novakdjokovicfoundation.org\/wp-content\/uploads\/2023\/02\/School-environment2.jpg","contentUrl":"https:\/\/novakdjokovicfoundation.org\/wp-content\/uploads\/2023\/02\/School-environment2.jpg","width":1000,"height":717},{"@type":"BreadcrumbList","@id":"https:\/\/novakdjokovicfoundation.org\/sr\/nova-skolska-godina-je-odmah-iza-coska\/#breadcrumb","itemListElement":[{"@type":"ListItem","position":1,"name":"Home","item":"https:\/\/novakdjokovicfoundation.org\/sr\/"},{"@type":"ListItem","position":2,"name":"Roditelji, \u010duvajte se \u2013 po\u010detak \u0161kolske godine je odmah iza \u0107o\u0161ka"}]},{"@type":"WebSite","@id":"https:\/\/novakdjokovicfoundation.org\/#website","url":"https:\/\/novakdjokovicfoundation.org\/","name":"Novak Djokovic Foundation","description":"Believe in their dreams","publisher":{"@id":"https:\/\/novakdjokovicfoundation.org\/#organization"},"potentialAction":[{"@type":"SearchAction","target":{"@type":"EntryPoint","urlTemplate":"https:\/\/novakdjokovicfoundation.org\/?s={search_term_string}"},"query-input":{"@type":"PropertyValueSpecification","valueRequired":true,"valueName":"search_term_string"}}],"inLanguage":"sr-RS"},{"@type":"Organization","@id":"https:\/\/novakdjokovicfoundation.org\/#organization","name":"Novak Djokovic Foundation","url":"https:\/\/novakdjokovicfoundation.org\/","logo":{"@type":"ImageObject","inLanguage":"sr-RS","@id":"https:\/\/novakdjokovicfoundation.org\/#\/schema\/logo\/image\/","url":"https:\/\/novakdjokovicfoundation.org\/wp-content\/uploads\/2024\/12\/NDF_Logo_BLUE.svg","contentUrl":"https:\/\/novakdjokovicfoundation.org\/wp-content\/uploads\/2024\/12\/NDF_Logo_BLUE.svg","width":1,"height":1,"caption":"Novak Djokovic Foundation"},"image":{"@id":"https:\/\/novakdjokovicfoundation.org\/#\/schema\/logo\/image\/"},"sameAs":["https:\/\/www.facebook.com\/NovakDjokovicFoundation","https:\/\/x.com\/novakfoundation","https:\/\/www.instagram.com\/novakfoundation"]},{"@type":"Person","@id":"https:\/\/novakdjokovicfoundation.org\/#\/schema\/person\/92d439ce9f161db2227d88016babb26d","name":"NDFAuthors","image":{"@type":"ImageObject","inLanguage":"sr-RS","@id":"https:\/\/secure.gravatar.com\/avatar\/a56dea238b3a98b3408ef9bffaa7226d71ec06e401c449ab94453fa6c470ef8c?s=96&d=mm&r=g","url":"https:\/\/secure.gravatar.com\/avatar\/a56dea238b3a98b3408ef9bffaa7226d71ec06e401c449ab94453fa6c470ef8c?s=96&d=mm&r=g","contentUrl":"https:\/\/secure.gravatar.com\/avatar\/a56dea238b3a98b3408ef9bffaa7226d71ec06e401c449ab94453fa6c470ef8c?s=96&d=mm&r=g","caption":"NDFAuthors"},"url":"https:\/\/novakdjokovicfoundation.org\/sr\/author\/ndfauthors\/"}]}},"_links":{"self":[{"href":"https:\/\/novakdjokovicfoundation.org\/sr\/wp-json\/wp\/v2\/posts\/16744","targetHints":{"allow":["GET"]}}],"collection":[{"href":"https:\/\/novakdjokovicfoundation.org\/sr\/wp-json\/wp\/v2\/posts"}],"about":[{"href":"https:\/\/novakdjokovicfoundation.org\/sr\/wp-json\/wp\/v2\/types\/post"}],"author":[{"embeddable":true,"href":"https:\/\/novakdjokovicfoundation.org\/sr\/wp-json\/wp\/v2\/users\/5"}],"replies":[{"embeddable":true,"href":"https:\/\/novakdjokovicfoundation.org\/sr\/wp-json\/wp\/v2\/comments?post=16744"}],"version-history":[{"count":1,"href":"https:\/\/novakdjokovicfoundation.org\/sr\/wp-json\/wp\/v2\/posts\/16744\/revisions"}],"predecessor-version":[{"id":17163,"href":"https:\/\/novakdjokovicfoundation.org\/sr\/wp-json\/wp\/v2\/posts\/16744\/revisions\/17163"}],"wp:featuredmedia":[{"embeddable":true,"href":"https:\/\/novakdjokovicfoundation.org\/sr\/wp-json\/wp\/v2\/media\/16745"}],"wp:attachment":[{"href":"https:\/\/novakdjokovicfoundation.org\/sr\/wp-json\/wp\/v2\/media?parent=16744"}],"wp:term":[{"taxonomy":"category","embeddable":true,"href":"https:\/\/novakdjokovicfoundation.org\/sr\/wp-json\/wp\/v2\/categories?post=16744"},{"taxonomy":"post_tag","embeddable":true,"href":"https:\/\/novakdjokovicfoundation.org\/sr\/wp-json\/wp\/v2\/tags?post=16744"}],"curies":[{"name":"wp","href":"https:\/\/api.w.org\/{rel}","templated":true}]}}