{"id":16395,"date":"2017-05-14T00:00:00","date_gmt":"2017-05-14T00:00:00","guid":{"rendered":"https:\/\/novakdjokovicfoundation.org\/kako-sam-se-odlucila-za-program-podrska-ne-perfekcija\/"},"modified":"2023-02-10T12:11:07","modified_gmt":"2023-02-10T12:11:07","slug":"kako-sam-se-odlucila-za-program-podrska-ne-perfekcija","status":"publish","type":"post","link":"https:\/\/novakdjokovicfoundation.org\/sr\/kako-sam-se-odlucila-za-program-podrska-ne-perfekcija\/","title":{"rendered":"Kako sam se odlu\u010dila za program &#8222;Podr\u0161ka, ne perfekcija&#8220;"},"content":{"rendered":"<p><em><strong>Kada se osvrnem na svoje detinjstvo, prva osoba na koju pomislim je moja baka. I dalje se \u017eivo se\u0107am koliko smo u\u017eivale dok smo slagale \u0161arene slagalice, ve\u017ebale mentalnu aritmetiku, ili kako sam joj pomagala da na kuhinjskom stolu razvu\u010de testo koje je zatim ve\u0161tim pokretima poput \u010darobnjaka oblikovala u najukusnije kiflice na svetu.<\/strong> <\/em><\/p>\n<p><!--more--><\/p>\n<p>Iako sam trenutke koje smo provele zajedno oduvek \u010duvala u srcu, tek mnogo godina kasnije shvatila sam koliko su oni zaista dragoceni, kada je tog prepodneva stiglo pismo da sam primljena na Harvard, ta\u010dno nedelju dana kako sam je zauvek izgubila. Dok sam \u010ditala pismo, znala sam da sam zahvaljuju\u0107i odraslima koji su verovali u mene i podr\u017eavali me od najranijeg uzrasta dobila priliku da ostvarim svoje snove.<\/p>\n<p>Tokom studija, poha\u0111ala sam nekoliko kurseva iz raznih oblasti, od neurobiologije, psihologije i obrazovanja do javnog zdravlja i javne politike. Iako se pomenute discipline me\u0111usobno po mnogo \u010demu razlikuju, ubrzo sam uvidela da ih sve spaja isti princip &#8211; prevencija umesto re\u0161avanja problema. Upravo takav zaklju\u010dak me je podstakao da po\u010dnem da prou\u010davam oblast ranog razvoja i nau\u010dna otkri\u0107a koja su govorila u prilog stvarima koje sam osetila da svojoj ko\u017ei. Da se mozak najvi\u0161e razvija i reaguje u prvim godinama \u017eivota. Da kontakt i komunikacija dece sa drugim ljudima u razli\u010ditim okru\u017eenjima od ro\u0111enja u velikoj meri uti\u010du na njihov rani razvoj, kao i da pozitivna iskustva u ranom detinjstvu stvaraju bazu za blagostanje i uspeh do kraja \u017eivota.<\/p>\n<p>Kako sam se sve vi\u0161e informisala o ranom razvoju, uvidela sam da bez obzira na ulogu koju imamo u svojoj porodici, zajednici ili na radnom mestu, svako od nas ima udela u tome da deci omogu\u0107i da odrastaju u stabilnom okru\u017eenju kao i da dobiju potrebnu brigu i podr\u0161ku kako bi dostigla svoj puni potencijal. Pruzaju\u0107i im ljubav, za\u0161titu i mogu\u0107nost da se igraju, istra\u017euju i u\u010de, direktno ili indirektno, svi radimo na tome da najmla\u0111ima obezbedimo ono sto im je najpotrebnije. Drugim re\u010dima, svi mi potencijalno mo\u017eemo da zna\u010dimo nekom detetu kao \u0161to je meni zna\u010dila moja baka.<\/p>\n<p><img loading=\"lazy\" decoding=\"async\" class=\"aligncenter wp-image-22283 size-full\" src=\"https:\/\/novakdjokovicfoundation.org\/wp-content\/uploads\/2017\/05\/grandmother-granddaughter-park.jpg\" alt=\"\" width=\"4928\" height=\"3280\" \/><\/p>\n<p>Ipak, pretvaranje dobrih namera u pozitivne radnje i interakcije sa decom sa sobom nosi mnogo izazova i kontradiktornosti. Svojoj deci \u017eelimo najbolje i zato smo skloni da im dajemo i darujemo razli\u010dite stvari i hvalimo ih bez ograni\u010denja. Sa druge strane, kako bismo decu nau\u010dili pravim vrednostima kao \u0161to su po\u0161tovanje, skromnost i empatija, potrebno je da uspostavimo i dr\u017eimo se odre\u0111enog modela pona\u0161anja, iako je takve limite te\u0161ko sprovoditi u kontinuitetu. Pred nama je vizija savr\u0161enih odraslih osoba kakve \u017eelimo da na\u0161a deca jednog dana postanu, ali u naletima stresa, panike, iscrpljenosti ili isfrustriranosti, na\u0161e kratkoro\u010dno delovanje \u010desto nije uskla\u0111eno sa \u017eeljenim dugoro\u010dnim ciljevima. Od prijatelja i ro\u0111aka dobijamo pregr\u0161t saveta o podizanju i vaspitavanju mali\u0161ana, samo da bi nam ve\u0107 u narednom trenutku ponestalo smernica ukoliko odlu\u010dimo da iskora\u010dimo iz njihovog \u0161ablona i poku\u0161amo sa nekim druga\u010dijim pristupom. Najbolje znamo da brinemo o drugima, a mnogo \u010de\u0161\u0107e se suo\u010davamo sa pote\u0161ko\u0107ama kada brinemo o sebi.<\/p>\n<p>Sa takvim dilemama se nosila moja baka. I bez obzira na bogato iskustvo, nije mogla da uradi sve savr\u0161eno, bez gre\u0161ke. Mogu\u0107e gre\u0161ke \u010dinile su me neodlu\u010dnom u privatnom i profesionalnom \u017eivotu. I ma koliko \u010ditala i bavila se ranim razvojem, prostor za gre\u0161ku i dalje postoji, dok je za najmla\u0111e sasvim prirodno da \u0107e mnogo puta pogre\u0161iti. Ipak, odgajanje i vaspitavanje dece ne zna\u010di &#8222;uraditi sve kako treba&#8220; ve\u0107 da ulogu roditelja obavljamo najbolje \u0161to mo\u017eemo uz znanje koje imamo. Iz tog razloga verujem da je za svakog roditelja i staratelja pre svega va\u017eno da zna da ne postoji savr\u0161en roditelj ni savr\u0161eno dete kao i gde mogu da se obrate za savet, pomo\u0107 i podr\u0161ku.<\/p>\n<p>To je upravo ideja projekta <b><i><a href=\"https:\/\/novakdjokovicfoundation.org\/sr\/project\/program-podrska-ne-perfekcija\/\" target=\"_blank\" rel=\"noopener noreferrer\">&#8222;Podr\u0161ka, ne perfekcija&#8220;<\/a>,<\/i><\/b> programa koji je namenjen roditeljima i starateljima dece uzrasta do 6 godina. Dok sam razvijala ovaj program, koji je zami\u0161ljen kao interaktivne i dinami\u010dne radionice, \u017eelela sam da u\u010desnici budu u prilici da dobiju prakti\u010dne savete o znanju i ve\u0161tinama koje su im potrebne za re\u0161avanje konkretnih, svakodnevnih izazova, u cilju kvalitetnijeg razvoja deteta i njegovog mozga. Osim toga, \u017eelela sam da doprinesem stvaranju jedne stabilne mre\u017ee podr\u0161ke roditeljima, kao i da ih motivi\u0161em i osna\u017eim da budu roditelji kao i do sada kako bi podr\u017eali de\u010dji razvoj &#8211; samo da svoje stare i nove ve\u0161tine roditeljstva primenjuju mnogo \u010de\u0161\u0107e, efikasnije, i sa manje nervoze. Ukratko, \u017eelim da sa njima podelim znanje i podr\u0161ku koje sam imala sre\u0107e da dobijem. Zato \u0161to iza svakog mali\u0161ana koji zra\u010di samopouzdanjem stoji neka odrasla osoba koja ga voli i veruje u njega. I verujem da bi odraslim ljudima, koji svakodnevno daju sve od sebe kako bi stvorili najbolju mogu\u0107u startnu poziciju za budu\u0107e generacije, zna\u010dilo da u tom procesu nisu sami ve\u0107 da neko tako\u0111e stoji iza njih.<\/p>\n","protected":false},"excerpt":{"rendered":"<p>Kada se osvrnem na svoje detinjstvo, prva osoba na koju pomislim je moja baka. I dalje se \u017eivo se\u0107am koliko smo u\u017eivale dok smo slagale \u0161arene slagalice, ve\u017ebale mentalnu aritmetiku, [&hellip;]<\/p>\n","protected":false},"author":5,"featured_media":15254,"comment_status":"open","ping_status":"open","sticky":false,"template":"","format":"standard","meta":{"_acf_changed":false,"footnotes":""},"categories":[20,29],"tags":[],"class_list":["post-16395","post","type-post","status-publish","format-standard","has-post-thumbnail","hentry","category-blog-posts","category-nase-price"],"acf":[],"yoast_head":"<!-- This site is optimized with the Yoast SEO plugin v27.4 - https:\/\/yoast.com\/product\/yoast-seo-wordpress\/ -->\n<title>Kako sam se odlu\u010dila za program &quot;Podr\u0161ka, ne perfekcija&quot; - Novak Djokovic Foundation<\/title>\n<meta name=\"robots\" content=\"index, follow, max-snippet:-1, max-image-preview:large, max-video-preview:-1\" \/>\n<link rel=\"canonical\" href=\"https:\/\/novakdjokovicfoundation.org\/sr\/kako-sam-se-odlucila-za-program-podrska-ne-perfekcija\/\" \/>\n<meta property=\"og:locale\" content=\"sr_RS\" \/>\n<meta property=\"og:type\" content=\"article\" \/>\n<meta property=\"og:title\" content=\"Kako sam se odlu\u010dila za program &quot;Podr\u0161ka, ne perfekcija&quot; - Novak Djokovic Foundation\" \/>\n<meta property=\"og:description\" content=\"Kada se osvrnem na svoje detinjstvo, prva osoba na koju pomislim je moja baka. I dalje se \u017eivo se\u0107am koliko smo u\u017eivale dok smo slagale \u0161arene slagalice, ve\u017ebale mentalnu aritmetiku, [&hellip;]\" \/>\n<meta property=\"og:url\" content=\"https:\/\/novakdjokovicfoundation.org\/sr\/kako-sam-se-odlucila-za-program-podrska-ne-perfekcija\/\" \/>\n<meta property=\"og:site_name\" content=\"Novak Djokovic Foundation\" \/>\n<meta property=\"article:publisher\" content=\"https:\/\/www.facebook.com\/NovakDjokovicFoundation\" \/>\n<meta property=\"article:published_time\" content=\"2017-05-14T00:00:00+00:00\" \/>\n<meta property=\"article:modified_time\" content=\"2023-02-10T12:11:07+00:00\" \/>\n<meta property=\"og:image\" content=\"https:\/\/novakdjokovicfoundation.org\/wp-content\/uploads\/2023\/01\/family-time-happy-joyful-cute-child-3-scaled.jpg\" \/>\n\t<meta property=\"og:image:width\" content=\"2560\" \/>\n\t<meta property=\"og:image:height\" content=\"1709\" \/>\n\t<meta property=\"og:image:type\" content=\"image\/jpeg\" \/>\n<meta name=\"author\" content=\"NDFAuthors\" \/>\n<meta name=\"twitter:card\" content=\"summary_large_image\" \/>\n<meta name=\"twitter:creator\" content=\"@novakfoundation\" \/>\n<meta name=\"twitter:site\" content=\"@novakfoundation\" \/>\n<meta name=\"twitter:label1\" content=\"\u041d\u0430\u043f\u0438\u0441\u0430\u043d\u043e \u043e\u0434\" \/>\n\t<meta name=\"twitter:data1\" content=\"NDFAuthors\" \/>\n\t<meta name=\"twitter:label2\" content=\"\u041f\u0440\u043e\u0446\u0435\u045a\u0435\u043d\u043e \u0432\u0440\u0435\u043c\u0435 \u0447\u0438\u0442\u0430\u045a\u0430\" \/>\n\t<meta name=\"twitter:data2\" content=\"4 \u043c\u0438\u043d\u0443\u0442\u0430\" \/>\n<script type=\"application\/ld+json\" class=\"yoast-schema-graph\">{\"@context\":\"https:\\\/\\\/schema.org\",\"@graph\":[{\"@type\":\"Article\",\"@id\":\"https:\\\/\\\/novakdjokovicfoundation.org\\\/sr\\\/kako-sam-se-odlucila-za-program-podrska-ne-perfekcija\\\/#article\",\"isPartOf\":{\"@id\":\"https:\\\/\\\/novakdjokovicfoundation.org\\\/sr\\\/kako-sam-se-odlucila-za-program-podrska-ne-perfekcija\\\/\"},\"author\":{\"name\":\"NDFAuthors\",\"@id\":\"https:\\\/\\\/novakdjokovicfoundation.org\\\/#\\\/schema\\\/person\\\/92d439ce9f161db2227d88016babb26d\"},\"headline\":\"Kako sam se odlu\u010dila za program &#8222;Podr\u0161ka, ne perfekcija&#8220;\",\"datePublished\":\"2017-05-14T00:00:00+00:00\",\"dateModified\":\"2023-02-10T12:11:07+00:00\",\"mainEntityOfPage\":{\"@id\":\"https:\\\/\\\/novakdjokovicfoundation.org\\\/sr\\\/kako-sam-se-odlucila-za-program-podrska-ne-perfekcija\\\/\"},\"wordCount\":906,\"commentCount\":0,\"publisher\":{\"@id\":\"https:\\\/\\\/novakdjokovicfoundation.org\\\/#organization\"},\"image\":{\"@id\":\"https:\\\/\\\/novakdjokovicfoundation.org\\\/sr\\\/kako-sam-se-odlucila-za-program-podrska-ne-perfekcija\\\/#primaryimage\"},\"thumbnailUrl\":\"https:\\\/\\\/novakdjokovicfoundation.org\\\/wp-content\\\/uploads\\\/2023\\\/01\\\/family-time-happy-joyful-cute-child-3-scaled.jpg\",\"articleSection\":[\"Blog posts\",\"Na\u0161e pri\u010de\"],\"inLanguage\":\"sr-RS\",\"potentialAction\":[{\"@type\":\"CommentAction\",\"name\":\"Comment\",\"target\":[\"https:\\\/\\\/novakdjokovicfoundation.org\\\/sr\\\/kako-sam-se-odlucila-za-program-podrska-ne-perfekcija\\\/#respond\"]}]},{\"@type\":\"WebPage\",\"@id\":\"https:\\\/\\\/novakdjokovicfoundation.org\\\/sr\\\/kako-sam-se-odlucila-za-program-podrska-ne-perfekcija\\\/\",\"url\":\"https:\\\/\\\/novakdjokovicfoundation.org\\\/sr\\\/kako-sam-se-odlucila-za-program-podrska-ne-perfekcija\\\/\",\"name\":\"Kako sam se odlu\u010dila za program \\\"Podr\u0161ka, ne perfekcija\\\" - Novak Djokovic Foundation\",\"isPartOf\":{\"@id\":\"https:\\\/\\\/novakdjokovicfoundation.org\\\/#website\"},\"primaryImageOfPage\":{\"@id\":\"https:\\\/\\\/novakdjokovicfoundation.org\\\/sr\\\/kako-sam-se-odlucila-za-program-podrska-ne-perfekcija\\\/#primaryimage\"},\"image\":{\"@id\":\"https:\\\/\\\/novakdjokovicfoundation.org\\\/sr\\\/kako-sam-se-odlucila-za-program-podrska-ne-perfekcija\\\/#primaryimage\"},\"thumbnailUrl\":\"https:\\\/\\\/novakdjokovicfoundation.org\\\/wp-content\\\/uploads\\\/2023\\\/01\\\/family-time-happy-joyful-cute-child-3-scaled.jpg\",\"datePublished\":\"2017-05-14T00:00:00+00:00\",\"dateModified\":\"2023-02-10T12:11:07+00:00\",\"breadcrumb\":{\"@id\":\"https:\\\/\\\/novakdjokovicfoundation.org\\\/sr\\\/kako-sam-se-odlucila-za-program-podrska-ne-perfekcija\\\/#breadcrumb\"},\"inLanguage\":\"sr-RS\",\"potentialAction\":[{\"@type\":\"ReadAction\",\"target\":[\"https:\\\/\\\/novakdjokovicfoundation.org\\\/sr\\\/kako-sam-se-odlucila-za-program-podrska-ne-perfekcija\\\/\"]}]},{\"@type\":\"ImageObject\",\"inLanguage\":\"sr-RS\",\"@id\":\"https:\\\/\\\/novakdjokovicfoundation.org\\\/sr\\\/kako-sam-se-odlucila-za-program-podrska-ne-perfekcija\\\/#primaryimage\",\"url\":\"https:\\\/\\\/novakdjokovicfoundation.org\\\/wp-content\\\/uploads\\\/2023\\\/01\\\/family-time-happy-joyful-cute-child-3-scaled.jpg\",\"contentUrl\":\"https:\\\/\\\/novakdjokovicfoundation.org\\\/wp-content\\\/uploads\\\/2023\\\/01\\\/family-time-happy-joyful-cute-child-3-scaled.jpg\",\"width\":2560,\"height\":1709},{\"@type\":\"BreadcrumbList\",\"@id\":\"https:\\\/\\\/novakdjokovicfoundation.org\\\/sr\\\/kako-sam-se-odlucila-za-program-podrska-ne-perfekcija\\\/#breadcrumb\",\"itemListElement\":[{\"@type\":\"ListItem\",\"position\":1,\"name\":\"Home\",\"item\":\"https:\\\/\\\/novakdjokovicfoundation.org\\\/sr\\\/\"},{\"@type\":\"ListItem\",\"position\":2,\"name\":\"Kako sam se odlu\u010dila za program &#8222;Podr\u0161ka, ne perfekcija&#8220;\"}]},{\"@type\":\"WebSite\",\"@id\":\"https:\\\/\\\/novakdjokovicfoundation.org\\\/#website\",\"url\":\"https:\\\/\\\/novakdjokovicfoundation.org\\\/\",\"name\":\"Novak Djokovic Foundation\",\"description\":\"Believe in their dreams\",\"publisher\":{\"@id\":\"https:\\\/\\\/novakdjokovicfoundation.org\\\/#organization\"},\"potentialAction\":[{\"@type\":\"SearchAction\",\"target\":{\"@type\":\"EntryPoint\",\"urlTemplate\":\"https:\\\/\\\/novakdjokovicfoundation.org\\\/?s={search_term_string}\"},\"query-input\":{\"@type\":\"PropertyValueSpecification\",\"valueRequired\":true,\"valueName\":\"search_term_string\"}}],\"inLanguage\":\"sr-RS\"},{\"@type\":\"Organization\",\"@id\":\"https:\\\/\\\/novakdjokovicfoundation.org\\\/#organization\",\"name\":\"Novak Djokovic Foundation\",\"url\":\"https:\\\/\\\/novakdjokovicfoundation.org\\\/\",\"logo\":{\"@type\":\"ImageObject\",\"inLanguage\":\"sr-RS\",\"@id\":\"https:\\\/\\\/novakdjokovicfoundation.org\\\/#\\\/schema\\\/logo\\\/image\\\/\",\"url\":\"https:\\\/\\\/novakdjokovicfoundation.org\\\/wp-content\\\/uploads\\\/2024\\\/12\\\/NDF_Logo_BLUE.svg\",\"contentUrl\":\"https:\\\/\\\/novakdjokovicfoundation.org\\\/wp-content\\\/uploads\\\/2024\\\/12\\\/NDF_Logo_BLUE.svg\",\"width\":1,\"height\":1,\"caption\":\"Novak Djokovic Foundation\"},\"image\":{\"@id\":\"https:\\\/\\\/novakdjokovicfoundation.org\\\/#\\\/schema\\\/logo\\\/image\\\/\"},\"sameAs\":[\"https:\\\/\\\/www.facebook.com\\\/NovakDjokovicFoundation\",\"https:\\\/\\\/x.com\\\/novakfoundation\",\"https:\\\/\\\/www.instagram.com\\\/novakfoundation\"]},{\"@type\":\"Person\",\"@id\":\"https:\\\/\\\/novakdjokovicfoundation.org\\\/#\\\/schema\\\/person\\\/92d439ce9f161db2227d88016babb26d\",\"name\":\"NDFAuthors\",\"image\":{\"@type\":\"ImageObject\",\"inLanguage\":\"sr-RS\",\"@id\":\"https:\\\/\\\/secure.gravatar.com\\\/avatar\\\/a56dea238b3a98b3408ef9bffaa7226d71ec06e401c449ab94453fa6c470ef8c?s=96&d=mm&r=g\",\"url\":\"https:\\\/\\\/secure.gravatar.com\\\/avatar\\\/a56dea238b3a98b3408ef9bffaa7226d71ec06e401c449ab94453fa6c470ef8c?s=96&d=mm&r=g\",\"contentUrl\":\"https:\\\/\\\/secure.gravatar.com\\\/avatar\\\/a56dea238b3a98b3408ef9bffaa7226d71ec06e401c449ab94453fa6c470ef8c?s=96&d=mm&r=g\",\"caption\":\"NDFAuthors\"},\"url\":\"https:\\\/\\\/novakdjokovicfoundation.org\\\/sr\\\/author\\\/ndfauthors\\\/\"}]}<\/script>\n<!-- \/ Yoast SEO plugin. -->","yoast_head_json":{"title":"Kako sam se odlu\u010dila za program \"Podr\u0161ka, ne perfekcija\" - Novak Djokovic Foundation","robots":{"index":"index","follow":"follow","max-snippet":"max-snippet:-1","max-image-preview":"max-image-preview:large","max-video-preview":"max-video-preview:-1"},"canonical":"https:\/\/novakdjokovicfoundation.org\/sr\/kako-sam-se-odlucila-za-program-podrska-ne-perfekcija\/","og_locale":"sr_RS","og_type":"article","og_title":"Kako sam se odlu\u010dila za program \"Podr\u0161ka, ne perfekcija\" - Novak Djokovic Foundation","og_description":"Kada se osvrnem na svoje detinjstvo, prva osoba na koju pomislim je moja baka. I dalje se \u017eivo se\u0107am koliko smo u\u017eivale dok smo slagale \u0161arene slagalice, ve\u017ebale mentalnu aritmetiku, [&hellip;]","og_url":"https:\/\/novakdjokovicfoundation.org\/sr\/kako-sam-se-odlucila-za-program-podrska-ne-perfekcija\/","og_site_name":"Novak Djokovic Foundation","article_publisher":"https:\/\/www.facebook.com\/NovakDjokovicFoundation","article_published_time":"2017-05-14T00:00:00+00:00","article_modified_time":"2023-02-10T12:11:07+00:00","og_image":[{"width":2560,"height":1709,"url":"https:\/\/novakdjokovicfoundation.org\/wp-content\/uploads\/2023\/01\/family-time-happy-joyful-cute-child-3-scaled.jpg","type":"image\/jpeg"}],"author":"NDFAuthors","twitter_card":"summary_large_image","twitter_creator":"@novakfoundation","twitter_site":"@novakfoundation","twitter_misc":{"\u041d\u0430\u043f\u0438\u0441\u0430\u043d\u043e \u043e\u0434":"NDFAuthors","\u041f\u0440\u043e\u0446\u0435\u045a\u0435\u043d\u043e \u0432\u0440\u0435\u043c\u0435 \u0447\u0438\u0442\u0430\u045a\u0430":"4 \u043c\u0438\u043d\u0443\u0442\u0430"},"schema":{"@context":"https:\/\/schema.org","@graph":[{"@type":"Article","@id":"https:\/\/novakdjokovicfoundation.org\/sr\/kako-sam-se-odlucila-za-program-podrska-ne-perfekcija\/#article","isPartOf":{"@id":"https:\/\/novakdjokovicfoundation.org\/sr\/kako-sam-se-odlucila-za-program-podrska-ne-perfekcija\/"},"author":{"name":"NDFAuthors","@id":"https:\/\/novakdjokovicfoundation.org\/#\/schema\/person\/92d439ce9f161db2227d88016babb26d"},"headline":"Kako sam se odlu\u010dila za program &#8222;Podr\u0161ka, ne perfekcija&#8220;","datePublished":"2017-05-14T00:00:00+00:00","dateModified":"2023-02-10T12:11:07+00:00","mainEntityOfPage":{"@id":"https:\/\/novakdjokovicfoundation.org\/sr\/kako-sam-se-odlucila-za-program-podrska-ne-perfekcija\/"},"wordCount":906,"commentCount":0,"publisher":{"@id":"https:\/\/novakdjokovicfoundation.org\/#organization"},"image":{"@id":"https:\/\/novakdjokovicfoundation.org\/sr\/kako-sam-se-odlucila-za-program-podrska-ne-perfekcija\/#primaryimage"},"thumbnailUrl":"https:\/\/novakdjokovicfoundation.org\/wp-content\/uploads\/2023\/01\/family-time-happy-joyful-cute-child-3-scaled.jpg","articleSection":["Blog posts","Na\u0161e pri\u010de"],"inLanguage":"sr-RS","potentialAction":[{"@type":"CommentAction","name":"Comment","target":["https:\/\/novakdjokovicfoundation.org\/sr\/kako-sam-se-odlucila-za-program-podrska-ne-perfekcija\/#respond"]}]},{"@type":"WebPage","@id":"https:\/\/novakdjokovicfoundation.org\/sr\/kako-sam-se-odlucila-za-program-podrska-ne-perfekcija\/","url":"https:\/\/novakdjokovicfoundation.org\/sr\/kako-sam-se-odlucila-za-program-podrska-ne-perfekcija\/","name":"Kako sam se odlu\u010dila za program \"Podr\u0161ka, ne perfekcija\" - Novak Djokovic Foundation","isPartOf":{"@id":"https:\/\/novakdjokovicfoundation.org\/#website"},"primaryImageOfPage":{"@id":"https:\/\/novakdjokovicfoundation.org\/sr\/kako-sam-se-odlucila-za-program-podrska-ne-perfekcija\/#primaryimage"},"image":{"@id":"https:\/\/novakdjokovicfoundation.org\/sr\/kako-sam-se-odlucila-za-program-podrska-ne-perfekcija\/#primaryimage"},"thumbnailUrl":"https:\/\/novakdjokovicfoundation.org\/wp-content\/uploads\/2023\/01\/family-time-happy-joyful-cute-child-3-scaled.jpg","datePublished":"2017-05-14T00:00:00+00:00","dateModified":"2023-02-10T12:11:07+00:00","breadcrumb":{"@id":"https:\/\/novakdjokovicfoundation.org\/sr\/kako-sam-se-odlucila-za-program-podrska-ne-perfekcija\/#breadcrumb"},"inLanguage":"sr-RS","potentialAction":[{"@type":"ReadAction","target":["https:\/\/novakdjokovicfoundation.org\/sr\/kako-sam-se-odlucila-za-program-podrska-ne-perfekcija\/"]}]},{"@type":"ImageObject","inLanguage":"sr-RS","@id":"https:\/\/novakdjokovicfoundation.org\/sr\/kako-sam-se-odlucila-za-program-podrska-ne-perfekcija\/#primaryimage","url":"https:\/\/novakdjokovicfoundation.org\/wp-content\/uploads\/2023\/01\/family-time-happy-joyful-cute-child-3-scaled.jpg","contentUrl":"https:\/\/novakdjokovicfoundation.org\/wp-content\/uploads\/2023\/01\/family-time-happy-joyful-cute-child-3-scaled.jpg","width":2560,"height":1709},{"@type":"BreadcrumbList","@id":"https:\/\/novakdjokovicfoundation.org\/sr\/kako-sam-se-odlucila-za-program-podrska-ne-perfekcija\/#breadcrumb","itemListElement":[{"@type":"ListItem","position":1,"name":"Home","item":"https:\/\/novakdjokovicfoundation.org\/sr\/"},{"@type":"ListItem","position":2,"name":"Kako sam se odlu\u010dila za program &#8222;Podr\u0161ka, ne perfekcija&#8220;"}]},{"@type":"WebSite","@id":"https:\/\/novakdjokovicfoundation.org\/#website","url":"https:\/\/novakdjokovicfoundation.org\/","name":"Novak Djokovic Foundation","description":"Believe in their dreams","publisher":{"@id":"https:\/\/novakdjokovicfoundation.org\/#organization"},"potentialAction":[{"@type":"SearchAction","target":{"@type":"EntryPoint","urlTemplate":"https:\/\/novakdjokovicfoundation.org\/?s={search_term_string}"},"query-input":{"@type":"PropertyValueSpecification","valueRequired":true,"valueName":"search_term_string"}}],"inLanguage":"sr-RS"},{"@type":"Organization","@id":"https:\/\/novakdjokovicfoundation.org\/#organization","name":"Novak Djokovic Foundation","url":"https:\/\/novakdjokovicfoundation.org\/","logo":{"@type":"ImageObject","inLanguage":"sr-RS","@id":"https:\/\/novakdjokovicfoundation.org\/#\/schema\/logo\/image\/","url":"https:\/\/novakdjokovicfoundation.org\/wp-content\/uploads\/2024\/12\/NDF_Logo_BLUE.svg","contentUrl":"https:\/\/novakdjokovicfoundation.org\/wp-content\/uploads\/2024\/12\/NDF_Logo_BLUE.svg","width":1,"height":1,"caption":"Novak Djokovic Foundation"},"image":{"@id":"https:\/\/novakdjokovicfoundation.org\/#\/schema\/logo\/image\/"},"sameAs":["https:\/\/www.facebook.com\/NovakDjokovicFoundation","https:\/\/x.com\/novakfoundation","https:\/\/www.instagram.com\/novakfoundation"]},{"@type":"Person","@id":"https:\/\/novakdjokovicfoundation.org\/#\/schema\/person\/92d439ce9f161db2227d88016babb26d","name":"NDFAuthors","image":{"@type":"ImageObject","inLanguage":"sr-RS","@id":"https:\/\/secure.gravatar.com\/avatar\/a56dea238b3a98b3408ef9bffaa7226d71ec06e401c449ab94453fa6c470ef8c?s=96&d=mm&r=g","url":"https:\/\/secure.gravatar.com\/avatar\/a56dea238b3a98b3408ef9bffaa7226d71ec06e401c449ab94453fa6c470ef8c?s=96&d=mm&r=g","contentUrl":"https:\/\/secure.gravatar.com\/avatar\/a56dea238b3a98b3408ef9bffaa7226d71ec06e401c449ab94453fa6c470ef8c?s=96&d=mm&r=g","caption":"NDFAuthors"},"url":"https:\/\/novakdjokovicfoundation.org\/sr\/author\/ndfauthors\/"}]}},"_links":{"self":[{"href":"https:\/\/novakdjokovicfoundation.org\/sr\/wp-json\/wp\/v2\/posts\/16395","targetHints":{"allow":["GET"]}}],"collection":[{"href":"https:\/\/novakdjokovicfoundation.org\/sr\/wp-json\/wp\/v2\/posts"}],"about":[{"href":"https:\/\/novakdjokovicfoundation.org\/sr\/wp-json\/wp\/v2\/types\/post"}],"author":[{"embeddable":true,"href":"https:\/\/novakdjokovicfoundation.org\/sr\/wp-json\/wp\/v2\/users\/5"}],"replies":[{"embeddable":true,"href":"https:\/\/novakdjokovicfoundation.org\/sr\/wp-json\/wp\/v2\/comments?post=16395"}],"version-history":[{"count":1,"href":"https:\/\/novakdjokovicfoundation.org\/sr\/wp-json\/wp\/v2\/posts\/16395\/revisions"}],"predecessor-version":[{"id":17042,"href":"https:\/\/novakdjokovicfoundation.org\/sr\/wp-json\/wp\/v2\/posts\/16395\/revisions\/17042"}],"wp:featuredmedia":[{"embeddable":true,"href":"https:\/\/novakdjokovicfoundation.org\/sr\/wp-json\/wp\/v2\/media\/15254"}],"wp:attachment":[{"href":"https:\/\/novakdjokovicfoundation.org\/sr\/wp-json\/wp\/v2\/media?parent=16395"}],"wp:term":[{"taxonomy":"category","embeddable":true,"href":"https:\/\/novakdjokovicfoundation.org\/sr\/wp-json\/wp\/v2\/categories?post=16395"},{"taxonomy":"post_tag","embeddable":true,"href":"https:\/\/novakdjokovicfoundation.org\/sr\/wp-json\/wp\/v2\/tags?post=16395"}],"curies":[{"name":"wp","href":"https:\/\/api.w.org\/{rel}","templated":true}]}}