{"id":16213,"date":"2017-01-12T00:00:00","date_gmt":"2017-01-12T00:00:00","guid":{"rendered":"https:\/\/novakdjokovicfoundation.org\/nikada-nije-previse-rano-da-pocnete-da-menjate-svet-nabolje\/"},"modified":"2017-01-12T00:00:00","modified_gmt":"2017-01-12T00:00:00","slug":"nikada-nije-previse-rano-da-pocnete-da-menjate-svet-nabolje","status":"publish","type":"post","link":"https:\/\/novakdjokovicfoundation.org\/sr\/nikada-nije-previse-rano-da-pocnete-da-menjate-svet-nabolje\/","title":{"rendered":"Nikada nije previ\u0161e rano da po\u010dnete da menjate svet nabolje"},"content":{"rendered":"<p><em><strong>Bez obzira na to koliko ste mladi, ako imate veliko srce i \u017eelite da pomognete, i te kako mo\u017eete da date svoj doprinos. O tome nas u\u010di pri\u010da o <a href=\"http:\/\/www.thextraordinary.org\/christopher-yao\">Kristoferu Jaou<\/a>.<\/strong><\/em><\/p>\n<p><!--more--><\/p>\n<p>Mladi imaju mo\u0107 da promene svet. Mogu da ga u\u010dine boljim i lep\u0161im mestom. Sigurno ste ve\u0107 \u010duli za ovakve ili sli\u010dne izreke. Za mnoge od vas ovo je, verovatno, samo slovo na papiru, hipoteza koja ne mora da ima utemeljenje u stvarnosti. Ipak, ona je mnogo vi\u0161e od teorije, od re\u010di. Evo i nekoliko primera, kako bismo vam pokazali da je ovakva tvrdnja zaista ta\u010dna.<\/p>\n<p>Ne\u010dije godine ili zdravstveni problemi nisu prepreka da se pomogne drugima.<\/p>\n<p>Bez obzira na to koliko ste mladi, ako imate veliko srce i \u017eelite da pomognete, i te kako mo\u017eete da date svoj doprinos. O tome nas u\u010di pri\u010da o Kristoferu Jaou.<\/p>\n<p>Kristofer je bio obi\u010dan desetogodi\u0161njak, ni po \u010demu druga\u010diji, kada mu je jednog dana dijagnostikovana fizi\u010dka mana, nepravilan zagri\u017eaj. Mnogi lekari su smatrali da mu je potreban korektivni hirur\u0161ki zahvat do 18. godine, koji je bio veoma skup i izuzetno bolan. Na njegovu sre\u0107u, sreo je doktora koji mu je promenio \u017eivot i pomogao mu da ispravi svoju manu bez odlaska na operaciju. To je promenilo Kristoferov \u017eivot i motivisalo ga da pomogne drugim mali\u0161anima sa problemima mnogo te\u017eim nego \u0161to je njegov. Napori da podigne svest o slu\u010dajevima sa kojima se suo\u010davaju deca naveli su ga da pokrene Kids Change the World, jednu od najve\u0107ih svetskih organizacija koju vode mladi.<\/p>\n<div id=\"attachment_21048\" style=\"width: 1930px\" class=\"wp-caption aligncenter\"><img loading=\"lazy\" decoding=\"async\" aria-describedby=\"caption-attachment-21048\" class=\"size-full wp-image-21048\" src=\"https:\/\/novakdjokovicfoundation.org\/wp-content\/uploads\/2017\/01\/Christopher-Yao.jpg\" alt=\"Christopher Yao\" width=\"1920\" height=\"1080\" \/><p id=\"caption-attachment-21048\" class=\"wp-caption-text\">Christopher Yao<\/p><\/div>\n<h3><strong>Slo\u017ei\u0107ete se, vi\u0161e nego impresivno<\/strong><\/h3>\n<p>Kristofer je danas mladi filantrop i dru\u0161tveni preduzetnik iz Njujorka, koji kroz pasionirane i istrajne napore podsti\u010de, inspiri\u0161e i motivi\u0161e mlade ljude \u0161irom sveta da u\u010destvuju u pozitivnim promenama svojih zajednica kroz anga\u017eovanje u humanitarnom radu.<\/p>\n<p>Zbog izuzetnih postignu\u0107a u oblasti filantropije dobio je niz presti\u017enih nagrada, uklju\u010duju\u0107i Presidential Volunteer Service Award tri godine zaredom, Nestle Very Best omladinsku nagradu i Prudential Spirit of Community Award.<\/p>\n<p>Tako\u0111e, nedavno se na\u0161ao na listi 25 najmo\u0107nijih i najuticajnijih mladih ljudi na svetu, po izboru Youth Service America.<\/p>\n<p>Kristofer je uvideo koliko je va\u017eno da se aktivno i svakodnevno u\u010destvuje na pobolj\u0161anju stvari u dru\u0161tvu. To ga je i navelo da pokrene <strong>fondaciju Kids Change the World.<\/strong> Ovaj mladi momak \u010dvrsto veruje da svako od nas \u017eeli da svet promeni nabolje, samo nam je potreban neko ko \u0107e da nas vodi i pomogne, kako bismo tu \u017eelju pretvorili u realnost.<\/p>\n<p><img loading=\"lazy\" decoding=\"async\" class=\"aligncenter size-full wp-image-8333\" src=\"https:\/\/novakdjokovicfoundation.org\/wp-content\/uploads\/2015\/05\/teenagers-hands-on-top-of-each-other-outdoors-1.jpg\" alt=\"teenagers-hands-on-top-of-each-other-outdoors\" width=\"1000\" height=\"667\" \/><\/p>\n<p>U intervjuima \u010desto isti\u010de:<\/p>\n<blockquote><p>Danas su ljudi mojih godina toliko okupirani studijama i polaganjem ispita da zaboravljaju na rad od op\u0161teg dobra za zajednicu, kao i na volontiranje. <strong>Ipak, mislim da je smisao \u017eivota da date najbolje od sebe i da uti\u010dete najvi\u0161e \u0161to mo\u017eete za svoju zajednicu.<\/strong> Ukoliko imate veliku \u017eelju za ne\u010dim, to treba da sprovedete u delo.<\/p>\n<p>Najvi\u0161e me inspiri\u0161e kada vidim promene koje su se desile. Kada znate da se \u017eivot neke osobe promenio nabolje, ne mo\u017eete da se zaustavite samo na tome.<strong> Ljudi kojima ste pomogli bi\u0107e vam zauvek zahvalni i osta\u0107ete im u se\u0107anju&#8230; Jo\u0161 uvek ima onih koji \u010dekaju na va\u0161u pomo\u0107 i prirodno je da nastavite da poma\u017eete i drugim ljudima.<\/strong><\/p><\/blockquote>\n","protected":false},"excerpt":{"rendered":"<p>Bez obzira na to koliko ste mladi, ako imate veliko srce i \u017eelite da pomognete, i te kako mo\u017eete da date svoj doprinos. O tome nas u\u010di pri\u010da o Kristoferu [&hellip;]<\/p>\n","protected":false},"author":5,"featured_media":16214,"comment_status":"open","ping_status":"open","sticky":false,"template":"","format":"standard","meta":{"_acf_changed":false,"footnotes":""},"categories":[1698,1123],"tags":[458,457],"class_list":["post-16213","post","type-post","status-publish","format-standard","has-post-thumbnail","hentry","category-inspirational-stories-sr","category-inspirativne-price","tag-filantropija","tag-volontiranje-omladine"],"acf":[],"yoast_head":"<!-- This site is optimized with the Yoast SEO plugin v27.4 - https:\/\/yoast.com\/product\/yoast-seo-wordpress\/ -->\n<title>Nikada nije previ\u0161e rano da po\u010dnete da menjate svet nabolje - Novak Djokovic Foundation<\/title>\n<meta name=\"robots\" content=\"index, follow, max-snippet:-1, max-image-preview:large, max-video-preview:-1\" \/>\n<link rel=\"canonical\" href=\"https:\/\/novakdjokovicfoundation.org\/sr\/nikada-nije-previse-rano-da-pocnete-da-menjate-svet-nabolje\/\" \/>\n<meta property=\"og:locale\" content=\"sr_RS\" \/>\n<meta property=\"og:type\" content=\"article\" \/>\n<meta property=\"og:title\" content=\"Nikada nije previ\u0161e rano da po\u010dnete da menjate svet nabolje - Novak Djokovic Foundation\" \/>\n<meta property=\"og:description\" content=\"Bez obzira na to koliko ste mladi, ako imate veliko srce i \u017eelite da pomognete, i te kako mo\u017eete da date svoj doprinos. O tome nas u\u010di pri\u010da o Kristoferu [&hellip;]\" \/>\n<meta property=\"og:url\" content=\"https:\/\/novakdjokovicfoundation.org\/sr\/nikada-nije-previse-rano-da-pocnete-da-menjate-svet-nabolje\/\" \/>\n<meta property=\"og:site_name\" content=\"Novak Djokovic Foundation\" \/>\n<meta property=\"article:publisher\" content=\"https:\/\/www.facebook.com\/NovakDjokovicFoundation\" \/>\n<meta property=\"article:published_time\" content=\"2017-01-12T00:00:00+00:00\" \/>\n<meta property=\"og:image\" content=\"https:\/\/novakdjokovicfoundation.org\/wp-content\/uploads\/2023\/02\/girl-superhero-2-scaled.jpg\" \/>\n\t<meta property=\"og:image:width\" content=\"2560\" \/>\n\t<meta property=\"og:image:height\" content=\"1706\" \/>\n\t<meta property=\"og:image:type\" content=\"image\/jpeg\" \/>\n<meta name=\"author\" content=\"NDFAuthors\" \/>\n<meta name=\"twitter:card\" content=\"summary_large_image\" \/>\n<meta name=\"twitter:creator\" content=\"@novakfoundation\" \/>\n<meta name=\"twitter:site\" content=\"@novakfoundation\" \/>\n<meta name=\"twitter:label1\" content=\"\u041d\u0430\u043f\u0438\u0441\u0430\u043d\u043e \u043e\u0434\" \/>\n\t<meta name=\"twitter:data1\" content=\"NDFAuthors\" \/>\n\t<meta name=\"twitter:label2\" content=\"\u041f\u0440\u043e\u0446\u0435\u045a\u0435\u043d\u043e \u0432\u0440\u0435\u043c\u0435 \u0447\u0438\u0442\u0430\u045a\u0430\" \/>\n\t<meta name=\"twitter:data2\" content=\"3 \u043c\u0438\u043d\u0443\u0442\u0430\" \/>\n<script type=\"application\/ld+json\" class=\"yoast-schema-graph\">{\"@context\":\"https:\\\/\\\/schema.org\",\"@graph\":[{\"@type\":\"Article\",\"@id\":\"https:\\\/\\\/novakdjokovicfoundation.org\\\/sr\\\/nikada-nije-previse-rano-da-pocnete-da-menjate-svet-nabolje\\\/#article\",\"isPartOf\":{\"@id\":\"https:\\\/\\\/novakdjokovicfoundation.org\\\/sr\\\/nikada-nije-previse-rano-da-pocnete-da-menjate-svet-nabolje\\\/\"},\"author\":{\"name\":\"NDFAuthors\",\"@id\":\"https:\\\/\\\/novakdjokovicfoundation.org\\\/#\\\/schema\\\/person\\\/92d439ce9f161db2227d88016babb26d\"},\"headline\":\"Nikada nije previ\u0161e rano da po\u010dnete da menjate svet nabolje\",\"datePublished\":\"2017-01-12T00:00:00+00:00\",\"mainEntityOfPage\":{\"@id\":\"https:\\\/\\\/novakdjokovicfoundation.org\\\/sr\\\/nikada-nije-previse-rano-da-pocnete-da-menjate-svet-nabolje\\\/\"},\"wordCount\":599,\"commentCount\":0,\"publisher\":{\"@id\":\"https:\\\/\\\/novakdjokovicfoundation.org\\\/#organization\"},\"image\":{\"@id\":\"https:\\\/\\\/novakdjokovicfoundation.org\\\/sr\\\/nikada-nije-previse-rano-da-pocnete-da-menjate-svet-nabolje\\\/#primaryimage\"},\"thumbnailUrl\":\"https:\\\/\\\/novakdjokovicfoundation.org\\\/wp-content\\\/uploads\\\/2023\\\/02\\\/girl-superhero-2-scaled.jpg\",\"keywords\":[\"filantropija\",\"Volontiranje omladine\"],\"articleSection\":[\"Inspirational Stories\",\"Inspirativne pri\u010de\"],\"inLanguage\":\"sr-RS\",\"potentialAction\":[{\"@type\":\"CommentAction\",\"name\":\"Comment\",\"target\":[\"https:\\\/\\\/novakdjokovicfoundation.org\\\/sr\\\/nikada-nije-previse-rano-da-pocnete-da-menjate-svet-nabolje\\\/#respond\"]}]},{\"@type\":\"WebPage\",\"@id\":\"https:\\\/\\\/novakdjokovicfoundation.org\\\/sr\\\/nikada-nije-previse-rano-da-pocnete-da-menjate-svet-nabolje\\\/\",\"url\":\"https:\\\/\\\/novakdjokovicfoundation.org\\\/sr\\\/nikada-nije-previse-rano-da-pocnete-da-menjate-svet-nabolje\\\/\",\"name\":\"Nikada nije previ\u0161e rano da po\u010dnete da menjate svet nabolje - Novak Djokovic Foundation\",\"isPartOf\":{\"@id\":\"https:\\\/\\\/novakdjokovicfoundation.org\\\/#website\"},\"primaryImageOfPage\":{\"@id\":\"https:\\\/\\\/novakdjokovicfoundation.org\\\/sr\\\/nikada-nije-previse-rano-da-pocnete-da-menjate-svet-nabolje\\\/#primaryimage\"},\"image\":{\"@id\":\"https:\\\/\\\/novakdjokovicfoundation.org\\\/sr\\\/nikada-nije-previse-rano-da-pocnete-da-menjate-svet-nabolje\\\/#primaryimage\"},\"thumbnailUrl\":\"https:\\\/\\\/novakdjokovicfoundation.org\\\/wp-content\\\/uploads\\\/2023\\\/02\\\/girl-superhero-2-scaled.jpg\",\"datePublished\":\"2017-01-12T00:00:00+00:00\",\"breadcrumb\":{\"@id\":\"https:\\\/\\\/novakdjokovicfoundation.org\\\/sr\\\/nikada-nije-previse-rano-da-pocnete-da-menjate-svet-nabolje\\\/#breadcrumb\"},\"inLanguage\":\"sr-RS\",\"potentialAction\":[{\"@type\":\"ReadAction\",\"target\":[\"https:\\\/\\\/novakdjokovicfoundation.org\\\/sr\\\/nikada-nije-previse-rano-da-pocnete-da-menjate-svet-nabolje\\\/\"]}]},{\"@type\":\"ImageObject\",\"inLanguage\":\"sr-RS\",\"@id\":\"https:\\\/\\\/novakdjokovicfoundation.org\\\/sr\\\/nikada-nije-previse-rano-da-pocnete-da-menjate-svet-nabolje\\\/#primaryimage\",\"url\":\"https:\\\/\\\/novakdjokovicfoundation.org\\\/wp-content\\\/uploads\\\/2023\\\/02\\\/girl-superhero-2-scaled.jpg\",\"contentUrl\":\"https:\\\/\\\/novakdjokovicfoundation.org\\\/wp-content\\\/uploads\\\/2023\\\/02\\\/girl-superhero-2-scaled.jpg\",\"width\":2560,\"height\":1706},{\"@type\":\"BreadcrumbList\",\"@id\":\"https:\\\/\\\/novakdjokovicfoundation.org\\\/sr\\\/nikada-nije-previse-rano-da-pocnete-da-menjate-svet-nabolje\\\/#breadcrumb\",\"itemListElement\":[{\"@type\":\"ListItem\",\"position\":1,\"name\":\"Home\",\"item\":\"https:\\\/\\\/novakdjokovicfoundation.org\\\/sr\\\/\"},{\"@type\":\"ListItem\",\"position\":2,\"name\":\"Nikada nije previ\u0161e rano da po\u010dnete da menjate svet nabolje\"}]},{\"@type\":\"WebSite\",\"@id\":\"https:\\\/\\\/novakdjokovicfoundation.org\\\/#website\",\"url\":\"https:\\\/\\\/novakdjokovicfoundation.org\\\/\",\"name\":\"Novak Djokovic Foundation\",\"description\":\"Believe in their dreams\",\"publisher\":{\"@id\":\"https:\\\/\\\/novakdjokovicfoundation.org\\\/#organization\"},\"potentialAction\":[{\"@type\":\"SearchAction\",\"target\":{\"@type\":\"EntryPoint\",\"urlTemplate\":\"https:\\\/\\\/novakdjokovicfoundation.org\\\/?s={search_term_string}\"},\"query-input\":{\"@type\":\"PropertyValueSpecification\",\"valueRequired\":true,\"valueName\":\"search_term_string\"}}],\"inLanguage\":\"sr-RS\"},{\"@type\":\"Organization\",\"@id\":\"https:\\\/\\\/novakdjokovicfoundation.org\\\/#organization\",\"name\":\"Novak Djokovic Foundation\",\"url\":\"https:\\\/\\\/novakdjokovicfoundation.org\\\/\",\"logo\":{\"@type\":\"ImageObject\",\"inLanguage\":\"sr-RS\",\"@id\":\"https:\\\/\\\/novakdjokovicfoundation.org\\\/#\\\/schema\\\/logo\\\/image\\\/\",\"url\":\"https:\\\/\\\/novakdjokovicfoundation.org\\\/wp-content\\\/uploads\\\/2024\\\/12\\\/NDF_Logo_BLUE.svg\",\"contentUrl\":\"https:\\\/\\\/novakdjokovicfoundation.org\\\/wp-content\\\/uploads\\\/2024\\\/12\\\/NDF_Logo_BLUE.svg\",\"width\":1,\"height\":1,\"caption\":\"Novak Djokovic Foundation\"},\"image\":{\"@id\":\"https:\\\/\\\/novakdjokovicfoundation.org\\\/#\\\/schema\\\/logo\\\/image\\\/\"},\"sameAs\":[\"https:\\\/\\\/www.facebook.com\\\/NovakDjokovicFoundation\",\"https:\\\/\\\/x.com\\\/novakfoundation\",\"https:\\\/\\\/www.instagram.com\\\/novakfoundation\"]},{\"@type\":\"Person\",\"@id\":\"https:\\\/\\\/novakdjokovicfoundation.org\\\/#\\\/schema\\\/person\\\/92d439ce9f161db2227d88016babb26d\",\"name\":\"NDFAuthors\",\"image\":{\"@type\":\"ImageObject\",\"inLanguage\":\"sr-RS\",\"@id\":\"https:\\\/\\\/secure.gravatar.com\\\/avatar\\\/a56dea238b3a98b3408ef9bffaa7226d71ec06e401c449ab94453fa6c470ef8c?s=96&d=mm&r=g\",\"url\":\"https:\\\/\\\/secure.gravatar.com\\\/avatar\\\/a56dea238b3a98b3408ef9bffaa7226d71ec06e401c449ab94453fa6c470ef8c?s=96&d=mm&r=g\",\"contentUrl\":\"https:\\\/\\\/secure.gravatar.com\\\/avatar\\\/a56dea238b3a98b3408ef9bffaa7226d71ec06e401c449ab94453fa6c470ef8c?s=96&d=mm&r=g\",\"caption\":\"NDFAuthors\"},\"url\":\"https:\\\/\\\/novakdjokovicfoundation.org\\\/sr\\\/author\\\/ndfauthors\\\/\"}]}<\/script>\n<!-- \/ Yoast SEO plugin. -->","yoast_head_json":{"title":"Nikada nije previ\u0161e rano da po\u010dnete da menjate svet nabolje - Novak Djokovic Foundation","robots":{"index":"index","follow":"follow","max-snippet":"max-snippet:-1","max-image-preview":"max-image-preview:large","max-video-preview":"max-video-preview:-1"},"canonical":"https:\/\/novakdjokovicfoundation.org\/sr\/nikada-nije-previse-rano-da-pocnete-da-menjate-svet-nabolje\/","og_locale":"sr_RS","og_type":"article","og_title":"Nikada nije previ\u0161e rano da po\u010dnete da menjate svet nabolje - Novak Djokovic Foundation","og_description":"Bez obzira na to koliko ste mladi, ako imate veliko srce i \u017eelite da pomognete, i te kako mo\u017eete da date svoj doprinos. O tome nas u\u010di pri\u010da o Kristoferu [&hellip;]","og_url":"https:\/\/novakdjokovicfoundation.org\/sr\/nikada-nije-previse-rano-da-pocnete-da-menjate-svet-nabolje\/","og_site_name":"Novak Djokovic Foundation","article_publisher":"https:\/\/www.facebook.com\/NovakDjokovicFoundation","article_published_time":"2017-01-12T00:00:00+00:00","og_image":[{"width":2560,"height":1706,"url":"https:\/\/novakdjokovicfoundation.org\/wp-content\/uploads\/2023\/02\/girl-superhero-2-scaled.jpg","type":"image\/jpeg"}],"author":"NDFAuthors","twitter_card":"summary_large_image","twitter_creator":"@novakfoundation","twitter_site":"@novakfoundation","twitter_misc":{"\u041d\u0430\u043f\u0438\u0441\u0430\u043d\u043e \u043e\u0434":"NDFAuthors","\u041f\u0440\u043e\u0446\u0435\u045a\u0435\u043d\u043e \u0432\u0440\u0435\u043c\u0435 \u0447\u0438\u0442\u0430\u045a\u0430":"3 \u043c\u0438\u043d\u0443\u0442\u0430"},"schema":{"@context":"https:\/\/schema.org","@graph":[{"@type":"Article","@id":"https:\/\/novakdjokovicfoundation.org\/sr\/nikada-nije-previse-rano-da-pocnete-da-menjate-svet-nabolje\/#article","isPartOf":{"@id":"https:\/\/novakdjokovicfoundation.org\/sr\/nikada-nije-previse-rano-da-pocnete-da-menjate-svet-nabolje\/"},"author":{"name":"NDFAuthors","@id":"https:\/\/novakdjokovicfoundation.org\/#\/schema\/person\/92d439ce9f161db2227d88016babb26d"},"headline":"Nikada nije previ\u0161e rano da po\u010dnete da menjate svet nabolje","datePublished":"2017-01-12T00:00:00+00:00","mainEntityOfPage":{"@id":"https:\/\/novakdjokovicfoundation.org\/sr\/nikada-nije-previse-rano-da-pocnete-da-menjate-svet-nabolje\/"},"wordCount":599,"commentCount":0,"publisher":{"@id":"https:\/\/novakdjokovicfoundation.org\/#organization"},"image":{"@id":"https:\/\/novakdjokovicfoundation.org\/sr\/nikada-nije-previse-rano-da-pocnete-da-menjate-svet-nabolje\/#primaryimage"},"thumbnailUrl":"https:\/\/novakdjokovicfoundation.org\/wp-content\/uploads\/2023\/02\/girl-superhero-2-scaled.jpg","keywords":["filantropija","Volontiranje omladine"],"articleSection":["Inspirational Stories","Inspirativne pri\u010de"],"inLanguage":"sr-RS","potentialAction":[{"@type":"CommentAction","name":"Comment","target":["https:\/\/novakdjokovicfoundation.org\/sr\/nikada-nije-previse-rano-da-pocnete-da-menjate-svet-nabolje\/#respond"]}]},{"@type":"WebPage","@id":"https:\/\/novakdjokovicfoundation.org\/sr\/nikada-nije-previse-rano-da-pocnete-da-menjate-svet-nabolje\/","url":"https:\/\/novakdjokovicfoundation.org\/sr\/nikada-nije-previse-rano-da-pocnete-da-menjate-svet-nabolje\/","name":"Nikada nije previ\u0161e rano da po\u010dnete da menjate svet nabolje - Novak Djokovic Foundation","isPartOf":{"@id":"https:\/\/novakdjokovicfoundation.org\/#website"},"primaryImageOfPage":{"@id":"https:\/\/novakdjokovicfoundation.org\/sr\/nikada-nije-previse-rano-da-pocnete-da-menjate-svet-nabolje\/#primaryimage"},"image":{"@id":"https:\/\/novakdjokovicfoundation.org\/sr\/nikada-nije-previse-rano-da-pocnete-da-menjate-svet-nabolje\/#primaryimage"},"thumbnailUrl":"https:\/\/novakdjokovicfoundation.org\/wp-content\/uploads\/2023\/02\/girl-superhero-2-scaled.jpg","datePublished":"2017-01-12T00:00:00+00:00","breadcrumb":{"@id":"https:\/\/novakdjokovicfoundation.org\/sr\/nikada-nije-previse-rano-da-pocnete-da-menjate-svet-nabolje\/#breadcrumb"},"inLanguage":"sr-RS","potentialAction":[{"@type":"ReadAction","target":["https:\/\/novakdjokovicfoundation.org\/sr\/nikada-nije-previse-rano-da-pocnete-da-menjate-svet-nabolje\/"]}]},{"@type":"ImageObject","inLanguage":"sr-RS","@id":"https:\/\/novakdjokovicfoundation.org\/sr\/nikada-nije-previse-rano-da-pocnete-da-menjate-svet-nabolje\/#primaryimage","url":"https:\/\/novakdjokovicfoundation.org\/wp-content\/uploads\/2023\/02\/girl-superhero-2-scaled.jpg","contentUrl":"https:\/\/novakdjokovicfoundation.org\/wp-content\/uploads\/2023\/02\/girl-superhero-2-scaled.jpg","width":2560,"height":1706},{"@type":"BreadcrumbList","@id":"https:\/\/novakdjokovicfoundation.org\/sr\/nikada-nije-previse-rano-da-pocnete-da-menjate-svet-nabolje\/#breadcrumb","itemListElement":[{"@type":"ListItem","position":1,"name":"Home","item":"https:\/\/novakdjokovicfoundation.org\/sr\/"},{"@type":"ListItem","position":2,"name":"Nikada nije previ\u0161e rano da po\u010dnete da menjate svet nabolje"}]},{"@type":"WebSite","@id":"https:\/\/novakdjokovicfoundation.org\/#website","url":"https:\/\/novakdjokovicfoundation.org\/","name":"Novak Djokovic Foundation","description":"Believe in their dreams","publisher":{"@id":"https:\/\/novakdjokovicfoundation.org\/#organization"},"potentialAction":[{"@type":"SearchAction","target":{"@type":"EntryPoint","urlTemplate":"https:\/\/novakdjokovicfoundation.org\/?s={search_term_string}"},"query-input":{"@type":"PropertyValueSpecification","valueRequired":true,"valueName":"search_term_string"}}],"inLanguage":"sr-RS"},{"@type":"Organization","@id":"https:\/\/novakdjokovicfoundation.org\/#organization","name":"Novak Djokovic Foundation","url":"https:\/\/novakdjokovicfoundation.org\/","logo":{"@type":"ImageObject","inLanguage":"sr-RS","@id":"https:\/\/novakdjokovicfoundation.org\/#\/schema\/logo\/image\/","url":"https:\/\/novakdjokovicfoundation.org\/wp-content\/uploads\/2024\/12\/NDF_Logo_BLUE.svg","contentUrl":"https:\/\/novakdjokovicfoundation.org\/wp-content\/uploads\/2024\/12\/NDF_Logo_BLUE.svg","width":1,"height":1,"caption":"Novak Djokovic Foundation"},"image":{"@id":"https:\/\/novakdjokovicfoundation.org\/#\/schema\/logo\/image\/"},"sameAs":["https:\/\/www.facebook.com\/NovakDjokovicFoundation","https:\/\/x.com\/novakfoundation","https:\/\/www.instagram.com\/novakfoundation"]},{"@type":"Person","@id":"https:\/\/novakdjokovicfoundation.org\/#\/schema\/person\/92d439ce9f161db2227d88016babb26d","name":"NDFAuthors","image":{"@type":"ImageObject","inLanguage":"sr-RS","@id":"https:\/\/secure.gravatar.com\/avatar\/a56dea238b3a98b3408ef9bffaa7226d71ec06e401c449ab94453fa6c470ef8c?s=96&d=mm&r=g","url":"https:\/\/secure.gravatar.com\/avatar\/a56dea238b3a98b3408ef9bffaa7226d71ec06e401c449ab94453fa6c470ef8c?s=96&d=mm&r=g","contentUrl":"https:\/\/secure.gravatar.com\/avatar\/a56dea238b3a98b3408ef9bffaa7226d71ec06e401c449ab94453fa6c470ef8c?s=96&d=mm&r=g","caption":"NDFAuthors"},"url":"https:\/\/novakdjokovicfoundation.org\/sr\/author\/ndfauthors\/"}]}},"_links":{"self":[{"href":"https:\/\/novakdjokovicfoundation.org\/sr\/wp-json\/wp\/v2\/posts\/16213","targetHints":{"allow":["GET"]}}],"collection":[{"href":"https:\/\/novakdjokovicfoundation.org\/sr\/wp-json\/wp\/v2\/posts"}],"about":[{"href":"https:\/\/novakdjokovicfoundation.org\/sr\/wp-json\/wp\/v2\/types\/post"}],"author":[{"embeddable":true,"href":"https:\/\/novakdjokovicfoundation.org\/sr\/wp-json\/wp\/v2\/users\/5"}],"replies":[{"embeddable":true,"href":"https:\/\/novakdjokovicfoundation.org\/sr\/wp-json\/wp\/v2\/comments?post=16213"}],"version-history":[{"count":0,"href":"https:\/\/novakdjokovicfoundation.org\/sr\/wp-json\/wp\/v2\/posts\/16213\/revisions"}],"wp:featuredmedia":[{"embeddable":true,"href":"https:\/\/novakdjokovicfoundation.org\/sr\/wp-json\/wp\/v2\/media\/16214"}],"wp:attachment":[{"href":"https:\/\/novakdjokovicfoundation.org\/sr\/wp-json\/wp\/v2\/media?parent=16213"}],"wp:term":[{"taxonomy":"category","embeddable":true,"href":"https:\/\/novakdjokovicfoundation.org\/sr\/wp-json\/wp\/v2\/categories?post=16213"},{"taxonomy":"post_tag","embeddable":true,"href":"https:\/\/novakdjokovicfoundation.org\/sr\/wp-json\/wp\/v2\/tags?post=16213"}],"curies":[{"name":"wp","href":"https:\/\/api.w.org\/{rel}","templated":true}]}}