{"id":15960,"date":"2016-04-22T00:00:00","date_gmt":"2016-04-22T00:00:00","guid":{"rendered":"https:\/\/novakdjokovicfoundation.org\/novak-dokovic-fondacija-obele-medunarodni-dan-knjige-malisanima-iz-kraljeva-1-500-knjiga\/"},"modified":"2016-04-22T00:00:00","modified_gmt":"2016-04-22T00:00:00","slug":"novak-dokovic-fondacija-obele-medunarodni-dan-knjige-malisanima-iz-kraljeva-1-500-knjiga","status":"publish","type":"post","link":"https:\/\/novakdjokovicfoundation.org\/sr\/novak-dokovic-fondacija-obele-medunarodni-dan-knjige-malisanima-iz-kraljeva-1-500-knjiga\/","title":{"rendered":"Novak \u0110okovi\u0107 fondacija sa na\u0161im poznatim glumcima obele\u017eila Me\u0111unarodni dan knjige"},"content":{"rendered":"<p><em><strong> Novak \u0110okovi\u0107 fondacija je sa na\u0161im poznatim glumcima danas obele\u017eila Me\u0111unarodni dan knjige. Mali\u0161anima iz De\u010djeg sela u Kraljevu uru\u010deno 1500 knjiga koje su prikupljene u toku akcije \u201eKnjiga od srca\u201c.<\/strong><\/em><\/p>\n<p><!--more--><\/p>\n<p><b>Novak \u0110okovi\u0107 fondacija <\/b>i na\u0161a poznata glumica <b>Bojana Ordina\u010dev <\/b>uru\u010dili su danas 1.500 knjiga mali\u0161anima iz De\u010djeg sela u Kraljevu, povodom obele\u017eavanja Me\u0111unarodnog dana knjige. Uru\u010denje knjiga je kruna akcije \u201eKnjiga od srca\u201c, koja je u \u0160oping centru U\u0161\u0107e dan ranije, 21. aprila, okupila veliki broj \u201emalih donatora\u201c od pet do deset godina, a posebni gosti bili su \u0111aci O\u0160 \u201eJovan Du\u010di\u0107\u201c sa Novog Beograda.<\/p>\n<p>Tada je skupljen veliki broj najrazli\u010ditijih de\u010djih naslova i slikovnica, a mnogo dece, roditelja, baka i deka odazvalo se pozivu za pomo\u0107 drugarima iz Kraljeva. Svako od njih je doneo neku lepu knjigu kako bi je poklonio drugim mali\u0161anima i pomogao im da \u010ditaju i steknu nova saznanja. Dru\u017eenje u U\u0161\u0107u ulep\u0161alo je i prisustvo Viktora Savi\u0107a i Aleksandra Radoji\u010di\u0107a, glumaca de\u010djeg pozori\u0161ta \u201eBo\u0161ko Buha\u201c, koji su deci \u010ditali pri\u010de, obja\u0161njavali im za\u0161to je va\u017eno da se obrazuju, razvijaju ma\u0161tu, \u010ditaju.<\/p>\n<div id=\"attachment_17255\" style=\"width: 1010px\" class=\"wp-caption aligncenter\"><a href=\"https:\/\/novakdjokovicfoundation.org\/wp-content\/uploads\/2016\/04\/NDF-Dan-Knjiga-Decje-Selo-1113.jpg\" rel=\"attachment wp-att-17255\"><img loading=\"lazy\" decoding=\"async\" aria-describedby=\"caption-attachment-17255\" class=\"size-full wp-image-17255\" src=\"https:\/\/novakdjokovicfoundation.org\/wp-content\/uploads\/2016\/04\/NDF-Dan-Knjiga-Decje-Selo-1113.jpg\" alt=\"NDF Dan Knjiga Decje Selo\" width=\"1000\" height=\"667\" \/><\/a><p id=\"caption-attachment-17255\" class=\"wp-caption-text\">NDF Dan Knjiga Decje Selo<\/p><\/div>\n<blockquote><p>Na\u0161a fondacija tre\u0107u godinu zaredom lepim akcijama obele\u017eava Me\u0111unarodni dan knjige sa ciljem da podstakne mali\u0161ane da na vreme zavole knjige. \u010citanje je veoma va\u017ean segment ranog razvoja i zato smo se prijatno iznenadili velikim odzivom mali\u0161ana koji su odlu\u010dili da poklone knjigice koje vi\u0161e ne \u010ditaju. Na svaku poklonjenu knjigu Fondacija je donirala jo\u0161 po jednu. Tako smo do\u0161li do 1.500 knjiga, koje smo danas uru\u010dili De\u010djem selu, koje je imalo istinsku potrebu za ovom donacijom. Zahvalni smo na\u0161im partnerima iz \u0160oping centra U\u0161\u0107e, ali i Viktoru, Aleksandru i Bojani, bez kojih ovi dani u kojima smo prikupili i uru\u010dili knjige ne bi bili toliko lepi i zanimljivi &#8211; istakla je <strong>Gorana D\u017eud\u017ea Jakovljevi\u0107<\/strong>, projektna menad\u017eerka Novak \u0110okovi\u0107 fondacije, nakon uru\u010denja knjiga u Kraljevu.<\/p><\/blockquote>\n<p><strong>Bojana Ordina\u010dev<\/strong> je prilikom dru\u017eenja sa malim Kraljev\u010danima rekla da joj je zadovoljstvo da bude deo akcije Novak \u0110okovi\u0107 fondacije, jer je edukacija dece kroz knjige i \u010ditanje veoma bitna, a ovo je jedan od na\u010dina da se na to i uka\u017ee.<\/p>\n<blockquote><p>Nadam se da \u0107e mali\u0161ani iz De\u010djeg sela u Kraljevu u\u017eivati u novim naslovima i savremenoj literaturi koju smo im ovom prilikom doneli.<\/p><\/blockquote>\n<div id=\"attachment_17258\" style=\"width: 1010px\" class=\"wp-caption aligncenter\"><a href=\"https:\/\/novakdjokovicfoundation.org\/wp-content\/uploads\/2016\/04\/NDF-Dan-Knjiga-Decje-Selo-1179.jpg\" rel=\"attachment wp-att-17258\"><img loading=\"lazy\" decoding=\"async\" aria-describedby=\"caption-attachment-17258\" class=\"size-full wp-image-17258\" src=\"https:\/\/novakdjokovicfoundation.org\/wp-content\/uploads\/2016\/04\/NDF-Dan-Knjiga-Decje-Selo-1179.jpg\" alt=\"NDF Dan Knjiga Decje Selo\" width=\"1000\" height=\"667\" \/><\/a><p id=\"caption-attachment-17258\" class=\"wp-caption-text\">NDF Dan Knjiga Decje Selo<\/p><\/div>\n<p><strong>Aleksandar Radoji\u010di\u0107<\/strong> je podsetio da je tata trogodi\u0161nje devoj\u010dice, koja je od ro\u0111enja okru\u017eena slikovnicama i da se on kao otac trudi da joj \u0161to vi\u0161e pribli\u017ei zanimljivi svet knjiga.<\/p>\n<blockquote><p>Ona ve\u0107 sada obo\u017eava knjige i mislim da ne\u0107u imati potrebu da je teram da \u010dita kada odraste. Sama tra\u017ei da joj \u010ditam pred spavanje. Ova akcija je veoma va\u017ena i divno je videti koliko su deca sre\u0107na \u0161to su bila u prilici da drugarima koji nemaju poklone svoje knjige koje su im drage i bitne. Lepo je kada deca imaju potrebu da dele i nadam se da \u0107e i moje dete razviti vremenom ovu divnu osobinu.<\/p><\/blockquote>\n<div id=\"attachment_17219\" style=\"width: 1510px\" class=\"wp-caption aligncenter\"><a href=\"https:\/\/novakdjokovicfoundation.org\/wp-content\/uploads\/2016\/04\/NDF-Dan-Knjige-1-0836.jpg\" rel=\"attachment wp-att-17219\"><img loading=\"lazy\" decoding=\"async\" aria-describedby=\"caption-attachment-17219\" class=\"size-full wp-image-17219\" src=\"https:\/\/novakdjokovicfoundation.org\/wp-content\/uploads\/2016\/04\/NDF-Dan-Knjige-1-0836.jpg\" alt=\"NDF Dan Knjige \u00a9 Jelena Vemic\" width=\"1500\" height=\"1000\" \/><\/a><p id=\"caption-attachment-17219\" class=\"wp-caption-text\">NDF Dan Knjige \u00a9 Jelena Vemic<\/p><\/div>\n<p><strong>Viktor Savi\u0107<\/strong> je istakao da je ponosan kada dobije poziv da bude deo akcija ovog tipa i kada mu pripadne ta \u010dast da decu motivi\u0161e i usmeri u pravcu \u010ditanja knjiga.<\/p>\n<blockquote><p>Divno je videti decu koja od srca \u017eele da poklone knjige drugarima koji ih nemaju. Knjige su va\u017ene za svakog \u010doveka, naro\u010dito za najmla\u0111e kod kojih razvijaju svet ma\u0161te, bez koje kasnije u \u017eivotu ne mogu puno da postignu.<\/p><\/blockquote>\n<div id=\"attachment_17138\" style=\"width: 1510px\" class=\"wp-caption aligncenter\"><a href=\"https:\/\/novakdjokovicfoundation.org\/wp-content\/uploads\/2016\/04\/NDF-Dan-Knjige-1-0886.jpg\" rel=\"attachment wp-att-17138\"><img loading=\"lazy\" decoding=\"async\" aria-describedby=\"caption-attachment-17138\" class=\"size-full wp-image-17138\" src=\"https:\/\/novakdjokovicfoundation.org\/wp-content\/uploads\/2016\/04\/NDF-Dan-Knjige-1-0886.jpg\" alt=\"NDF Dan Knjige \u00a9 Jelena Vemic\" width=\"1500\" height=\"1000\" \/><\/a><p id=\"caption-attachment-17138\" class=\"wp-caption-text\">NDF Dan Knjige \u00a9 Jelena Vemic<\/p><\/div>\n<p>Novak \u0110okovi\u0107 Fondacija fokusira se na rani razvoj dece i na pred\u0161kolsko obrazovanje. To su dva veoma va\u017ena faktora i oba u velikoj meri uti\u010du na to kako \u0107e dete napredovati kroz \u017eivot. Uz pravi podsticaj svako dete mo\u017ee da prepozna svoj talenat i da odlu\u010di da ga razvije.<\/p>\n","protected":false},"excerpt":{"rendered":"<p>Novak \u0110okovi\u0107 fondacija je sa na\u0161im poznatim glumcima danas obele\u017eila Me\u0111unarodni dan knjige. Mali\u0161anima iz De\u010djeg sela u Kraljevu uru\u010deno 1500 knjiga koje su prikupljene u toku akcije \u201eKnjiga od [&hellip;]<\/p>\n","protected":false},"author":5,"featured_media":15961,"comment_status":"open","ping_status":"open","sticky":false,"template":"","format":"standard","meta":{"_acf_changed":false,"footnotes":""},"categories":[29],"tags":[1414,1417,1374,1412,1413,1416,1234,1415],"class_list":["post-15960","post","type-post","status-publish","format-standard","has-post-thumbnail","hentry","category-nase-price","tag-aleksandar-radojicic","tag-bojana-ordinacev","tag-citanje","tag-knjiga","tag-ljubav-prema-knjizi","tag-medjunarodni-dan-knjige","tag-novak-djokovic-fondacija","tag-viktor-savic"],"acf":[],"yoast_head":"<!-- This site is optimized with the Yoast SEO plugin v27.4 - https:\/\/yoast.com\/product\/yoast-seo-wordpress\/ -->\n<title>Novak \u0110okovi\u0107 fondacija sa na\u0161im poznatim glumcima obele\u017eila Me\u0111unarodni dan knjige - Novak Djokovic Foundation<\/title>\n<meta name=\"robots\" content=\"index, follow, max-snippet:-1, max-image-preview:large, max-video-preview:-1\" \/>\n<link rel=\"canonical\" href=\"https:\/\/novakdjokovicfoundation.org\/sr\/novak-dokovic-fondacija-obele-medunarodni-dan-knjige-malisanima-iz-kraljeva-1-500-knjiga\/\" \/>\n<meta property=\"og:locale\" content=\"sr_RS\" \/>\n<meta property=\"og:type\" content=\"article\" \/>\n<meta property=\"og:title\" content=\"Novak \u0110okovi\u0107 fondacija sa na\u0161im poznatim glumcima obele\u017eila Me\u0111unarodni dan knjige - Novak Djokovic Foundation\" \/>\n<meta property=\"og:description\" content=\"Novak \u0110okovi\u0107 fondacija je sa na\u0161im poznatim glumcima danas obele\u017eila Me\u0111unarodni dan knjige. Mali\u0161anima iz De\u010djeg sela u Kraljevu uru\u010deno 1500 knjiga koje su prikupljene u toku akcije \u201eKnjiga od [&hellip;]\" \/>\n<meta property=\"og:url\" content=\"https:\/\/novakdjokovicfoundation.org\/sr\/novak-dokovic-fondacija-obele-medunarodni-dan-knjige-malisanima-iz-kraljeva-1-500-knjiga\/\" \/>\n<meta property=\"og:site_name\" content=\"Novak Djokovic Foundation\" \/>\n<meta property=\"article:publisher\" content=\"https:\/\/www.facebook.com\/NovakDjokovicFoundation\" \/>\n<meta property=\"article:published_time\" content=\"2016-04-22T00:00:00+00:00\" \/>\n<meta property=\"og:image\" content=\"https:\/\/novakdjokovicfoundation.org\/wp-content\/uploads\/2023\/02\/NDF-Dan-Knjiga-Decje-Selo-1010.jpg\" \/>\n\t<meta property=\"og:image:width\" content=\"1000\" \/>\n\t<meta property=\"og:image:height\" content=\"667\" \/>\n\t<meta property=\"og:image:type\" content=\"image\/jpeg\" \/>\n<meta name=\"author\" content=\"NDFAuthors\" \/>\n<meta name=\"twitter:card\" content=\"summary_large_image\" \/>\n<meta name=\"twitter:creator\" content=\"@novakfoundation\" \/>\n<meta name=\"twitter:site\" content=\"@novakfoundation\" \/>\n<meta name=\"twitter:label1\" content=\"\u041d\u0430\u043f\u0438\u0441\u0430\u043d\u043e \u043e\u0434\" \/>\n\t<meta name=\"twitter:data1\" content=\"NDFAuthors\" \/>\n\t<meta name=\"twitter:label2\" content=\"\u041f\u0440\u043e\u0446\u0435\u045a\u0435\u043d\u043e \u0432\u0440\u0435\u043c\u0435 \u0447\u0438\u0442\u0430\u045a\u0430\" \/>\n\t<meta name=\"twitter:data2\" content=\"4 \u043c\u0438\u043d\u0443\u0442\u0430\" \/>\n<script type=\"application\/ld+json\" class=\"yoast-schema-graph\">{\"@context\":\"https:\\\/\\\/schema.org\",\"@graph\":[{\"@type\":\"Article\",\"@id\":\"https:\\\/\\\/novakdjokovicfoundation.org\\\/sr\\\/novak-dokovic-fondacija-obele-medunarodni-dan-knjige-malisanima-iz-kraljeva-1-500-knjiga\\\/#article\",\"isPartOf\":{\"@id\":\"https:\\\/\\\/novakdjokovicfoundation.org\\\/sr\\\/novak-dokovic-fondacija-obele-medunarodni-dan-knjige-malisanima-iz-kraljeva-1-500-knjiga\\\/\"},\"author\":{\"name\":\"NDFAuthors\",\"@id\":\"https:\\\/\\\/novakdjokovicfoundation.org\\\/#\\\/schema\\\/person\\\/92d439ce9f161db2227d88016babb26d\"},\"headline\":\"Novak \u0110okovi\u0107 fondacija sa na\u0161im poznatim glumcima obele\u017eila Me\u0111unarodni dan knjige\",\"datePublished\":\"2016-04-22T00:00:00+00:00\",\"mainEntityOfPage\":{\"@id\":\"https:\\\/\\\/novakdjokovicfoundation.org\\\/sr\\\/novak-dokovic-fondacija-obele-medunarodni-dan-knjige-malisanima-iz-kraljeva-1-500-knjiga\\\/\"},\"wordCount\":733,\"commentCount\":0,\"publisher\":{\"@id\":\"https:\\\/\\\/novakdjokovicfoundation.org\\\/#organization\"},\"image\":{\"@id\":\"https:\\\/\\\/novakdjokovicfoundation.org\\\/sr\\\/novak-dokovic-fondacija-obele-medunarodni-dan-knjige-malisanima-iz-kraljeva-1-500-knjiga\\\/#primaryimage\"},\"thumbnailUrl\":\"https:\\\/\\\/novakdjokovicfoundation.org\\\/wp-content\\\/uploads\\\/2023\\\/02\\\/NDF-Dan-Knjiga-Decje-Selo-1010.jpg\",\"keywords\":[\"Aleksandar Radoji\u010di\u0107\",\"Bojana Ordina\u010dev\",\"\u010ditanje\",\"knjiga\",\"ljubav prema knjizi\",\"Me\u0111unarodni dan knjige\",\"Novak Djokovic Fondacija\",\"Viktor Savi\u0107\"],\"articleSection\":[\"Na\u0161e pri\u010de\"],\"inLanguage\":\"sr-RS\",\"potentialAction\":[{\"@type\":\"CommentAction\",\"name\":\"Comment\",\"target\":[\"https:\\\/\\\/novakdjokovicfoundation.org\\\/sr\\\/novak-dokovic-fondacija-obele-medunarodni-dan-knjige-malisanima-iz-kraljeva-1-500-knjiga\\\/#respond\"]}]},{\"@type\":\"WebPage\",\"@id\":\"https:\\\/\\\/novakdjokovicfoundation.org\\\/sr\\\/novak-dokovic-fondacija-obele-medunarodni-dan-knjige-malisanima-iz-kraljeva-1-500-knjiga\\\/\",\"url\":\"https:\\\/\\\/novakdjokovicfoundation.org\\\/sr\\\/novak-dokovic-fondacija-obele-medunarodni-dan-knjige-malisanima-iz-kraljeva-1-500-knjiga\\\/\",\"name\":\"Novak \u0110okovi\u0107 fondacija sa na\u0161im poznatim glumcima obele\u017eila Me\u0111unarodni dan knjige - Novak Djokovic Foundation\",\"isPartOf\":{\"@id\":\"https:\\\/\\\/novakdjokovicfoundation.org\\\/#website\"},\"primaryImageOfPage\":{\"@id\":\"https:\\\/\\\/novakdjokovicfoundation.org\\\/sr\\\/novak-dokovic-fondacija-obele-medunarodni-dan-knjige-malisanima-iz-kraljeva-1-500-knjiga\\\/#primaryimage\"},\"image\":{\"@id\":\"https:\\\/\\\/novakdjokovicfoundation.org\\\/sr\\\/novak-dokovic-fondacija-obele-medunarodni-dan-knjige-malisanima-iz-kraljeva-1-500-knjiga\\\/#primaryimage\"},\"thumbnailUrl\":\"https:\\\/\\\/novakdjokovicfoundation.org\\\/wp-content\\\/uploads\\\/2023\\\/02\\\/NDF-Dan-Knjiga-Decje-Selo-1010.jpg\",\"datePublished\":\"2016-04-22T00:00:00+00:00\",\"breadcrumb\":{\"@id\":\"https:\\\/\\\/novakdjokovicfoundation.org\\\/sr\\\/novak-dokovic-fondacija-obele-medunarodni-dan-knjige-malisanima-iz-kraljeva-1-500-knjiga\\\/#breadcrumb\"},\"inLanguage\":\"sr-RS\",\"potentialAction\":[{\"@type\":\"ReadAction\",\"target\":[\"https:\\\/\\\/novakdjokovicfoundation.org\\\/sr\\\/novak-dokovic-fondacija-obele-medunarodni-dan-knjige-malisanima-iz-kraljeva-1-500-knjiga\\\/\"]}]},{\"@type\":\"ImageObject\",\"inLanguage\":\"sr-RS\",\"@id\":\"https:\\\/\\\/novakdjokovicfoundation.org\\\/sr\\\/novak-dokovic-fondacija-obele-medunarodni-dan-knjige-malisanima-iz-kraljeva-1-500-knjiga\\\/#primaryimage\",\"url\":\"https:\\\/\\\/novakdjokovicfoundation.org\\\/wp-content\\\/uploads\\\/2023\\\/02\\\/NDF-Dan-Knjiga-Decje-Selo-1010.jpg\",\"contentUrl\":\"https:\\\/\\\/novakdjokovicfoundation.org\\\/wp-content\\\/uploads\\\/2023\\\/02\\\/NDF-Dan-Knjiga-Decje-Selo-1010.jpg\",\"width\":1000,\"height\":667},{\"@type\":\"BreadcrumbList\",\"@id\":\"https:\\\/\\\/novakdjokovicfoundation.org\\\/sr\\\/novak-dokovic-fondacija-obele-medunarodni-dan-knjige-malisanima-iz-kraljeva-1-500-knjiga\\\/#breadcrumb\",\"itemListElement\":[{\"@type\":\"ListItem\",\"position\":1,\"name\":\"Home\",\"item\":\"https:\\\/\\\/novakdjokovicfoundation.org\\\/sr\\\/\"},{\"@type\":\"ListItem\",\"position\":2,\"name\":\"Novak \u0110okovi\u0107 fondacija sa na\u0161im poznatim glumcima obele\u017eila Me\u0111unarodni dan knjige\"}]},{\"@type\":\"WebSite\",\"@id\":\"https:\\\/\\\/novakdjokovicfoundation.org\\\/#website\",\"url\":\"https:\\\/\\\/novakdjokovicfoundation.org\\\/\",\"name\":\"Novak Djokovic Foundation\",\"description\":\"Believe in their dreams\",\"publisher\":{\"@id\":\"https:\\\/\\\/novakdjokovicfoundation.org\\\/#organization\"},\"potentialAction\":[{\"@type\":\"SearchAction\",\"target\":{\"@type\":\"EntryPoint\",\"urlTemplate\":\"https:\\\/\\\/novakdjokovicfoundation.org\\\/?s={search_term_string}\"},\"query-input\":{\"@type\":\"PropertyValueSpecification\",\"valueRequired\":true,\"valueName\":\"search_term_string\"}}],\"inLanguage\":\"sr-RS\"},{\"@type\":\"Organization\",\"@id\":\"https:\\\/\\\/novakdjokovicfoundation.org\\\/#organization\",\"name\":\"Novak Djokovic Foundation\",\"url\":\"https:\\\/\\\/novakdjokovicfoundation.org\\\/\",\"logo\":{\"@type\":\"ImageObject\",\"inLanguage\":\"sr-RS\",\"@id\":\"https:\\\/\\\/novakdjokovicfoundation.org\\\/#\\\/schema\\\/logo\\\/image\\\/\",\"url\":\"https:\\\/\\\/novakdjokovicfoundation.org\\\/wp-content\\\/uploads\\\/2024\\\/12\\\/NDF_Logo_BLUE.svg\",\"contentUrl\":\"https:\\\/\\\/novakdjokovicfoundation.org\\\/wp-content\\\/uploads\\\/2024\\\/12\\\/NDF_Logo_BLUE.svg\",\"width\":1,\"height\":1,\"caption\":\"Novak Djokovic Foundation\"},\"image\":{\"@id\":\"https:\\\/\\\/novakdjokovicfoundation.org\\\/#\\\/schema\\\/logo\\\/image\\\/\"},\"sameAs\":[\"https:\\\/\\\/www.facebook.com\\\/NovakDjokovicFoundation\",\"https:\\\/\\\/x.com\\\/novakfoundation\",\"https:\\\/\\\/www.instagram.com\\\/novakfoundation\"]},{\"@type\":\"Person\",\"@id\":\"https:\\\/\\\/novakdjokovicfoundation.org\\\/#\\\/schema\\\/person\\\/92d439ce9f161db2227d88016babb26d\",\"name\":\"NDFAuthors\",\"image\":{\"@type\":\"ImageObject\",\"inLanguage\":\"sr-RS\",\"@id\":\"https:\\\/\\\/secure.gravatar.com\\\/avatar\\\/a56dea238b3a98b3408ef9bffaa7226d71ec06e401c449ab94453fa6c470ef8c?s=96&d=mm&r=g\",\"url\":\"https:\\\/\\\/secure.gravatar.com\\\/avatar\\\/a56dea238b3a98b3408ef9bffaa7226d71ec06e401c449ab94453fa6c470ef8c?s=96&d=mm&r=g\",\"contentUrl\":\"https:\\\/\\\/secure.gravatar.com\\\/avatar\\\/a56dea238b3a98b3408ef9bffaa7226d71ec06e401c449ab94453fa6c470ef8c?s=96&d=mm&r=g\",\"caption\":\"NDFAuthors\"},\"url\":\"https:\\\/\\\/novakdjokovicfoundation.org\\\/sr\\\/author\\\/ndfauthors\\\/\"}]}<\/script>\n<!-- \/ Yoast SEO plugin. -->","yoast_head_json":{"title":"Novak \u0110okovi\u0107 fondacija sa na\u0161im poznatim glumcima obele\u017eila Me\u0111unarodni dan knjige - Novak Djokovic Foundation","robots":{"index":"index","follow":"follow","max-snippet":"max-snippet:-1","max-image-preview":"max-image-preview:large","max-video-preview":"max-video-preview:-1"},"canonical":"https:\/\/novakdjokovicfoundation.org\/sr\/novak-dokovic-fondacija-obele-medunarodni-dan-knjige-malisanima-iz-kraljeva-1-500-knjiga\/","og_locale":"sr_RS","og_type":"article","og_title":"Novak \u0110okovi\u0107 fondacija sa na\u0161im poznatim glumcima obele\u017eila Me\u0111unarodni dan knjige - Novak Djokovic Foundation","og_description":"Novak \u0110okovi\u0107 fondacija je sa na\u0161im poznatim glumcima danas obele\u017eila Me\u0111unarodni dan knjige. Mali\u0161anima iz De\u010djeg sela u Kraljevu uru\u010deno 1500 knjiga koje su prikupljene u toku akcije \u201eKnjiga od [&hellip;]","og_url":"https:\/\/novakdjokovicfoundation.org\/sr\/novak-dokovic-fondacija-obele-medunarodni-dan-knjige-malisanima-iz-kraljeva-1-500-knjiga\/","og_site_name":"Novak Djokovic Foundation","article_publisher":"https:\/\/www.facebook.com\/NovakDjokovicFoundation","article_published_time":"2016-04-22T00:00:00+00:00","og_image":[{"width":1000,"height":667,"url":"https:\/\/novakdjokovicfoundation.org\/wp-content\/uploads\/2023\/02\/NDF-Dan-Knjiga-Decje-Selo-1010.jpg","type":"image\/jpeg"}],"author":"NDFAuthors","twitter_card":"summary_large_image","twitter_creator":"@novakfoundation","twitter_site":"@novakfoundation","twitter_misc":{"\u041d\u0430\u043f\u0438\u0441\u0430\u043d\u043e \u043e\u0434":"NDFAuthors","\u041f\u0440\u043e\u0446\u0435\u045a\u0435\u043d\u043e \u0432\u0440\u0435\u043c\u0435 \u0447\u0438\u0442\u0430\u045a\u0430":"4 \u043c\u0438\u043d\u0443\u0442\u0430"},"schema":{"@context":"https:\/\/schema.org","@graph":[{"@type":"Article","@id":"https:\/\/novakdjokovicfoundation.org\/sr\/novak-dokovic-fondacija-obele-medunarodni-dan-knjige-malisanima-iz-kraljeva-1-500-knjiga\/#article","isPartOf":{"@id":"https:\/\/novakdjokovicfoundation.org\/sr\/novak-dokovic-fondacija-obele-medunarodni-dan-knjige-malisanima-iz-kraljeva-1-500-knjiga\/"},"author":{"name":"NDFAuthors","@id":"https:\/\/novakdjokovicfoundation.org\/#\/schema\/person\/92d439ce9f161db2227d88016babb26d"},"headline":"Novak \u0110okovi\u0107 fondacija sa na\u0161im poznatim glumcima obele\u017eila Me\u0111unarodni dan knjige","datePublished":"2016-04-22T00:00:00+00:00","mainEntityOfPage":{"@id":"https:\/\/novakdjokovicfoundation.org\/sr\/novak-dokovic-fondacija-obele-medunarodni-dan-knjige-malisanima-iz-kraljeva-1-500-knjiga\/"},"wordCount":733,"commentCount":0,"publisher":{"@id":"https:\/\/novakdjokovicfoundation.org\/#organization"},"image":{"@id":"https:\/\/novakdjokovicfoundation.org\/sr\/novak-dokovic-fondacija-obele-medunarodni-dan-knjige-malisanima-iz-kraljeva-1-500-knjiga\/#primaryimage"},"thumbnailUrl":"https:\/\/novakdjokovicfoundation.org\/wp-content\/uploads\/2023\/02\/NDF-Dan-Knjiga-Decje-Selo-1010.jpg","keywords":["Aleksandar Radoji\u010di\u0107","Bojana Ordina\u010dev","\u010ditanje","knjiga","ljubav prema knjizi","Me\u0111unarodni dan knjige","Novak Djokovic Fondacija","Viktor Savi\u0107"],"articleSection":["Na\u0161e pri\u010de"],"inLanguage":"sr-RS","potentialAction":[{"@type":"CommentAction","name":"Comment","target":["https:\/\/novakdjokovicfoundation.org\/sr\/novak-dokovic-fondacija-obele-medunarodni-dan-knjige-malisanima-iz-kraljeva-1-500-knjiga\/#respond"]}]},{"@type":"WebPage","@id":"https:\/\/novakdjokovicfoundation.org\/sr\/novak-dokovic-fondacija-obele-medunarodni-dan-knjige-malisanima-iz-kraljeva-1-500-knjiga\/","url":"https:\/\/novakdjokovicfoundation.org\/sr\/novak-dokovic-fondacija-obele-medunarodni-dan-knjige-malisanima-iz-kraljeva-1-500-knjiga\/","name":"Novak \u0110okovi\u0107 fondacija sa na\u0161im poznatim glumcima obele\u017eila Me\u0111unarodni dan knjige - Novak Djokovic Foundation","isPartOf":{"@id":"https:\/\/novakdjokovicfoundation.org\/#website"},"primaryImageOfPage":{"@id":"https:\/\/novakdjokovicfoundation.org\/sr\/novak-dokovic-fondacija-obele-medunarodni-dan-knjige-malisanima-iz-kraljeva-1-500-knjiga\/#primaryimage"},"image":{"@id":"https:\/\/novakdjokovicfoundation.org\/sr\/novak-dokovic-fondacija-obele-medunarodni-dan-knjige-malisanima-iz-kraljeva-1-500-knjiga\/#primaryimage"},"thumbnailUrl":"https:\/\/novakdjokovicfoundation.org\/wp-content\/uploads\/2023\/02\/NDF-Dan-Knjiga-Decje-Selo-1010.jpg","datePublished":"2016-04-22T00:00:00+00:00","breadcrumb":{"@id":"https:\/\/novakdjokovicfoundation.org\/sr\/novak-dokovic-fondacija-obele-medunarodni-dan-knjige-malisanima-iz-kraljeva-1-500-knjiga\/#breadcrumb"},"inLanguage":"sr-RS","potentialAction":[{"@type":"ReadAction","target":["https:\/\/novakdjokovicfoundation.org\/sr\/novak-dokovic-fondacija-obele-medunarodni-dan-knjige-malisanima-iz-kraljeva-1-500-knjiga\/"]}]},{"@type":"ImageObject","inLanguage":"sr-RS","@id":"https:\/\/novakdjokovicfoundation.org\/sr\/novak-dokovic-fondacija-obele-medunarodni-dan-knjige-malisanima-iz-kraljeva-1-500-knjiga\/#primaryimage","url":"https:\/\/novakdjokovicfoundation.org\/wp-content\/uploads\/2023\/02\/NDF-Dan-Knjiga-Decje-Selo-1010.jpg","contentUrl":"https:\/\/novakdjokovicfoundation.org\/wp-content\/uploads\/2023\/02\/NDF-Dan-Knjiga-Decje-Selo-1010.jpg","width":1000,"height":667},{"@type":"BreadcrumbList","@id":"https:\/\/novakdjokovicfoundation.org\/sr\/novak-dokovic-fondacija-obele-medunarodni-dan-knjige-malisanima-iz-kraljeva-1-500-knjiga\/#breadcrumb","itemListElement":[{"@type":"ListItem","position":1,"name":"Home","item":"https:\/\/novakdjokovicfoundation.org\/sr\/"},{"@type":"ListItem","position":2,"name":"Novak \u0110okovi\u0107 fondacija sa na\u0161im poznatim glumcima obele\u017eila Me\u0111unarodni dan knjige"}]},{"@type":"WebSite","@id":"https:\/\/novakdjokovicfoundation.org\/#website","url":"https:\/\/novakdjokovicfoundation.org\/","name":"Novak Djokovic Foundation","description":"Believe in their dreams","publisher":{"@id":"https:\/\/novakdjokovicfoundation.org\/#organization"},"potentialAction":[{"@type":"SearchAction","target":{"@type":"EntryPoint","urlTemplate":"https:\/\/novakdjokovicfoundation.org\/?s={search_term_string}"},"query-input":{"@type":"PropertyValueSpecification","valueRequired":true,"valueName":"search_term_string"}}],"inLanguage":"sr-RS"},{"@type":"Organization","@id":"https:\/\/novakdjokovicfoundation.org\/#organization","name":"Novak Djokovic Foundation","url":"https:\/\/novakdjokovicfoundation.org\/","logo":{"@type":"ImageObject","inLanguage":"sr-RS","@id":"https:\/\/novakdjokovicfoundation.org\/#\/schema\/logo\/image\/","url":"https:\/\/novakdjokovicfoundation.org\/wp-content\/uploads\/2024\/12\/NDF_Logo_BLUE.svg","contentUrl":"https:\/\/novakdjokovicfoundation.org\/wp-content\/uploads\/2024\/12\/NDF_Logo_BLUE.svg","width":1,"height":1,"caption":"Novak Djokovic Foundation"},"image":{"@id":"https:\/\/novakdjokovicfoundation.org\/#\/schema\/logo\/image\/"},"sameAs":["https:\/\/www.facebook.com\/NovakDjokovicFoundation","https:\/\/x.com\/novakfoundation","https:\/\/www.instagram.com\/novakfoundation"]},{"@type":"Person","@id":"https:\/\/novakdjokovicfoundation.org\/#\/schema\/person\/92d439ce9f161db2227d88016babb26d","name":"NDFAuthors","image":{"@type":"ImageObject","inLanguage":"sr-RS","@id":"https:\/\/secure.gravatar.com\/avatar\/a56dea238b3a98b3408ef9bffaa7226d71ec06e401c449ab94453fa6c470ef8c?s=96&d=mm&r=g","url":"https:\/\/secure.gravatar.com\/avatar\/a56dea238b3a98b3408ef9bffaa7226d71ec06e401c449ab94453fa6c470ef8c?s=96&d=mm&r=g","contentUrl":"https:\/\/secure.gravatar.com\/avatar\/a56dea238b3a98b3408ef9bffaa7226d71ec06e401c449ab94453fa6c470ef8c?s=96&d=mm&r=g","caption":"NDFAuthors"},"url":"https:\/\/novakdjokovicfoundation.org\/sr\/author\/ndfauthors\/"}]}},"_links":{"self":[{"href":"https:\/\/novakdjokovicfoundation.org\/sr\/wp-json\/wp\/v2\/posts\/15960","targetHints":{"allow":["GET"]}}],"collection":[{"href":"https:\/\/novakdjokovicfoundation.org\/sr\/wp-json\/wp\/v2\/posts"}],"about":[{"href":"https:\/\/novakdjokovicfoundation.org\/sr\/wp-json\/wp\/v2\/types\/post"}],"author":[{"embeddable":true,"href":"https:\/\/novakdjokovicfoundation.org\/sr\/wp-json\/wp\/v2\/users\/5"}],"replies":[{"embeddable":true,"href":"https:\/\/novakdjokovicfoundation.org\/sr\/wp-json\/wp\/v2\/comments?post=15960"}],"version-history":[{"count":0,"href":"https:\/\/novakdjokovicfoundation.org\/sr\/wp-json\/wp\/v2\/posts\/15960\/revisions"}],"wp:featuredmedia":[{"embeddable":true,"href":"https:\/\/novakdjokovicfoundation.org\/sr\/wp-json\/wp\/v2\/media\/15961"}],"wp:attachment":[{"href":"https:\/\/novakdjokovicfoundation.org\/sr\/wp-json\/wp\/v2\/media?parent=15960"}],"wp:term":[{"taxonomy":"category","embeddable":true,"href":"https:\/\/novakdjokovicfoundation.org\/sr\/wp-json\/wp\/v2\/categories?post=15960"},{"taxonomy":"post_tag","embeddable":true,"href":"https:\/\/novakdjokovicfoundation.org\/sr\/wp-json\/wp\/v2\/tags?post=15960"}],"curies":[{"name":"wp","href":"https:\/\/api.w.org\/{rel}","templated":true}]}}