{"id":15950,"date":"2016-04-08T00:00:00","date_gmt":"2016-04-08T00:00:00","guid":{"rendered":"https:\/\/novakdjokovicfoundation.org\/svetski-dan-roma-obrazovanje\/"},"modified":"2023-03-20T16:57:15","modified_gmt":"2023-03-20T16:57:15","slug":"svetski-dan-roma-obrazovanje","status":"publish","type":"post","link":"https:\/\/novakdjokovicfoundation.org\/sr\/svetski-dan-roma-obrazovanje\/","title":{"rendered":"Svetski dan Roma \u2013 Obrazovanje kao jedan od najve\u0107ih problema romske populacije"},"content":{"rendered":"<p><em><strong>Od trenutka kada su iz Indije kro\u010dili na tlo Evrope pre vi\u0161e od hiljadu godina, Romi su bili predmet diskriminacije i li\u0161eni prava na obrazovanje, zapo\u0161ljavanje, re\u0161avanje stambenog pitanja i socijalnu za\u0161titu<\/strong><\/em><\/p>\n<p><!--more--><\/p>\n<p><span style=\"font-weight: 400;\">Iako sam se tokom \u017eivota susretao sa raznim pote\u0161ko\u0107ama i preprekama na putu do visokog obrazovanja, splet nekoliko povoljnih okolnosti u\u010dinio me je privilegovanim u odnosu na ve\u0107inu drugih mladih ljudi \u0161irom sveta. Na prvom mestu, ro\u0111en sam u zemlji koja ula\u017ee ozbiljne napore kako bi svi njeni gra\u0111ani imali jednake \u0161anse da se obrazuju, napreduju i doprinesu pobolj\u0161anju kvaliteta \u017eivota svoje zajednice bez obzira na boju ko\u017ee, versku pripadnost i kulturu iz koje poti\u010du. Osim toga, odrastao sam u finansijski stabilnoj porodici, koja je bezrezervno podr\u017eavala moja interesovanja i ambicije. Dok sam sa jedne strane veoma zahvalan zbog mogu\u0107nosti koje su mi pru\u017eene, svestan sam nepravednog polo\u017eaja mnogih drugih ljudi koji su li\u0161eni takvih mogu\u0107nosti, iako ih podjednako zaslu\u017euju kao i svi ostali. Iz tog raloga gajim nadu da \u0107e organizacije kao \u0161to je Novak \u00c3\u0090okovic fondacija uspeti da ostvare svoj primarni cilj i promene nabolje njihovu trenutnu situaciju, posebno kada je re\u010d o ranom obrazovanju.<\/span><\/p>\n<p><span style=\"font-weight: 400;\">Iako je svet u kome \u017eivimo ostvario veliki napredak u pogledu re\u0161avanja problema nejednakosti me\u0111u ljudima, mnogi i dalje smatraju romsku populaciju prvom \u017ertvom \u0161iroko rasprostranjene diskriminacije. Od trenutka kada su iz Indije kro\u010dili na tlo Evrope pre vi\u0161e od hiljadu godina, Romi su bili predmet diskriminacije i li\u0161eni prava na obrazovanje, zapo\u0161ljavanje, re\u0161avanje stambenog pitanja i socijalnu za\u0161titu. Mnoge zemlje donosile su zakone kojima su suzbijale njihovu kulturu i dr\u017eale ih van glavnih dru\u0161tvenih tokova. Ponekad su i\u0161li i mnogo dalje. U Ma\u0111arskoj i Rumuniji u 15. veku bili su porobljeni, a 500 godina kasnije bili su meta za istrebljenje od strane nacisti\u010dke Nema\u010dke. Procenjuje se da je za vreme holokausta stradalo vi\u0161e od polovine romske populacije u Evropi.<\/span><\/p>\n<p><span style=\"font-weight: 400;\">Na\u017ealost, u dana\u0161nje vreme polo\u017eaj Roma i dalje je veoma te\u017eak.<\/span> <span style=\"font-weight: 400;\">Prema podacima Agencije za ljudska prava Evropske unije, izme\u0111u 10 i 12 miliona Roma \u017eivi u Evropi i predstavljaju jednu od najbrojnijih manjina na Starom kontinentu. Me\u0111utim, za ve\u0107inu romske dece ne postoji evidencija o ro\u0111enju. Tako su prinu\u0111ena da \u017eive bez dr\u017eavljanstva i prava na pristup obrazovanju i zdravstvenoj za\u0161titi. Osim toga, Amnesty International navodi da francuska vlada i dalje kr\u0161i sudske presude i nastavlja da iseljava Rome iz njihovih naselja. Sa druge strane, ista organizacija isti\u010de da se 20% romske dece koja poha\u0111a osnovno obrazovanje suo\u010dava sa segregacijom u \u0161kolama, naro\u010dito u Slova\u010dkoj i Gr\u010dkoj.<\/span><\/p>\n<div id=\"attachment_16779\" style=\"width: 1010px\" class=\"wp-caption aligncenter\"><img loading=\"lazy\" decoding=\"async\" aria-describedby=\"caption-attachment-16779\" class=\"size-full wp-image-16779\" src=\"http:\/\/novakdjokovicfoundation.org\/wp-content\/uploads\/2016\/04\/prerov-skodova-street-with-gypsy-child-girl.jpg\" alt=\"Copyright: Tomas Vynikal\" width=\"1000\" height=\"667\" \/><p id=\"caption-attachment-16779\" class=\"wp-caption-text\">Copyright: Tomas Vynikal<\/p><\/div>\n<blockquote><p><span style=\"font-weight: 400;\">De\u010dak koji je nekada delio sa mnom \u0161kolsku klupu iznenada je izmakao stolicu uz re\u010di da ne \u017eeli da sedi pored Romkinje. Svaki dan me podse\u0107aju na moje poreklo i govore mi da sam neuredna i da se razlikujem od ostalih u\u010denika \u2013 Katja (pseudonijum), romska devoj\u010dica koja poha\u0111a redovnu \u0161kolu u Ostravi, \u010ce\u0161ka.<\/span><\/p><\/blockquote>\n<p><span style=\"font-weight: 400;\">Nedovoljno obrazovanje romske dece najve\u0107im delom je odgovorno za ostanak romskih porodica u za\u010daranom krugu siroma\u0161tva. Ve\u0107ina njih mo\u017ee da poha\u0111a samo \u201egeto \u0161kole\u201c, u oronulim zgradama sa nedovoljnim brojem u\u010dionica i redovnim prekidima u snabdevanju elektri\u010dnom energijom. Ukoliko mali\u0161ani nisu upu\u0107eni na monta\u0161ne \u0161kole, ili \u0161kole koje izdvajaju romsku decu od ostatka dru\u0161tva, oni postaju direktna meta za vr\u0161nja\u010dko maltretiranje, \u0161to \u0161kolsko okru\u017eenje \u010dini nepogodnim za u\u010denje.<\/span><\/p>\n<p><span style=\"font-weight: 400;\">Me\u0111unarodni standardi u pogledu po\u0161tovanja ljudskih prava kao \u0161to su Konvencija o pravima deteta, Obrazovanje za sve i Milenijumski razvojni ciljevi isti\u010du da sva deca imaju pravo na obrazovanje. Ipak, obrazovanje Roma suo\u010dava se sa brojnim kulturolo\u0161kim i institucionalnim preprekama.<\/span><\/p>\n<p><b>Kulturolo\u0161ke prepreke:<\/b><\/p>\n<ol>\n<li><b>Rani brakovi<\/b><span style=\"font-weight: 400;\"> \u2013 U romskoj kulturi postoji tradicija koja nala\u017ee da devoj\u010dice i de\u010daci sklope brak u ranom tinejd\u017eerskom dobu. Zbog obaveze prema starijim \u010dlanovima porodice, mladi Romi, posebno \u017eene, \u010desto odu\u0161taju od \u0161kolovanja u korist bra\u010dnog \u017eivota.<\/span><\/li>\n<li><b>\u201eOtmica\u201c<\/b><span style=\"font-weight: 400;\"> \u2013 \u010cak i kada romska devoj\u010dica i njeni roditelji \u017eele da ona nastavi da se \u0161koluje, postoji opasnost da do\u0111e do \u201eotmice\u201c \u2013 romski obi\u010daj kada mladi Rom mo\u017ee da \u201eotme\u201c devojku kako bi je o\u017eenio.<\/span><\/li>\n<li><b>Jezi\u010dka barijera<\/b><span style=\"font-weight: 400;\"> \u2013 Ve\u0107ina romske dece zna samo romski jezik, koji su nau\u010dili kod ku\u0107e. To ote\u017eava njihovu integraciju u obrazovni sistem i pra\u0107enje nastave na engleskom ili nekog drugom zvani\u010dnom jeziku dr\u017eave u kojoj \u017eive.<\/span><\/li>\n<\/ol>\n<div id=\"attachment_16781\" style=\"width: 1010px\" class=\"wp-caption aligncenter\"><img loading=\"lazy\" decoding=\"async\" aria-describedby=\"caption-attachment-16781\" class=\"size-full wp-image-16781\" src=\"http:\/\/novakdjokovicfoundation.org\/wp-content\/uploads\/2016\/04\/kyiv-ukraine-november-the-settlement-of-roma-in-the-residential-district.jpg\" alt=\"Editorial Credit: Liukov \/ Shutterstock.com\" width=\"1000\" height=\"667\" \/><p id=\"caption-attachment-16781\" class=\"wp-caption-text\">Editorial Credit: Liukov \/ Shutterstock.com<\/p><\/div>\n<p><b>Institucionalne prepreke:<\/b><\/p>\n<ol>\n<li><b>Izdvajanje sredstava iz bud\u017eeta za obrazovanje romske dece<\/b><span style=\"font-weight: 400;\"> \u2013 Svako obrazovanje ko\u0161ta, zbog \u010dega je prose\u010dnoj romskoj porodici koja \u017eivi daleko ispod granice siroma\u0161tva nemogu\u0107e da ga priu\u0161ti. Kupovinu ud\u017ebenika i \u0161kolskog pribora potiskuje konstantna borba za puko pre\u017eivljavanje i obezbe\u0111ivanje hrane i krova nad glavom. Zato dr\u017eava treba da finansira obrazovanje romske dece. \u010cak i kada romska porodica ima relativno dobra primanja, dr\u017eava treba da nastavi da izdvaja sredstva za obrazovanje najmla\u0111ih pripadnika romske zajednice kako bi se porodice podstakle da \u0161alju svoju decu u \u0161kolu.<\/span><\/li>\n<li><b>Lokalna samouprava<\/b><span style=\"font-weight: 400;\"> \u2013 Finansiranje programa za obrazovanje Roma ne predstavlja prioritet zemljama u kojima su Romi i dalje veoma diskriminisani. \u010cak i kada takvo finansiranje postoji, lokalnim samoupravama nedostaje inicijativa da se prijave za dodelu sredstava odnosno prekid prakse njihovog preusmeravanja na re\u0161avanje neromskih pitanja.<\/span><\/li>\n<\/ol>\n<h3><strong>Akcioni koraci koje vlade treba da preduzmu<\/strong><\/h3>\n<p><span style=\"font-weight: 400;\">Uprkos veoma kompleksnim problemima, postoji nekoliko prioritetnih i akcionih koraka koje vlade treba da preduzmu kako bi se popravila trenutna situacija sa obrazovanjem Roma.<\/span><\/p>\n<p><b>Korak 1<\/b><span style=\"font-weight: 400;\">: <\/span><b>Podsticanje kulture tolerancije i razli\u010ditosti <\/b><span style=\"font-weight: 400;\">\u2013 Iako je prakti\u010dno nemogu\u0107e da se diskriminaciji stane na put, postoje mere kako bi se ona umanjila. \u0160kole treba da uka\u017eu na zna\u010daj tolerancije na akademskom nivou kroz sporovo\u0111enje razli\u010ditih programa u u\u010dionicama. Osim toga, po\u017eeljno je da vannastavne aktivnosti budu osmi\u0161ljene tako da romsku decu i ostale u\u010denike zbli\u017ee i pru\u017ee im priliku da upoznaju jedni druge sa svojim kulturama.<\/span><\/p>\n<p><b>Korak 2<\/b><span style=\"font-weight: 400;\">: <\/span><b>Uklju\u010divanje Roma u debatu o unapre\u0111enju njihovog obrazovanja<\/b><span style=\"font-weight: 400;\"> \u2013 Kako bi se prevazi\u0161le kulturolo\u0161ke prepreke za obrazovanje Roma, potrebno je da romska zajednica ima svest o tome da unapre\u0111enje obrazovanja Roma zahteva akciju ne samo od strane dr\u017eave ve\u0107 i njihovo uklju\u010divanje i u\u010destvovanje u re\u0161avanju ovakvih problema. Osim toga, oni moraju da uvide zna\u010daj obrazovanja u celini i poka\u017eu spremnost da po\u0161alju svoju decu u \u0161kolu.<\/span><\/p>\n<p><b>Korak 3: Unapre\u0111enje statusa romskih asistenata<\/b><span style=\"font-weight: 400;\"> \u2013 Romski asistenti su odrasle osobe romskog porekla koje se biraju me\u0111u pripadnicima romske zajednice. Njihov posao u su\u0161tini se sastoji u premo\u0161\u0107avanju jaza izme\u0111u \u0161kolskog sistema zemalja Evropske unije i romskih roditelja i dece. U ve\u0107ini mesta romski asistenti nemaju beneficije zaposlenih lica, kao \u0161to su zdravstveno osiguranje ili pla\u0107eni godi\u0161nji odmor. Umesto toga, tretirani su kao sezonski radnici koji se anga\u017euju bez ugovora o radu. Sprovo\u0111enjem reformi kako bi se regulisao njihov status, romski asistenti mogu zna\u010dajno da doprinesu unapre\u0111enju obrazovanja Roma.<\/span><\/p>\n<p><b>Korak 4: Uvo\u0111enje holisti\u010dkih metoda obrazovanja<\/b><span style=\"font-weight: 400;\"> \u2013 Ve\u0107ina metoda ranog obrazovanja u zemljama Evropske unije zasniva se na u\u010denju kroz konstantno ponavljanje. U takvom sistemu, dete koje ima pote\u0161ko\u0107e da komunicira na drugom jeziku zaostaje po znanju za svojim vr\u0161njacima. Iz tog razloga \u0161kole treba da usvoje progresivnije i interaktivne nastavne metode koje svako dete posmatraju individualno sa fokusom na njegovim specifi\u010dnim potrebama i interesovanjima.<\/span><\/p>\n<p><span style=\"font-weight: 400;\">\u0160irom sveta 8. april obele\u017eava se kao Svetski dan Roma \u2013 dan proslave romske kulture i podizanja svesti o problemima sa kojima se Romi suo\u010davaju. Zato vas pozivam da mi se pridru\u017eite kako bismo ovaj dan iskoristili ne samo da uka\u017eemo na te\u0161ak polo\u017eaj romske populacije ve\u0107 i kao priliku da nau\u010dimo ne\u0161to vi\u0161e o njihovoj bogatoj kulturi i tradiciji.<\/span><\/p>\n","protected":false},"excerpt":{"rendered":"<p>Od trenutka kada su iz Indije kro\u010dili na tlo Evrope pre vi\u0161e od hiljadu godina, Romi su bili predmet diskriminacije i li\u0161eni prava na obrazovanje, zapo\u0161ljavanje, re\u0161avanje stambenog pitanja i [&hellip;]<\/p>\n","protected":false},"author":5,"featured_media":11993,"comment_status":"open","ping_status":"open","sticky":false,"template":"","format":"standard","meta":{"_acf_changed":false,"footnotes":""},"categories":[20,1122],"tags":[1234,1244,1409],"class_list":["post-15950","post","type-post","status-publish","format-standard","has-post-thumbnail","hentry","category-blog-posts","category-rano-ucenje","tag-novak-djokovic-fondacija","tag-rano-obrazovanje","tag-svetski-dan-roma"],"acf":[],"yoast_head":"<!-- This site is optimized with the Yoast SEO plugin v27.4 - https:\/\/yoast.com\/product\/yoast-seo-wordpress\/ -->\n<title>Svetski dan Roma \u2013 Obrazovanje kao jedan od najve\u0107ih problema romske populacije - Novak Djokovic Foundation<\/title>\n<meta name=\"robots\" content=\"index, follow, max-snippet:-1, max-image-preview:large, max-video-preview:-1\" \/>\n<link rel=\"canonical\" href=\"https:\/\/novakdjokovicfoundation.org\/sr\/svetski-dan-roma-obrazovanje\/\" \/>\n<meta property=\"og:locale\" content=\"sr_RS\" \/>\n<meta property=\"og:type\" content=\"article\" \/>\n<meta property=\"og:title\" content=\"Svetski dan Roma \u2013 Obrazovanje kao jedan od najve\u0107ih problema romske populacije - Novak Djokovic Foundation\" \/>\n<meta property=\"og:description\" content=\"Od trenutka kada su iz Indije kro\u010dili na tlo Evrope pre vi\u0161e od hiljadu godina, Romi su bili predmet diskriminacije i li\u0161eni prava na obrazovanje, zapo\u0161ljavanje, re\u0161avanje stambenog pitanja i [&hellip;]\" \/>\n<meta property=\"og:url\" content=\"https:\/\/novakdjokovicfoundation.org\/sr\/svetski-dan-roma-obrazovanje\/\" \/>\n<meta property=\"og:site_name\" content=\"Novak Djokovic Foundation\" \/>\n<meta property=\"article:publisher\" content=\"https:\/\/www.facebook.com\/NovakDjokovicFoundation\" \/>\n<meta property=\"article:published_time\" content=\"2016-04-08T00:00:00+00:00\" \/>\n<meta property=\"article:modified_time\" content=\"2023-03-20T16:57:15+00:00\" \/>\n<meta property=\"og:image\" content=\"https:\/\/novakdjokovicfoundation.org\/wp-content\/uploads\/2023\/02\/sofia-bulgaria-december-bulgarian-girl-and-a-gypsy-boy-play-together-in-front-of-1.jpg\" \/>\n\t<meta property=\"og:image:width\" content=\"1000\" \/>\n\t<meta property=\"og:image:height\" content=\"667\" \/>\n\t<meta property=\"og:image:type\" content=\"image\/jpeg\" \/>\n<meta name=\"author\" content=\"NDFAuthors\" \/>\n<meta name=\"twitter:card\" content=\"summary_large_image\" \/>\n<meta name=\"twitter:creator\" content=\"@novakfoundation\" \/>\n<meta name=\"twitter:site\" content=\"@novakfoundation\" \/>\n<meta name=\"twitter:label1\" content=\"\u041d\u0430\u043f\u0438\u0441\u0430\u043d\u043e \u043e\u0434\" \/>\n\t<meta name=\"twitter:data1\" content=\"NDFAuthors\" \/>\n\t<meta name=\"twitter:label2\" content=\"\u041f\u0440\u043e\u0446\u0435\u045a\u0435\u043d\u043e \u0432\u0440\u0435\u043c\u0435 \u0447\u0438\u0442\u0430\u045a\u0430\" \/>\n\t<meta name=\"twitter:data2\" content=\"7 \u043c\u0438\u043d\u0443\u0442\u0430\" \/>\n<script type=\"application\/ld+json\" class=\"yoast-schema-graph\">{\"@context\":\"https:\\\/\\\/schema.org\",\"@graph\":[{\"@type\":\"Article\",\"@id\":\"https:\\\/\\\/novakdjokovicfoundation.org\\\/sr\\\/svetski-dan-roma-obrazovanje\\\/#article\",\"isPartOf\":{\"@id\":\"https:\\\/\\\/novakdjokovicfoundation.org\\\/sr\\\/svetski-dan-roma-obrazovanje\\\/\"},\"author\":{\"name\":\"NDFAuthors\",\"@id\":\"https:\\\/\\\/novakdjokovicfoundation.org\\\/#\\\/schema\\\/person\\\/92d439ce9f161db2227d88016babb26d\"},\"headline\":\"Svetski dan Roma \u2013 Obrazovanje kao jedan od najve\u0107ih problema romske populacije\",\"datePublished\":\"2016-04-08T00:00:00+00:00\",\"dateModified\":\"2023-03-20T16:57:15+00:00\",\"mainEntityOfPage\":{\"@id\":\"https:\\\/\\\/novakdjokovicfoundation.org\\\/sr\\\/svetski-dan-roma-obrazovanje\\\/\"},\"wordCount\":1393,\"commentCount\":0,\"publisher\":{\"@id\":\"https:\\\/\\\/novakdjokovicfoundation.org\\\/#organization\"},\"image\":{\"@id\":\"https:\\\/\\\/novakdjokovicfoundation.org\\\/sr\\\/svetski-dan-roma-obrazovanje\\\/#primaryimage\"},\"thumbnailUrl\":\"https:\\\/\\\/novakdjokovicfoundation.org\\\/wp-content\\\/uploads\\\/2023\\\/02\\\/sofia-bulgaria-december-bulgarian-girl-and-a-gypsy-boy-play-together-in-front-of-1.jpg\",\"keywords\":[\"Novak Djokovic Fondacija\",\"rano obrazovanje\",\"svetski dan roma\"],\"articleSection\":[\"Blog posts\",\"Rano u\u010denje\"],\"inLanguage\":\"sr-RS\",\"potentialAction\":[{\"@type\":\"CommentAction\",\"name\":\"Comment\",\"target\":[\"https:\\\/\\\/novakdjokovicfoundation.org\\\/sr\\\/svetski-dan-roma-obrazovanje\\\/#respond\"]}]},{\"@type\":\"WebPage\",\"@id\":\"https:\\\/\\\/novakdjokovicfoundation.org\\\/sr\\\/svetski-dan-roma-obrazovanje\\\/\",\"url\":\"https:\\\/\\\/novakdjokovicfoundation.org\\\/sr\\\/svetski-dan-roma-obrazovanje\\\/\",\"name\":\"Svetski dan Roma \u2013 Obrazovanje kao jedan od najve\u0107ih problema romske populacije - Novak Djokovic Foundation\",\"isPartOf\":{\"@id\":\"https:\\\/\\\/novakdjokovicfoundation.org\\\/#website\"},\"primaryImageOfPage\":{\"@id\":\"https:\\\/\\\/novakdjokovicfoundation.org\\\/sr\\\/svetski-dan-roma-obrazovanje\\\/#primaryimage\"},\"image\":{\"@id\":\"https:\\\/\\\/novakdjokovicfoundation.org\\\/sr\\\/svetski-dan-roma-obrazovanje\\\/#primaryimage\"},\"thumbnailUrl\":\"https:\\\/\\\/novakdjokovicfoundation.org\\\/wp-content\\\/uploads\\\/2023\\\/02\\\/sofia-bulgaria-december-bulgarian-girl-and-a-gypsy-boy-play-together-in-front-of-1.jpg\",\"datePublished\":\"2016-04-08T00:00:00+00:00\",\"dateModified\":\"2023-03-20T16:57:15+00:00\",\"breadcrumb\":{\"@id\":\"https:\\\/\\\/novakdjokovicfoundation.org\\\/sr\\\/svetski-dan-roma-obrazovanje\\\/#breadcrumb\"},\"inLanguage\":\"sr-RS\",\"potentialAction\":[{\"@type\":\"ReadAction\",\"target\":[\"https:\\\/\\\/novakdjokovicfoundation.org\\\/sr\\\/svetski-dan-roma-obrazovanje\\\/\"]}]},{\"@type\":\"ImageObject\",\"inLanguage\":\"sr-RS\",\"@id\":\"https:\\\/\\\/novakdjokovicfoundation.org\\\/sr\\\/svetski-dan-roma-obrazovanje\\\/#primaryimage\",\"url\":\"https:\\\/\\\/novakdjokovicfoundation.org\\\/wp-content\\\/uploads\\\/2023\\\/02\\\/sofia-bulgaria-december-bulgarian-girl-and-a-gypsy-boy-play-together-in-front-of-1.jpg\",\"contentUrl\":\"https:\\\/\\\/novakdjokovicfoundation.org\\\/wp-content\\\/uploads\\\/2023\\\/02\\\/sofia-bulgaria-december-bulgarian-girl-and-a-gypsy-boy-play-together-in-front-of-1.jpg\",\"width\":1000,\"height\":667},{\"@type\":\"BreadcrumbList\",\"@id\":\"https:\\\/\\\/novakdjokovicfoundation.org\\\/sr\\\/svetski-dan-roma-obrazovanje\\\/#breadcrumb\",\"itemListElement\":[{\"@type\":\"ListItem\",\"position\":1,\"name\":\"Home\",\"item\":\"https:\\\/\\\/novakdjokovicfoundation.org\\\/sr\\\/\"},{\"@type\":\"ListItem\",\"position\":2,\"name\":\"Svetski dan Roma \u2013 Obrazovanje kao jedan od najve\u0107ih problema romske populacije\"}]},{\"@type\":\"WebSite\",\"@id\":\"https:\\\/\\\/novakdjokovicfoundation.org\\\/#website\",\"url\":\"https:\\\/\\\/novakdjokovicfoundation.org\\\/\",\"name\":\"Novak Djokovic Foundation\",\"description\":\"Believe in their dreams\",\"publisher\":{\"@id\":\"https:\\\/\\\/novakdjokovicfoundation.org\\\/#organization\"},\"potentialAction\":[{\"@type\":\"SearchAction\",\"target\":{\"@type\":\"EntryPoint\",\"urlTemplate\":\"https:\\\/\\\/novakdjokovicfoundation.org\\\/?s={search_term_string}\"},\"query-input\":{\"@type\":\"PropertyValueSpecification\",\"valueRequired\":true,\"valueName\":\"search_term_string\"}}],\"inLanguage\":\"sr-RS\"},{\"@type\":\"Organization\",\"@id\":\"https:\\\/\\\/novakdjokovicfoundation.org\\\/#organization\",\"name\":\"Novak Djokovic Foundation\",\"url\":\"https:\\\/\\\/novakdjokovicfoundation.org\\\/\",\"logo\":{\"@type\":\"ImageObject\",\"inLanguage\":\"sr-RS\",\"@id\":\"https:\\\/\\\/novakdjokovicfoundation.org\\\/#\\\/schema\\\/logo\\\/image\\\/\",\"url\":\"https:\\\/\\\/novakdjokovicfoundation.org\\\/wp-content\\\/uploads\\\/2024\\\/12\\\/NDF_Logo_BLUE.svg\",\"contentUrl\":\"https:\\\/\\\/novakdjokovicfoundation.org\\\/wp-content\\\/uploads\\\/2024\\\/12\\\/NDF_Logo_BLUE.svg\",\"width\":1,\"height\":1,\"caption\":\"Novak Djokovic Foundation\"},\"image\":{\"@id\":\"https:\\\/\\\/novakdjokovicfoundation.org\\\/#\\\/schema\\\/logo\\\/image\\\/\"},\"sameAs\":[\"https:\\\/\\\/www.facebook.com\\\/NovakDjokovicFoundation\",\"https:\\\/\\\/x.com\\\/novakfoundation\",\"https:\\\/\\\/www.instagram.com\\\/novakfoundation\"]},{\"@type\":\"Person\",\"@id\":\"https:\\\/\\\/novakdjokovicfoundation.org\\\/#\\\/schema\\\/person\\\/92d439ce9f161db2227d88016babb26d\",\"name\":\"NDFAuthors\",\"image\":{\"@type\":\"ImageObject\",\"inLanguage\":\"sr-RS\",\"@id\":\"https:\\\/\\\/secure.gravatar.com\\\/avatar\\\/a56dea238b3a98b3408ef9bffaa7226d71ec06e401c449ab94453fa6c470ef8c?s=96&d=mm&r=g\",\"url\":\"https:\\\/\\\/secure.gravatar.com\\\/avatar\\\/a56dea238b3a98b3408ef9bffaa7226d71ec06e401c449ab94453fa6c470ef8c?s=96&d=mm&r=g\",\"contentUrl\":\"https:\\\/\\\/secure.gravatar.com\\\/avatar\\\/a56dea238b3a98b3408ef9bffaa7226d71ec06e401c449ab94453fa6c470ef8c?s=96&d=mm&r=g\",\"caption\":\"NDFAuthors\"},\"url\":\"https:\\\/\\\/novakdjokovicfoundation.org\\\/sr\\\/author\\\/ndfauthors\\\/\"}]}<\/script>\n<!-- \/ Yoast SEO plugin. -->","yoast_head_json":{"title":"Svetski dan Roma \u2013 Obrazovanje kao jedan od najve\u0107ih problema romske populacije - Novak Djokovic Foundation","robots":{"index":"index","follow":"follow","max-snippet":"max-snippet:-1","max-image-preview":"max-image-preview:large","max-video-preview":"max-video-preview:-1"},"canonical":"https:\/\/novakdjokovicfoundation.org\/sr\/svetski-dan-roma-obrazovanje\/","og_locale":"sr_RS","og_type":"article","og_title":"Svetski dan Roma \u2013 Obrazovanje kao jedan od najve\u0107ih problema romske populacije - Novak Djokovic Foundation","og_description":"Od trenutka kada su iz Indije kro\u010dili na tlo Evrope pre vi\u0161e od hiljadu godina, Romi su bili predmet diskriminacije i li\u0161eni prava na obrazovanje, zapo\u0161ljavanje, re\u0161avanje stambenog pitanja i [&hellip;]","og_url":"https:\/\/novakdjokovicfoundation.org\/sr\/svetski-dan-roma-obrazovanje\/","og_site_name":"Novak Djokovic Foundation","article_publisher":"https:\/\/www.facebook.com\/NovakDjokovicFoundation","article_published_time":"2016-04-08T00:00:00+00:00","article_modified_time":"2023-03-20T16:57:15+00:00","og_image":[{"width":1000,"height":667,"url":"https:\/\/novakdjokovicfoundation.org\/wp-content\/uploads\/2023\/02\/sofia-bulgaria-december-bulgarian-girl-and-a-gypsy-boy-play-together-in-front-of-1.jpg","type":"image\/jpeg"}],"author":"NDFAuthors","twitter_card":"summary_large_image","twitter_creator":"@novakfoundation","twitter_site":"@novakfoundation","twitter_misc":{"\u041d\u0430\u043f\u0438\u0441\u0430\u043d\u043e \u043e\u0434":"NDFAuthors","\u041f\u0440\u043e\u0446\u0435\u045a\u0435\u043d\u043e \u0432\u0440\u0435\u043c\u0435 \u0447\u0438\u0442\u0430\u045a\u0430":"7 \u043c\u0438\u043d\u0443\u0442\u0430"},"schema":{"@context":"https:\/\/schema.org","@graph":[{"@type":"Article","@id":"https:\/\/novakdjokovicfoundation.org\/sr\/svetski-dan-roma-obrazovanje\/#article","isPartOf":{"@id":"https:\/\/novakdjokovicfoundation.org\/sr\/svetski-dan-roma-obrazovanje\/"},"author":{"name":"NDFAuthors","@id":"https:\/\/novakdjokovicfoundation.org\/#\/schema\/person\/92d439ce9f161db2227d88016babb26d"},"headline":"Svetski dan Roma \u2013 Obrazovanje kao jedan od najve\u0107ih problema romske populacije","datePublished":"2016-04-08T00:00:00+00:00","dateModified":"2023-03-20T16:57:15+00:00","mainEntityOfPage":{"@id":"https:\/\/novakdjokovicfoundation.org\/sr\/svetski-dan-roma-obrazovanje\/"},"wordCount":1393,"commentCount":0,"publisher":{"@id":"https:\/\/novakdjokovicfoundation.org\/#organization"},"image":{"@id":"https:\/\/novakdjokovicfoundation.org\/sr\/svetski-dan-roma-obrazovanje\/#primaryimage"},"thumbnailUrl":"https:\/\/novakdjokovicfoundation.org\/wp-content\/uploads\/2023\/02\/sofia-bulgaria-december-bulgarian-girl-and-a-gypsy-boy-play-together-in-front-of-1.jpg","keywords":["Novak Djokovic Fondacija","rano obrazovanje","svetski dan roma"],"articleSection":["Blog posts","Rano u\u010denje"],"inLanguage":"sr-RS","potentialAction":[{"@type":"CommentAction","name":"Comment","target":["https:\/\/novakdjokovicfoundation.org\/sr\/svetski-dan-roma-obrazovanje\/#respond"]}]},{"@type":"WebPage","@id":"https:\/\/novakdjokovicfoundation.org\/sr\/svetski-dan-roma-obrazovanje\/","url":"https:\/\/novakdjokovicfoundation.org\/sr\/svetski-dan-roma-obrazovanje\/","name":"Svetski dan Roma \u2013 Obrazovanje kao jedan od najve\u0107ih problema romske populacije - Novak Djokovic Foundation","isPartOf":{"@id":"https:\/\/novakdjokovicfoundation.org\/#website"},"primaryImageOfPage":{"@id":"https:\/\/novakdjokovicfoundation.org\/sr\/svetski-dan-roma-obrazovanje\/#primaryimage"},"image":{"@id":"https:\/\/novakdjokovicfoundation.org\/sr\/svetski-dan-roma-obrazovanje\/#primaryimage"},"thumbnailUrl":"https:\/\/novakdjokovicfoundation.org\/wp-content\/uploads\/2023\/02\/sofia-bulgaria-december-bulgarian-girl-and-a-gypsy-boy-play-together-in-front-of-1.jpg","datePublished":"2016-04-08T00:00:00+00:00","dateModified":"2023-03-20T16:57:15+00:00","breadcrumb":{"@id":"https:\/\/novakdjokovicfoundation.org\/sr\/svetski-dan-roma-obrazovanje\/#breadcrumb"},"inLanguage":"sr-RS","potentialAction":[{"@type":"ReadAction","target":["https:\/\/novakdjokovicfoundation.org\/sr\/svetski-dan-roma-obrazovanje\/"]}]},{"@type":"ImageObject","inLanguage":"sr-RS","@id":"https:\/\/novakdjokovicfoundation.org\/sr\/svetski-dan-roma-obrazovanje\/#primaryimage","url":"https:\/\/novakdjokovicfoundation.org\/wp-content\/uploads\/2023\/02\/sofia-bulgaria-december-bulgarian-girl-and-a-gypsy-boy-play-together-in-front-of-1.jpg","contentUrl":"https:\/\/novakdjokovicfoundation.org\/wp-content\/uploads\/2023\/02\/sofia-bulgaria-december-bulgarian-girl-and-a-gypsy-boy-play-together-in-front-of-1.jpg","width":1000,"height":667},{"@type":"BreadcrumbList","@id":"https:\/\/novakdjokovicfoundation.org\/sr\/svetski-dan-roma-obrazovanje\/#breadcrumb","itemListElement":[{"@type":"ListItem","position":1,"name":"Home","item":"https:\/\/novakdjokovicfoundation.org\/sr\/"},{"@type":"ListItem","position":2,"name":"Svetski dan Roma \u2013 Obrazovanje kao jedan od najve\u0107ih problema romske populacije"}]},{"@type":"WebSite","@id":"https:\/\/novakdjokovicfoundation.org\/#website","url":"https:\/\/novakdjokovicfoundation.org\/","name":"Novak Djokovic Foundation","description":"Believe in their dreams","publisher":{"@id":"https:\/\/novakdjokovicfoundation.org\/#organization"},"potentialAction":[{"@type":"SearchAction","target":{"@type":"EntryPoint","urlTemplate":"https:\/\/novakdjokovicfoundation.org\/?s={search_term_string}"},"query-input":{"@type":"PropertyValueSpecification","valueRequired":true,"valueName":"search_term_string"}}],"inLanguage":"sr-RS"},{"@type":"Organization","@id":"https:\/\/novakdjokovicfoundation.org\/#organization","name":"Novak Djokovic Foundation","url":"https:\/\/novakdjokovicfoundation.org\/","logo":{"@type":"ImageObject","inLanguage":"sr-RS","@id":"https:\/\/novakdjokovicfoundation.org\/#\/schema\/logo\/image\/","url":"https:\/\/novakdjokovicfoundation.org\/wp-content\/uploads\/2024\/12\/NDF_Logo_BLUE.svg","contentUrl":"https:\/\/novakdjokovicfoundation.org\/wp-content\/uploads\/2024\/12\/NDF_Logo_BLUE.svg","width":1,"height":1,"caption":"Novak Djokovic Foundation"},"image":{"@id":"https:\/\/novakdjokovicfoundation.org\/#\/schema\/logo\/image\/"},"sameAs":["https:\/\/www.facebook.com\/NovakDjokovicFoundation","https:\/\/x.com\/novakfoundation","https:\/\/www.instagram.com\/novakfoundation"]},{"@type":"Person","@id":"https:\/\/novakdjokovicfoundation.org\/#\/schema\/person\/92d439ce9f161db2227d88016babb26d","name":"NDFAuthors","image":{"@type":"ImageObject","inLanguage":"sr-RS","@id":"https:\/\/secure.gravatar.com\/avatar\/a56dea238b3a98b3408ef9bffaa7226d71ec06e401c449ab94453fa6c470ef8c?s=96&d=mm&r=g","url":"https:\/\/secure.gravatar.com\/avatar\/a56dea238b3a98b3408ef9bffaa7226d71ec06e401c449ab94453fa6c470ef8c?s=96&d=mm&r=g","contentUrl":"https:\/\/secure.gravatar.com\/avatar\/a56dea238b3a98b3408ef9bffaa7226d71ec06e401c449ab94453fa6c470ef8c?s=96&d=mm&r=g","caption":"NDFAuthors"},"url":"https:\/\/novakdjokovicfoundation.org\/sr\/author\/ndfauthors\/"}]}},"_links":{"self":[{"href":"https:\/\/novakdjokovicfoundation.org\/sr\/wp-json\/wp\/v2\/posts\/15950","targetHints":{"allow":["GET"]}}],"collection":[{"href":"https:\/\/novakdjokovicfoundation.org\/sr\/wp-json\/wp\/v2\/posts"}],"about":[{"href":"https:\/\/novakdjokovicfoundation.org\/sr\/wp-json\/wp\/v2\/types\/post"}],"author":[{"embeddable":true,"href":"https:\/\/novakdjokovicfoundation.org\/sr\/wp-json\/wp\/v2\/users\/5"}],"replies":[{"embeddable":true,"href":"https:\/\/novakdjokovicfoundation.org\/sr\/wp-json\/wp\/v2\/comments?post=15950"}],"version-history":[{"count":1,"href":"https:\/\/novakdjokovicfoundation.org\/sr\/wp-json\/wp\/v2\/posts\/15950\/revisions"}],"predecessor-version":[{"id":18585,"href":"https:\/\/novakdjokovicfoundation.org\/sr\/wp-json\/wp\/v2\/posts\/15950\/revisions\/18585"}],"wp:featuredmedia":[{"embeddable":true,"href":"https:\/\/novakdjokovicfoundation.org\/sr\/wp-json\/wp\/v2\/media\/11993"}],"wp:attachment":[{"href":"https:\/\/novakdjokovicfoundation.org\/sr\/wp-json\/wp\/v2\/media?parent=15950"}],"wp:term":[{"taxonomy":"category","embeddable":true,"href":"https:\/\/novakdjokovicfoundation.org\/sr\/wp-json\/wp\/v2\/categories?post=15950"},{"taxonomy":"post_tag","embeddable":true,"href":"https:\/\/novakdjokovicfoundation.org\/sr\/wp-json\/wp\/v2\/tags?post=15950"}],"curies":[{"name":"wp","href":"https:\/\/api.w.org\/{rel}","templated":true}]}}