{"id":15869,"date":"2015-11-18T00:00:00","date_gmt":"2015-11-18T00:00:00","guid":{"rendered":"https:\/\/novakdjokovicfoundation.org\/da-li-su-sarene-ucionice-u-vrticima-dobre-za-vasu-decu\/"},"modified":"2023-03-21T12:17:59","modified_gmt":"2023-03-21T12:17:59","slug":"da-li-su-sarene-ucionice-u-vrticima-dobre-za-vasu-decu","status":"publish","type":"post","link":"https:\/\/novakdjokovicfoundation.org\/sr\/da-li-su-sarene-ucionice-u-vrticima-dobre-za-vasu-decu\/","title":{"rendered":"Da li su \u0161arene u\u010dionice u vrti\u0107ima dobre za va\u0161u decu?"},"content":{"rendered":"<p><span style=\"color: #0000ff;\"><strong><em>Ukra\u0161avanje u\u010dionica je uobi\u010dajena praksa u ve\u0107ini pred\u0161kolskih ustanova. Postavlja se pitanje kakav efekat \u0161arene u\u010dionice u vrti\u0107ima ostavljaju na mali\u0161ane.<\/em><\/strong><\/span><\/p>\n<p><!--more--><\/p>\n<p><span style=\"font-weight: 400;\"><span style=\"color: #0000ff;\">Z<\/span>amislite u\u010dionicu u vrti\u0107u gde su zidovi dekorisani \u201e\u017eivim\u201d bojama, razigranim slovima, uz crte\u017e kravice, i velikim natpisom koji svima \u017eeli dobrodo\u0161licu. Standardna slika u ve\u0107ini pred\u0161kolskih ustanova, zar ne?<\/span><\/p>\n<p><span style=\"font-weight: 400;\">Ovakvo intenzivno ukra\u0161avanje u\u010dionica uobi\u010dajen je deo enterijera u vrti\u0107ima \u0161irom Amerike, iako je re\u010d o trendu koji je postao popularan tek u proteklih nekoliko decenija zahvaljuju\u0107i velikom broju prodavnica sa didakti\u010dkim materijalima, igra\u010dkama, de\u010djim name\u0161tajem u raznim oblicima&#8230; Ipak, pitanje je kakav efekat takva dekoracija ostavlja na mali\u0161ane.<\/span><\/p>\n<p><span style=\"font-weight: 400;\">Jedna od<\/span> <span style=\"color: #ff0000;\"><a style=\"color: #ff0000;\" href=\"http:\/\/pss.sagepub.com\/content\/early\/2014\/05\/20\/0956797614533801.abstract\" target=\"_blank\" rel=\"noopener\"><b>studija<\/b><\/a><\/span><span style=\"font-weight: 400;\"> upravo se bavi ovom temom i analizira da li takve u\u010dionice podsti\u010du ili odvla\u010de deci pa\u017enju od u\u010denja i umanjuju im mo\u0107 koncentracije. Re\u010d je o jednom od prvih istra\u017eivanja na temu kako zidovi takvih u\u010dionica <\/span><span style=\"color: #ff0000;\"><a style=\"color: #ff0000;\" href=\"http:\/\/ecadmin.wdfiles.com\/local--files\/facilities\/Impact%20of%20Classroom%20Design%20on%20Learning.pdf\" target=\"_blank\" rel=\"noopener\"><b>uti\u010du na mali\u0161ane<\/b><\/a><\/span><span style=\"font-weight: 400;\">. Rezultati su otkrili da su deca koja su u\u010dila u izrazito dekorisanim u\u010dionicama imala problem sa odr\u017eavanjem pa\u017enje, pogled bi \u010de\u0161\u0107e znao da im odluta sa zadatka, i njihovi rezultati na testovima su bili slabiji nego kada su u\u010dili u prostoriji koja je bila relativno skromno ukra\u0161ena.<\/span><\/p>\n<p><span style=\"font-weight: 400;\">Istra\u017eiva\u010di sa <\/span><b>Karnegi Melon univerziteta<\/b><span style=\"font-weight: 400;\">, ipak, nisu do\u0161li do zaklju\u010dka da deca u vrti\u0107ima, koja ve\u0107i deo dana provedu u jednoj prostoriji, treba da u\u010de u skromnom okru\u017eenju. Apelovali su na vaspita\u010de da uspostave odre\u0111ene kriterijume.<\/span><\/p>\n<div id=\"attachment_9394\" style=\"width: 1010px\" class=\"wp-caption aligncenter\"><a href=\"http:\/\/novakdjokovicfoundation.org\/wp-content\/uploads\/2015\/11\/montessori-kindergarten-preschool-classroom.jpg\"><img loading=\"lazy\" decoding=\"async\" aria-describedby=\"caption-attachment-9394\" class=\"size-full wp-image-9394\" src=\"http:\/\/novakdjokovicfoundation.org\/wp-content\/uploads\/2015\/11\/montessori-kindergarten-preschool-classroom.jpg\" alt=\"Copyright: Marko Poplasen\" width=\"1000\" height=\"664\" \/><\/a><p id=\"caption-attachment-9394\" class=\"wp-caption-text\">Copyright: Marko Poplasen<\/p><\/div>\n<p><b>Ana V. Fi\u0161er<\/b><span style=\"font-weight: 400;\">, vanredni profesor psihologije na Karnegi Melon univerzitetu i vode\u0107i autor studije koja je objavljena u \u201e<\/span><span style=\"color: #ff0000;\"><strong><a style=\"color: #ff0000;\" href=\"http:\/\/pss.sagepub.com\/\" target=\"_blank\" rel=\"noopener\">Psychological Science<\/a><\/strong><\/span><span style=\"font-weight: 400;\">\u201c navodi: <\/span><\/p>\n<blockquote><p><span style=\"font-weight: 400;\">Mnogo je faktora koji uti\u010du na akademske rezultate koje ne mo\u017eemo da kontroli\u0161emo, ipak na vizuelno okru\u017eenje u u\u010dionici direktno uti\u010du vaspita\u010di. U nedostatku nau\u010dno dokaznih smernica, oni nastoje da deci boravak u vrti\u0107u u\u010dine \u0161to lep\u0161im i prijatnijim.<\/span><\/p><\/blockquote>\n<p><span style=\"font-weight: 400;\"><strong>U prvim godinama \u0161kolovanja deca moraju da nau\u010de da usmere svoju pa\u017enju i koncentri\u0161u se na zadatak.<\/strong> Kako odrastaju, njihov fokus se razvija. \u0160estaci tako mogu da razgrani\u010de bitno od nebitnog mnogo lak\u0161e nego pred\u0161kolci, uo\u010dili su autori studije.\u00a0<\/span><\/p>\n<p><span style=\"font-weight: 400;\"><strong>Samim tim, neki stru\u010dnjaci smatraju da zidovi u\u010dionica pretrpani informacijama deluju preterano na decu,<\/strong> kao i da ovako slo\u017een dekor ometa njihovo u\u010denje.<\/span><\/p>\n<p>Patricija Tar, vanredni profesor na Univerzitetu Kalgari, koja se bavi istra\u017eivanjem ranog obrazovanja i umetni\u010dkog obrazovanja, i koja nije u\u010destvovala u studiji ka\u017ee:<\/p>\n<blockquote><p><span style=\"font-weight: 400;\">Po\u017eelim da rukama prekrijem takve bordure i ilustracije i uzviknem: \u201d\u2122Vaspita\u010di, ne stavljajte ovo u u\u010dionice, to je vizuelno \u0161tetno za decu!&#8217;<\/span><\/p><\/blockquote>\n<p><span style=\"font-weight: 400;\">Doktorka Tar dugo vremena iznosi negativne argumente protiv \u201eukra\u0161avanja\u201c u\u010dionica. Godine 2004. u \u010dlanku pod nazivom \u201e<\/span><span style=\"color: #ff0000;\"><a style=\"color: #ff0000;\" href=\"http:\/\/www.naeyc.org\/files\/yc\/file\/200405\/ConsidertheWalls.pdf\" target=\"_blank\" rel=\"noopener\"><b>Obratite pa\u017enju na zidove<\/b><\/a><\/span><span style=\"font-weight: 400;\">\u201c, koji je objavljen u Young Children, \u010dasopisu Nacionalnog udru\u017eenja za edukaciju male dece, ona tvrdi da u\u010dionice postaju toliko pretrpane komercijalnim plakatima i dekoracijama da zaklanjaju de\u010dje crte\u017ee i literarne radove, \u0161to predstavlja problem naro\u010dito za mali\u0161ane sa poreme\u0107ajem pa\u017enje.<\/span><\/p>\n<div id=\"attachment_9396\" style=\"width: 1010px\" class=\"wp-caption aligncenter\"><a href=\"http:\/\/novakdjokovicfoundation.org\/wp-content\/uploads\/2015\/11\/shutterstock_175769954.jpg\"><img loading=\"lazy\" decoding=\"async\" aria-describedby=\"caption-attachment-9396\" class=\"size-full wp-image-9396\" src=\"http:\/\/novakdjokovicfoundation.org\/wp-content\/uploads\/2015\/11\/shutterstock_175769954.jpg\" alt=\"Copyright: Poznyakov\" width=\"1000\" height=\"750\" \/><\/a><p id=\"caption-attachment-9396\" class=\"wp-caption-text\">Copyright: Poznyakov<\/p><\/div>\n<p><span style=\"font-weight: 400;\">U toj novoj studiji, 24 dece vrti\u0107kog uzrasta u\u010dilo je u <strong>dve razli\u010dito koncipirane u\u010dionice:<\/strong> <\/span><\/p>\n<ul>\n<li><span style=\"font-weight: 400;\">jedna je bila neugledna, <\/span><\/li>\n<li><span style=\"font-weight: 400;\">druga ukra\u0161ena komercijalnim materijalima kao \u0161to su posteri i mape, kao i de\u010djim umetni\u010dkim radovima. <\/span><\/li>\n<\/ul>\n<p><span style=\"font-weight: 400;\">Deca su sedela na tepisima u polukrugu okrenuta ka vaspita\u010du, koji im je \u010ditao naglas slikovnicu. Ona su dve nedelje imala \u0161est lekcija iz prirodnih nauka u trajanju od pet do sedam minuta o temama kao \u0161to su tektonske plo\u010de, sun\u010dev sistem i insekti. Posle svake lekcije mali\u0161ani su radili testove u vidu ilustracija sa vi\u0161e ponu\u0111enih re\u0161enja. Lekcije su snimane kako bi se videlo koliko \u010desto deci pogled odluta.<\/span><\/p>\n<p><span style=\"font-weight: 400;\"><strong>U jednostavnoj u\u010dionici, deci \u2013 koja su u skladu sa svojim uzrastom bila nemirna i znati\u017eeljna \u2013 \u010desto su pa\u017enju odvra\u0107ali drugi mali\u0161ani, ili su \u010dak sami sebe dekoncentrisali.<\/strong> Ipak, u <strong>drugoj ukra\u0161enoj u\u010dionici vizuali i vaspita\u010di su vodili pravu malu bitku za njihovu pa\u017enju.<\/strong> Deca su provela mnogo vi\u0161e vremena van zadatka u ukra\u0161enoj u\u010dionici nego u onoj obi\u010dnoj, i njihovi rezultati na testovima bili su lo\u0161iji.<\/span><\/p>\n<p><span style=\"font-weight: 400;\"><strong>Istra\u017eiva\u010di su priznali da se njihova studija bavila samo jednom malom grupom dece, i da njeni rezultati mo\u017eda nisi primenljivi na decu starijeg uzrasta<\/strong>. Osim toga, deca su u u\u010dionicama imala jednu lekciju u datom trenutku, i u njima nisu provodila ceo \u0161kolski dan.<\/span><\/p>\n<p><span style=\"font-weight: 400;\"><strong>Slede\u0107i korak<\/strong>, po re\u010dima Sare E. Rim-Kaufman, profesorke obrazovne psihologije na Univerzitetu Vird\u017einija, koja nije u\u010destvovala u studiji, <strong>bio bi ponavljanje istog eksperimenta, ali ovog puta u u\u010dionicama u kojima deca borave ceo dan.<\/strong><\/span><\/p>\n<p><span style=\"font-weight: 400;\">Ona je primetila da se relativno malo pisalo o tome kako da se efikasno iskoriste zidovi u\u010dionica. Ipak, navodi da ukoliko mala deca <em><strong>\u201evide mnogo stvari odjednom, ona nisu u stanju samostalno da razlikuju ono \u0161to je va\u017eno i mogu da prestanu da slu\u0161aju vaspita\u010da\u201c<\/strong>.<\/em><\/span><\/p>\n<p><span style=\"font-weight: 400;\"><strong>Vaspita\u010di ponekad ose\u0107aju potrebu da ulep\u0161aju zidove<\/strong> <em>\u201ezato \u0161to znaju da roditelji dolaze na sastanke ili \u201d\u2122otvorena vrata\u201d\u2122 i o\u010dekuju da vide ukra\u0161enu u\u010dionicu\u201c<\/em>. Neki vaspita\u010di su, me\u0111utim, odoleli tom trendu.<strong> Montesori vrti\u0107i, na primer, stavljaju akcenat na mirniji, svedeniji izgled.<\/strong> Pojedini edukatori tako\u0111e izbegavaju trend skupih dekoracija.<\/span><\/p>\n<p><span style=\"font-weight: 400;\"><strong><em>\u201eZidove u na\u0161em vrti\u0107u smo prekrivali isklju\u010divo tapetama&#8220;<\/em><\/strong>, ka\u017ee Ingrid Bojdston, vaspita\u010dica u Brid\u017eport osnovnoj \u0161koli u Santa Klariti, Kalifornija.<\/span><\/p>\n<div id=\"attachment_9397\" style=\"width: 1010px\" class=\"wp-caption aligncenter\"><a href=\"http:\/\/novakdjokovicfoundation.org\/wp-content\/uploads\/2015\/11\/child-in-art-class-with-picture-preschool.jpg\"><img loading=\"lazy\" decoding=\"async\" aria-describedby=\"caption-attachment-9397\" class=\"size-full wp-image-9397\" src=\"http:\/\/novakdjokovicfoundation.org\/wp-content\/uploads\/2015\/11\/child-in-art-class-with-picture-preschool.jpg\" alt=\"Copyright: Poznyakov\" width=\"1000\" height=\"667\" \/><\/a><p id=\"caption-attachment-9397\" class=\"wp-caption-text\">Copyright: Poznyakov<\/p><\/div>\n<p><span style=\"font-weight: 400;\">Danas Bojdstonova, koja je 1999. godine izabrana za najbolju vaspita\u010dicu u Kaliforniji, savetuje ostale kolege da omogu\u0107e da se izgled zidova razvija iz de\u010djeg iskustva. Ona smatra da je dobro za decu da se \u00c2\u00a0ostavi prazan prostor na zidu ispod znakova na kojima pi\u0161e <strong><em>\u201ePogledaj ovde!\u201c<\/em><\/strong>. Dok je dr\u017eala lekciju o najpoznatijem impresionisti\u010dkom slikaru Moneu, ona je stala ispred table, nose\u0107i slamnati \u0161e\u0161ir \u0161irokog oboda i bluzu, govore\u0107i francuskim akcentom. Nakon toga, ispisala je na tabli klju\u010dne re\u010di koje je njenih 27 u\u010denika zapamtilo iz njene pri\u010de. Potom su deca oti\u0161la u kutak u\u010dionice namenjen za crtanje, i po\u010dela da rade sa \u0161tapi\u0107ima za u\u0161i.<\/span><\/p>\n<p><span style=\"font-weight: 400;\">Na kraju, do\u0161lo je vreme da se ukrasi prazan zid.<strong> Ingrid ga je ispunila umetni\u010dkim delima: crte\u017eima svojih malih Monea&#8230;<\/strong><\/span><\/p>\n","protected":false},"excerpt":{"rendered":"<p>Ukra\u0161avanje u\u010dionica je uobi\u010dajena praksa u ve\u0107ini pred\u0161kolskih ustanova. Postavlja se pitanje kakav efekat \u0161arene u\u010dionice u vrti\u0107ima ostavljaju na mali\u0161ane.<\/p>\n","protected":false},"author":5,"featured_media":15671,"comment_status":"open","ping_status":"open","sticky":false,"template":"","format":"standard","meta":{"_acf_changed":false,"footnotes":""},"categories":[20,10],"tags":[383,1255,1384,1383],"class_list":["post-15869","post","type-post","status-publish","format-standard","has-post-thumbnail","hentry","category-blog-posts","category-rana-podrska","tag-obrazovanje","tag-predskolsko","tag-ucionice","tag-vrtici"],"acf":[],"yoast_head":"<!-- This site is optimized with the Yoast SEO plugin v27.4 - https:\/\/yoast.com\/product\/yoast-seo-wordpress\/ -->\n<title>Da li su \u0161arene u\u010dionice u vrti\u0107ima dobre za va\u0161u decu? - Novak Djokovic Foundation<\/title>\n<meta name=\"robots\" content=\"index, follow, max-snippet:-1, max-image-preview:large, max-video-preview:-1\" \/>\n<link rel=\"canonical\" href=\"https:\/\/novakdjokovicfoundation.org\/sr\/da-li-su-sarene-ucionice-u-vrticima-dobre-za-vasu-decu\/\" \/>\n<meta property=\"og:locale\" content=\"sr_RS\" \/>\n<meta property=\"og:type\" content=\"article\" \/>\n<meta property=\"og:title\" content=\"Da li su \u0161arene u\u010dionice u vrti\u0107ima dobre za va\u0161u decu? - Novak Djokovic Foundation\" \/>\n<meta property=\"og:description\" content=\"Ukra\u0161avanje u\u010dionica je uobi\u010dajena praksa u ve\u0107ini pred\u0161kolskih ustanova. Postavlja se pitanje kakav efekat \u0161arene u\u010dionice u vrti\u0107ima ostavljaju na mali\u0161ane.\" \/>\n<meta property=\"og:url\" content=\"https:\/\/novakdjokovicfoundation.org\/sr\/da-li-su-sarene-ucionice-u-vrticima-dobre-za-vasu-decu\/\" \/>\n<meta property=\"og:site_name\" content=\"Novak Djokovic Foundation\" \/>\n<meta property=\"article:publisher\" content=\"https:\/\/www.facebook.com\/NovakDjokovicFoundation\" \/>\n<meta property=\"article:published_time\" content=\"2015-11-18T00:00:00+00:00\" \/>\n<meta property=\"article:modified_time\" content=\"2023-03-21T12:17:59+00:00\" \/>\n<meta property=\"og:image\" content=\"https:\/\/novakdjokovicfoundation.org\/wp-content\/uploads\/2023\/02\/little-girl-drawing-on-her-book-and-having-fun-at-playtable-in-kindergarten-2-1.jpg\" \/>\n\t<meta property=\"og:image:width\" content=\"1000\" \/>\n\t<meta property=\"og:image:height\" content=\"667\" \/>\n\t<meta property=\"og:image:type\" content=\"image\/jpeg\" \/>\n<meta name=\"author\" content=\"NDFAuthors\" \/>\n<meta name=\"twitter:card\" content=\"summary_large_image\" \/>\n<meta name=\"twitter:creator\" content=\"@novakfoundation\" \/>\n<meta name=\"twitter:site\" content=\"@novakfoundation\" \/>\n<meta name=\"twitter:label1\" content=\"\u041d\u0430\u043f\u0438\u0441\u0430\u043d\u043e \u043e\u0434\" \/>\n\t<meta name=\"twitter:data1\" content=\"NDFAuthors\" \/>\n\t<meta name=\"twitter:label2\" content=\"\u041f\u0440\u043e\u0446\u0435\u045a\u0435\u043d\u043e \u0432\u0440\u0435\u043c\u0435 \u0447\u0438\u0442\u0430\u045a\u0430\" \/>\n\t<meta name=\"twitter:data2\" content=\"6 \u043c\u0438\u043d\u0443\u0442\u0430\" \/>\n<script type=\"application\/ld+json\" class=\"yoast-schema-graph\">{\"@context\":\"https:\\\/\\\/schema.org\",\"@graph\":[{\"@type\":\"Article\",\"@id\":\"https:\\\/\\\/novakdjokovicfoundation.org\\\/sr\\\/da-li-su-sarene-ucionice-u-vrticima-dobre-za-vasu-decu\\\/#article\",\"isPartOf\":{\"@id\":\"https:\\\/\\\/novakdjokovicfoundation.org\\\/sr\\\/da-li-su-sarene-ucionice-u-vrticima-dobre-za-vasu-decu\\\/\"},\"author\":{\"name\":\"NDFAuthors\",\"@id\":\"https:\\\/\\\/novakdjokovicfoundation.org\\\/#\\\/schema\\\/person\\\/92d439ce9f161db2227d88016babb26d\"},\"headline\":\"Da li su \u0161arene u\u010dionice u vrti\u0107ima dobre za va\u0161u decu?\",\"datePublished\":\"2015-11-18T00:00:00+00:00\",\"dateModified\":\"2023-03-21T12:17:59+00:00\",\"mainEntityOfPage\":{\"@id\":\"https:\\\/\\\/novakdjokovicfoundation.org\\\/sr\\\/da-li-su-sarene-ucionice-u-vrticima-dobre-za-vasu-decu\\\/\"},\"wordCount\":1145,\"commentCount\":0,\"publisher\":{\"@id\":\"https:\\\/\\\/novakdjokovicfoundation.org\\\/#organization\"},\"image\":{\"@id\":\"https:\\\/\\\/novakdjokovicfoundation.org\\\/sr\\\/da-li-su-sarene-ucionice-u-vrticima-dobre-za-vasu-decu\\\/#primaryimage\"},\"thumbnailUrl\":\"https:\\\/\\\/novakdjokovicfoundation.org\\\/wp-content\\\/uploads\\\/2023\\\/02\\\/little-girl-drawing-on-her-book-and-having-fun-at-playtable-in-kindergarten-2-1.jpg\",\"keywords\":[\"obrazovanje\",\"predskolsko\",\"ucionice\",\"vrtici\"],\"articleSection\":[\"Blog posts\",\"Rana podr\u0161ka\"],\"inLanguage\":\"sr-RS\",\"potentialAction\":[{\"@type\":\"CommentAction\",\"name\":\"Comment\",\"target\":[\"https:\\\/\\\/novakdjokovicfoundation.org\\\/sr\\\/da-li-su-sarene-ucionice-u-vrticima-dobre-za-vasu-decu\\\/#respond\"]}]},{\"@type\":\"WebPage\",\"@id\":\"https:\\\/\\\/novakdjokovicfoundation.org\\\/sr\\\/da-li-su-sarene-ucionice-u-vrticima-dobre-za-vasu-decu\\\/\",\"url\":\"https:\\\/\\\/novakdjokovicfoundation.org\\\/sr\\\/da-li-su-sarene-ucionice-u-vrticima-dobre-za-vasu-decu\\\/\",\"name\":\"Da li su \u0161arene u\u010dionice u vrti\u0107ima dobre za va\u0161u decu? - Novak Djokovic Foundation\",\"isPartOf\":{\"@id\":\"https:\\\/\\\/novakdjokovicfoundation.org\\\/#website\"},\"primaryImageOfPage\":{\"@id\":\"https:\\\/\\\/novakdjokovicfoundation.org\\\/sr\\\/da-li-su-sarene-ucionice-u-vrticima-dobre-za-vasu-decu\\\/#primaryimage\"},\"image\":{\"@id\":\"https:\\\/\\\/novakdjokovicfoundation.org\\\/sr\\\/da-li-su-sarene-ucionice-u-vrticima-dobre-za-vasu-decu\\\/#primaryimage\"},\"thumbnailUrl\":\"https:\\\/\\\/novakdjokovicfoundation.org\\\/wp-content\\\/uploads\\\/2023\\\/02\\\/little-girl-drawing-on-her-book-and-having-fun-at-playtable-in-kindergarten-2-1.jpg\",\"datePublished\":\"2015-11-18T00:00:00+00:00\",\"dateModified\":\"2023-03-21T12:17:59+00:00\",\"breadcrumb\":{\"@id\":\"https:\\\/\\\/novakdjokovicfoundation.org\\\/sr\\\/da-li-su-sarene-ucionice-u-vrticima-dobre-za-vasu-decu\\\/#breadcrumb\"},\"inLanguage\":\"sr-RS\",\"potentialAction\":[{\"@type\":\"ReadAction\",\"target\":[\"https:\\\/\\\/novakdjokovicfoundation.org\\\/sr\\\/da-li-su-sarene-ucionice-u-vrticima-dobre-za-vasu-decu\\\/\"]}]},{\"@type\":\"ImageObject\",\"inLanguage\":\"sr-RS\",\"@id\":\"https:\\\/\\\/novakdjokovicfoundation.org\\\/sr\\\/da-li-su-sarene-ucionice-u-vrticima-dobre-za-vasu-decu\\\/#primaryimage\",\"url\":\"https:\\\/\\\/novakdjokovicfoundation.org\\\/wp-content\\\/uploads\\\/2023\\\/02\\\/little-girl-drawing-on-her-book-and-having-fun-at-playtable-in-kindergarten-2-1.jpg\",\"contentUrl\":\"https:\\\/\\\/novakdjokovicfoundation.org\\\/wp-content\\\/uploads\\\/2023\\\/02\\\/little-girl-drawing-on-her-book-and-having-fun-at-playtable-in-kindergarten-2-1.jpg\",\"width\":1000,\"height\":667},{\"@type\":\"BreadcrumbList\",\"@id\":\"https:\\\/\\\/novakdjokovicfoundation.org\\\/sr\\\/da-li-su-sarene-ucionice-u-vrticima-dobre-za-vasu-decu\\\/#breadcrumb\",\"itemListElement\":[{\"@type\":\"ListItem\",\"position\":1,\"name\":\"Home\",\"item\":\"https:\\\/\\\/novakdjokovicfoundation.org\\\/sr\\\/\"},{\"@type\":\"ListItem\",\"position\":2,\"name\":\"Da li su \u0161arene u\u010dionice u vrti\u0107ima dobre za va\u0161u decu?\"}]},{\"@type\":\"WebSite\",\"@id\":\"https:\\\/\\\/novakdjokovicfoundation.org\\\/#website\",\"url\":\"https:\\\/\\\/novakdjokovicfoundation.org\\\/\",\"name\":\"Novak Djokovic Foundation\",\"description\":\"Believe in their dreams\",\"publisher\":{\"@id\":\"https:\\\/\\\/novakdjokovicfoundation.org\\\/#organization\"},\"potentialAction\":[{\"@type\":\"SearchAction\",\"target\":{\"@type\":\"EntryPoint\",\"urlTemplate\":\"https:\\\/\\\/novakdjokovicfoundation.org\\\/?s={search_term_string}\"},\"query-input\":{\"@type\":\"PropertyValueSpecification\",\"valueRequired\":true,\"valueName\":\"search_term_string\"}}],\"inLanguage\":\"sr-RS\"},{\"@type\":\"Organization\",\"@id\":\"https:\\\/\\\/novakdjokovicfoundation.org\\\/#organization\",\"name\":\"Novak Djokovic Foundation\",\"url\":\"https:\\\/\\\/novakdjokovicfoundation.org\\\/\",\"logo\":{\"@type\":\"ImageObject\",\"inLanguage\":\"sr-RS\",\"@id\":\"https:\\\/\\\/novakdjokovicfoundation.org\\\/#\\\/schema\\\/logo\\\/image\\\/\",\"url\":\"https:\\\/\\\/novakdjokovicfoundation.org\\\/wp-content\\\/uploads\\\/2024\\\/12\\\/NDF_Logo_BLUE.svg\",\"contentUrl\":\"https:\\\/\\\/novakdjokovicfoundation.org\\\/wp-content\\\/uploads\\\/2024\\\/12\\\/NDF_Logo_BLUE.svg\",\"width\":1,\"height\":1,\"caption\":\"Novak Djokovic Foundation\"},\"image\":{\"@id\":\"https:\\\/\\\/novakdjokovicfoundation.org\\\/#\\\/schema\\\/logo\\\/image\\\/\"},\"sameAs\":[\"https:\\\/\\\/www.facebook.com\\\/NovakDjokovicFoundation\",\"https:\\\/\\\/x.com\\\/novakfoundation\",\"https:\\\/\\\/www.instagram.com\\\/novakfoundation\"]},{\"@type\":\"Person\",\"@id\":\"https:\\\/\\\/novakdjokovicfoundation.org\\\/#\\\/schema\\\/person\\\/92d439ce9f161db2227d88016babb26d\",\"name\":\"NDFAuthors\",\"image\":{\"@type\":\"ImageObject\",\"inLanguage\":\"sr-RS\",\"@id\":\"https:\\\/\\\/secure.gravatar.com\\\/avatar\\\/a56dea238b3a98b3408ef9bffaa7226d71ec06e401c449ab94453fa6c470ef8c?s=96&d=mm&r=g\",\"url\":\"https:\\\/\\\/secure.gravatar.com\\\/avatar\\\/a56dea238b3a98b3408ef9bffaa7226d71ec06e401c449ab94453fa6c470ef8c?s=96&d=mm&r=g\",\"contentUrl\":\"https:\\\/\\\/secure.gravatar.com\\\/avatar\\\/a56dea238b3a98b3408ef9bffaa7226d71ec06e401c449ab94453fa6c470ef8c?s=96&d=mm&r=g\",\"caption\":\"NDFAuthors\"},\"url\":\"https:\\\/\\\/novakdjokovicfoundation.org\\\/sr\\\/author\\\/ndfauthors\\\/\"}]}<\/script>\n<!-- \/ Yoast SEO plugin. -->","yoast_head_json":{"title":"Da li su \u0161arene u\u010dionice u vrti\u0107ima dobre za va\u0161u decu? - Novak Djokovic Foundation","robots":{"index":"index","follow":"follow","max-snippet":"max-snippet:-1","max-image-preview":"max-image-preview:large","max-video-preview":"max-video-preview:-1"},"canonical":"https:\/\/novakdjokovicfoundation.org\/sr\/da-li-su-sarene-ucionice-u-vrticima-dobre-za-vasu-decu\/","og_locale":"sr_RS","og_type":"article","og_title":"Da li su \u0161arene u\u010dionice u vrti\u0107ima dobre za va\u0161u decu? - Novak Djokovic Foundation","og_description":"Ukra\u0161avanje u\u010dionica je uobi\u010dajena praksa u ve\u0107ini pred\u0161kolskih ustanova. Postavlja se pitanje kakav efekat \u0161arene u\u010dionice u vrti\u0107ima ostavljaju na mali\u0161ane.","og_url":"https:\/\/novakdjokovicfoundation.org\/sr\/da-li-su-sarene-ucionice-u-vrticima-dobre-za-vasu-decu\/","og_site_name":"Novak Djokovic Foundation","article_publisher":"https:\/\/www.facebook.com\/NovakDjokovicFoundation","article_published_time":"2015-11-18T00:00:00+00:00","article_modified_time":"2023-03-21T12:17:59+00:00","og_image":[{"width":1000,"height":667,"url":"https:\/\/novakdjokovicfoundation.org\/wp-content\/uploads\/2023\/02\/little-girl-drawing-on-her-book-and-having-fun-at-playtable-in-kindergarten-2-1.jpg","type":"image\/jpeg"}],"author":"NDFAuthors","twitter_card":"summary_large_image","twitter_creator":"@novakfoundation","twitter_site":"@novakfoundation","twitter_misc":{"\u041d\u0430\u043f\u0438\u0441\u0430\u043d\u043e \u043e\u0434":"NDFAuthors","\u041f\u0440\u043e\u0446\u0435\u045a\u0435\u043d\u043e \u0432\u0440\u0435\u043c\u0435 \u0447\u0438\u0442\u0430\u045a\u0430":"6 \u043c\u0438\u043d\u0443\u0442\u0430"},"schema":{"@context":"https:\/\/schema.org","@graph":[{"@type":"Article","@id":"https:\/\/novakdjokovicfoundation.org\/sr\/da-li-su-sarene-ucionice-u-vrticima-dobre-za-vasu-decu\/#article","isPartOf":{"@id":"https:\/\/novakdjokovicfoundation.org\/sr\/da-li-su-sarene-ucionice-u-vrticima-dobre-za-vasu-decu\/"},"author":{"name":"NDFAuthors","@id":"https:\/\/novakdjokovicfoundation.org\/#\/schema\/person\/92d439ce9f161db2227d88016babb26d"},"headline":"Da li su \u0161arene u\u010dionice u vrti\u0107ima dobre za va\u0161u decu?","datePublished":"2015-11-18T00:00:00+00:00","dateModified":"2023-03-21T12:17:59+00:00","mainEntityOfPage":{"@id":"https:\/\/novakdjokovicfoundation.org\/sr\/da-li-su-sarene-ucionice-u-vrticima-dobre-za-vasu-decu\/"},"wordCount":1145,"commentCount":0,"publisher":{"@id":"https:\/\/novakdjokovicfoundation.org\/#organization"},"image":{"@id":"https:\/\/novakdjokovicfoundation.org\/sr\/da-li-su-sarene-ucionice-u-vrticima-dobre-za-vasu-decu\/#primaryimage"},"thumbnailUrl":"https:\/\/novakdjokovicfoundation.org\/wp-content\/uploads\/2023\/02\/little-girl-drawing-on-her-book-and-having-fun-at-playtable-in-kindergarten-2-1.jpg","keywords":["obrazovanje","predskolsko","ucionice","vrtici"],"articleSection":["Blog posts","Rana podr\u0161ka"],"inLanguage":"sr-RS","potentialAction":[{"@type":"CommentAction","name":"Comment","target":["https:\/\/novakdjokovicfoundation.org\/sr\/da-li-su-sarene-ucionice-u-vrticima-dobre-za-vasu-decu\/#respond"]}]},{"@type":"WebPage","@id":"https:\/\/novakdjokovicfoundation.org\/sr\/da-li-su-sarene-ucionice-u-vrticima-dobre-za-vasu-decu\/","url":"https:\/\/novakdjokovicfoundation.org\/sr\/da-li-su-sarene-ucionice-u-vrticima-dobre-za-vasu-decu\/","name":"Da li su \u0161arene u\u010dionice u vrti\u0107ima dobre za va\u0161u decu? - Novak Djokovic Foundation","isPartOf":{"@id":"https:\/\/novakdjokovicfoundation.org\/#website"},"primaryImageOfPage":{"@id":"https:\/\/novakdjokovicfoundation.org\/sr\/da-li-su-sarene-ucionice-u-vrticima-dobre-za-vasu-decu\/#primaryimage"},"image":{"@id":"https:\/\/novakdjokovicfoundation.org\/sr\/da-li-su-sarene-ucionice-u-vrticima-dobre-za-vasu-decu\/#primaryimage"},"thumbnailUrl":"https:\/\/novakdjokovicfoundation.org\/wp-content\/uploads\/2023\/02\/little-girl-drawing-on-her-book-and-having-fun-at-playtable-in-kindergarten-2-1.jpg","datePublished":"2015-11-18T00:00:00+00:00","dateModified":"2023-03-21T12:17:59+00:00","breadcrumb":{"@id":"https:\/\/novakdjokovicfoundation.org\/sr\/da-li-su-sarene-ucionice-u-vrticima-dobre-za-vasu-decu\/#breadcrumb"},"inLanguage":"sr-RS","potentialAction":[{"@type":"ReadAction","target":["https:\/\/novakdjokovicfoundation.org\/sr\/da-li-su-sarene-ucionice-u-vrticima-dobre-za-vasu-decu\/"]}]},{"@type":"ImageObject","inLanguage":"sr-RS","@id":"https:\/\/novakdjokovicfoundation.org\/sr\/da-li-su-sarene-ucionice-u-vrticima-dobre-za-vasu-decu\/#primaryimage","url":"https:\/\/novakdjokovicfoundation.org\/wp-content\/uploads\/2023\/02\/little-girl-drawing-on-her-book-and-having-fun-at-playtable-in-kindergarten-2-1.jpg","contentUrl":"https:\/\/novakdjokovicfoundation.org\/wp-content\/uploads\/2023\/02\/little-girl-drawing-on-her-book-and-having-fun-at-playtable-in-kindergarten-2-1.jpg","width":1000,"height":667},{"@type":"BreadcrumbList","@id":"https:\/\/novakdjokovicfoundation.org\/sr\/da-li-su-sarene-ucionice-u-vrticima-dobre-za-vasu-decu\/#breadcrumb","itemListElement":[{"@type":"ListItem","position":1,"name":"Home","item":"https:\/\/novakdjokovicfoundation.org\/sr\/"},{"@type":"ListItem","position":2,"name":"Da li su \u0161arene u\u010dionice u vrti\u0107ima dobre za va\u0161u decu?"}]},{"@type":"WebSite","@id":"https:\/\/novakdjokovicfoundation.org\/#website","url":"https:\/\/novakdjokovicfoundation.org\/","name":"Novak Djokovic Foundation","description":"Believe in their dreams","publisher":{"@id":"https:\/\/novakdjokovicfoundation.org\/#organization"},"potentialAction":[{"@type":"SearchAction","target":{"@type":"EntryPoint","urlTemplate":"https:\/\/novakdjokovicfoundation.org\/?s={search_term_string}"},"query-input":{"@type":"PropertyValueSpecification","valueRequired":true,"valueName":"search_term_string"}}],"inLanguage":"sr-RS"},{"@type":"Organization","@id":"https:\/\/novakdjokovicfoundation.org\/#organization","name":"Novak Djokovic Foundation","url":"https:\/\/novakdjokovicfoundation.org\/","logo":{"@type":"ImageObject","inLanguage":"sr-RS","@id":"https:\/\/novakdjokovicfoundation.org\/#\/schema\/logo\/image\/","url":"https:\/\/novakdjokovicfoundation.org\/wp-content\/uploads\/2024\/12\/NDF_Logo_BLUE.svg","contentUrl":"https:\/\/novakdjokovicfoundation.org\/wp-content\/uploads\/2024\/12\/NDF_Logo_BLUE.svg","width":1,"height":1,"caption":"Novak Djokovic Foundation"},"image":{"@id":"https:\/\/novakdjokovicfoundation.org\/#\/schema\/logo\/image\/"},"sameAs":["https:\/\/www.facebook.com\/NovakDjokovicFoundation","https:\/\/x.com\/novakfoundation","https:\/\/www.instagram.com\/novakfoundation"]},{"@type":"Person","@id":"https:\/\/novakdjokovicfoundation.org\/#\/schema\/person\/92d439ce9f161db2227d88016babb26d","name":"NDFAuthors","image":{"@type":"ImageObject","inLanguage":"sr-RS","@id":"https:\/\/secure.gravatar.com\/avatar\/a56dea238b3a98b3408ef9bffaa7226d71ec06e401c449ab94453fa6c470ef8c?s=96&d=mm&r=g","url":"https:\/\/secure.gravatar.com\/avatar\/a56dea238b3a98b3408ef9bffaa7226d71ec06e401c449ab94453fa6c470ef8c?s=96&d=mm&r=g","contentUrl":"https:\/\/secure.gravatar.com\/avatar\/a56dea238b3a98b3408ef9bffaa7226d71ec06e401c449ab94453fa6c470ef8c?s=96&d=mm&r=g","caption":"NDFAuthors"},"url":"https:\/\/novakdjokovicfoundation.org\/sr\/author\/ndfauthors\/"}]}},"_links":{"self":[{"href":"https:\/\/novakdjokovicfoundation.org\/sr\/wp-json\/wp\/v2\/posts\/15869","targetHints":{"allow":["GET"]}}],"collection":[{"href":"https:\/\/novakdjokovicfoundation.org\/sr\/wp-json\/wp\/v2\/posts"}],"about":[{"href":"https:\/\/novakdjokovicfoundation.org\/sr\/wp-json\/wp\/v2\/types\/post"}],"author":[{"embeddable":true,"href":"https:\/\/novakdjokovicfoundation.org\/sr\/wp-json\/wp\/v2\/users\/5"}],"replies":[{"embeddable":true,"href":"https:\/\/novakdjokovicfoundation.org\/sr\/wp-json\/wp\/v2\/comments?post=15869"}],"version-history":[{"count":1,"href":"https:\/\/novakdjokovicfoundation.org\/sr\/wp-json\/wp\/v2\/posts\/15869\/revisions"}],"predecessor-version":[{"id":18697,"href":"https:\/\/novakdjokovicfoundation.org\/sr\/wp-json\/wp\/v2\/posts\/15869\/revisions\/18697"}],"wp:featuredmedia":[{"embeddable":true,"href":"https:\/\/novakdjokovicfoundation.org\/sr\/wp-json\/wp\/v2\/media\/15671"}],"wp:attachment":[{"href":"https:\/\/novakdjokovicfoundation.org\/sr\/wp-json\/wp\/v2\/media?parent=15869"}],"wp:term":[{"taxonomy":"category","embeddable":true,"href":"https:\/\/novakdjokovicfoundation.org\/sr\/wp-json\/wp\/v2\/categories?post=15869"},{"taxonomy":"post_tag","embeddable":true,"href":"https:\/\/novakdjokovicfoundation.org\/sr\/wp-json\/wp\/v2\/tags?post=15869"}],"curies":[{"name":"wp","href":"https:\/\/api.w.org\/{rel}","templated":true}]}}