{"id":15836,"date":"2015-08-09T00:00:00","date_gmt":"2015-08-09T00:00:00","guid":{"rendered":"https:\/\/novakdjokovicfoundation.org\/da-li-ste-se-ikad-zapitali-sta-se-desava-u-mojoj-glavi\/"},"modified":"2023-03-21T12:18:00","modified_gmt":"2023-03-21T12:18:00","slug":"da-li-ste-se-ikad-zapitali-sta-se-desava-u-mojoj-glavi","status":"publish","type":"post","link":"https:\/\/novakdjokovicfoundation.org\/sr\/da-li-ste-se-ikad-zapitali-sta-se-desava-u-mojoj-glavi\/","title":{"rendered":"Da li ste se ikad zapitali \u0161ta se de\u0161ava u ne\u010dijoj glavi?"},"content":{"rendered":"<p><span style=\"color: #3366ff;\"><em><strong>Crtani film \u201eU mojoj glavi\u201c je svojevrstan ubrzani kurs iz filozofije o ljudskom umu u kojem \u0107e deca najvi\u0161e u\u017eivati.<\/strong><\/em><\/span><\/p>\n<p><!--more--><\/p>\n<p>Svaki put kada odete u bioskop, udobno se smestite u fotelju, i uz kokice u rukama \u010dekate po\u010detak nekog od Piksarovih crtanih filmova, unapred znate \u0161ta vas \u010deka \u2013 jo\u0161 jedno odli\u010dno ostvarenje, uz nezaobilazne elemente kao \u0161to su inteligentan humor, perfektna animacija, originalni likovi i zanimljiva pri\u010da. Ipak, od crta\u0107a sigurno ne o\u010dekujete da se na izuzetno pronicljiv na\u010din bavi jednim od najslo\u017eenijih, i sa filozofskog aspekta jednim od najte\u017eih pitanja \u2013 na\u0161im umom. <strong>Da li ste se ikad zapitali \u0161ta se doga\u0111a u ne\u010dijoj glavi?<\/strong> Najnoviji Piksarov <span style=\"color: #ff0000;\"><strong><a style=\"color: #ff0000;\" href=\"https:\/\/www.cineplexx.rs\/movie\/u-mojoj-glavi\/\" target=\"_blank\" rel=\"noopener\">animirani film \u201eU mojoj glavi<\/a>\u201c<\/strong><\/span> poku\u0161ao je da pru\u017ei odgovor ba\u0161 na to pitanje.<\/p>\n<p>O pomenutoj temi sam napisao doktorsku disertaciju, a kasnije i knjigu. <strong>Ipak, kad god bih se bavio time kako funkcioni\u0161u na\u0161e misli i emocije, dolazio bih do zaklju\u010dka kako je najverodostojnija i prihva\u0107ena teorija o na\u0161em umu (barem me\u0111u filozofima) kontraintuitivna i obi\u010dnom \u010doveku te\u0161ko razumljiva.<\/strong> A onda se niotkuda pojavi jedan ovakav crtani film koji deci na sasvim jednostavan na\u010din predstavlja sve te pojmove. \u201eU mojoj glavi\u201c je i definitivno promenio moje vi\u0111enje onog \u0161to se de\u0161ava u na\u0161im glavama. Ma, promenio je ceo moj na\u010din razmi\u0161ljanja!<\/p>\n<p><strong>Radnja filma doga\u0111a se na nesvakida\u0161njoj lokaciji, unutar uma jedanaestogodi\u0161nje Rajli.<span style=\"color: #3366ff;\"> Kao i svako \u017eivo bi\u0107e, i<\/span><\/strong> <span style=\"color: #3366ff;\"><strong>ova devoj\u010dica najve\u0107i zna\u010daj pridaje svojim emocijama kojima se vodi kroz \u017eivot, a koje u njoj izazivaju radost, strah, bes, ga\u0111enje i tugu.<\/strong><\/span> <strong>Tih pet emocija vredno rade, a predvode ih optimista:<\/strong><\/p>\n<ul>\n<li><span style=\"color: #3366ff;\"><strong>Radost<\/strong><\/span>, \u010dija je misija da se postara da Rajli bude sre\u0107na.<\/li>\n<li><span style=\"color: #3366ff;\"><strong>Strah<\/strong><\/span> se brine o bezbednosti,<\/li>\n<li><span style=\"color: #3366ff;\"><strong>Bes<\/strong><\/span> se stara o tome da sve bude po\u0161teno,<\/li>\n<li><span style=\"color: #3366ff;\"><strong>Ga\u0111enje<\/strong><\/span> spre\u010dava Rajli da se otruje \u2013 i fizi\u010dki i dru\u0161tveno.<\/li>\n<li><span style=\"color: #3366ff;\"><strong>Tuga<\/strong><\/span> nije ta\u010dno sigurna \u0161ta je njena uloga, a iskreno, nisu ni ostali.<\/li>\n<\/ul>\n<p>Kad se Rajlina porodica preseli u stra\u0161ni novi grad, emocije se bacaju na posao, spremne da joj pomognu da prevazi\u0111e ovu te\u0161ku promenu. Ali kad se Radost i Tuga slu\u010dajno na\u0111u u dalekim sferama Rajlinog uma \u2013 odnose\u0107i i neke od va\u017enih uspomena sa sobom \u2013 Strah, Bes i Ga\u0111enje nevoljno \u0107e postati vo\u0111e&#8230;<\/p>\n<p>Ve\u0107ina kriti\u010dara fokusirala se na to kako nas um u\u010di te\u0161kim lekcijama tokom emotivnog sazrevanja, pre svega <strong>kako ne mo\u017eemo stalno da budemo sre\u0107ni, kao i na to da tuga u na\u0161em emotivnom \u017eivotu ima veoma va\u017enu ulogu.<\/strong><\/p>\n<p>To je ta\u010dno. Ipak, iako kroz animaciju i u pojednostavljenom obliku, ovaj crtani tako\u0111e odra\u017eava neke od najva\u017enijih istina o tome \u0161ta zna\u010di biti \u010dovek, individua.<\/p>\n<div id=\"attachment_8888\" style=\"width: 1010px\" class=\"wp-caption aligncenter\"><a href=\"http:\/\/novakdjokovicfoundation.org\/wp-content\/uploads\/2015\/08\/baby-girl-in-tiger-suit-playing-with-colorful-ball.jpg\"><img loading=\"lazy\" decoding=\"async\" aria-describedby=\"caption-attachment-8888\" class=\"wp-image-8888 size-full\" src=\"http:\/\/novakdjokovicfoundation.org\/wp-content\/uploads\/2015\/08\/baby-girl-in-tiger-suit-playing-with-colorful-ball.jpg\" alt=\"\u201eU mojoj glavi\u201c \" width=\"1000\" height=\"667\" \/><\/a><p id=\"caption-attachment-8888\" class=\"wp-caption-text\">Copyright: Surne1shots<\/p><\/div>\n<p>Prva od njih je da,<strong> zapravo, ne postoji jedinstvena i objedinjena verzija na\u0161eg uma.<\/strong> Na\u0161 mozak nije mali svet pun antropomorfnih bi\u0107a, kao \u0161to je predstavljeno u crtanom filmu, ali se<strong> sastoji od vi\u0161e razli\u010ditih, \u010desto suprotstavljenih impulsa.<\/strong> <strong>Mi samo predstavljamo ono \u0161to nastane kada se ti impulsi slo\u017ee me\u0111usobno, zbir na\u0161ih psihi\u010dkih delova.<\/strong><\/p>\n<p>Ono \u0161to crtani film tako\u0111e otkriva je da je svaki od tih delova uma nestalan. Rajlina li\u010dnost predstavljena je nizom ostrva koja odra\u017eavaju ono \u0161to je njoj najva\u017enije: prijateljstvo, iskrenost, porodica, glupost, hokej. Ipak, kako joj \u017eivot postaje komplikovan preseljenjem u novi grad, svako od tih ostrva samo \u0161to se ne sru\u0161i. To je upravo ono \u0161to se de\u0161ava u stvarnom \u017eivotu: <span style=\"color: #3366ff;\"><strong>kako odrastamo i menjamo se, \u017eivot uzima svoj danak, neke stvari koje nam najvi\u0161e zna\u010de \u0107e pre\u017eiveti, druge \u0107e izbledeti, a nove \u0107e do\u0107i na njihovo mesto.<\/strong><\/span><\/p>\n<p><strong>Tre\u0107i klju\u010dni element u razumevanju sebe je da je pam\u0107enje ono \u0161to sve ove stvari dr\u017ei na\u00a0okupu.<\/strong> U po\u010detku, sti\u010de se utisak da \u0107e crtani film to vi\u0161e nego pojednostaviti, predstavljaju\u0107i uspomene kao male filmove, iskustva koja su zabele\u017eena, sa\u010duvana i reprodukovana. Ipak, kako radnja crta\u0107a odmi\u010de, radnja se komplikuje. <strong>Postaje jasno da se mnoge uspomene jednostavno izgube, \u010dak i one koje su nekada bile najdragocenije, dok druge menjaju svoj karakter, ba\u0161 kao i mi sami.<\/strong> Kako bi uspomene mogle da obave svoju funkciju, potrebno je da se neguju i razumeju.<\/p>\n<p>Osim toga, crtani film daje sliku na\u0161eg uma predstavljaju\u0107i ga kao mesto koje misli i emocije povezuje u jednu pri\u010du, ali gde ni\u0161ta nije trajno i nepromenljivo u svojoj sr\u017ei. <strong>Mi se stalno kre\u0107emo, i uvek smo u procesu izrastanja iz onoga \u0161to smo nekada bili u ono \u0161to \u0107emo tek da postanemo.<\/strong><\/p>\n<p>Pretvoriti takvu temu u crtani film nije bilo previ\u0161e te\u0161ko jer su deca u mnogo \u010demu osetljivija i prijem\u010divija na ovu poruku nego odrasli. <span style=\"color: #3366ff;\"><strong>Deca se tako brzo menjaju, da su mo\u017eda u stanju da shvate ideju prolaznosti lak\u0161e nego odrasli, \u010dija sposobnost sagledavanja sebe \u010desto vremenom nestaje ili slabi.<\/strong> <\/span>Deca nemaju taj problem da zamisle da \u0107e kada odrastu biti sasvim druga\u010diji, dok odrasli smatraju da su ostali zarobljeni u osobi u koju su izrasli.<\/p>\n<div id=\"attachment_8889\" style=\"width: 1010px\" class=\"wp-caption aligncenter\"><a href=\"http:\/\/novakdjokovicfoundation.org\/wp-content\/uploads\/2015\/08\/babies-3d-glasses-home-cinema.jpg\"><img loading=\"lazy\" decoding=\"async\" aria-describedby=\"caption-attachment-8889\" class=\"wp-image-8889 size-full\" src=\"http:\/\/novakdjokovicfoundation.org\/wp-content\/uploads\/2015\/08\/babies-3d-glasses-home-cinema.jpg\" alt=\"\u201eU mojoj glavi\u201c \" width=\"1000\" height=\"621\" \/><\/a><p id=\"caption-attachment-8889\" class=\"wp-caption-text\">Copyright: Inara Prusakova<\/p><\/div>\n<p>Najbolji de\u010dji filmovi \u010desto slu\u017ee u dve svrhe. Oni poma\u017eu mali\u0161anima da lep\u0161e i lak\u0161e odrastaju, ali tako\u0111e podse\u0107aju mame i tate na to \u0161ta su izgubili na tom putu odrastanja. \u201eU mojoj glavi\u201c je na izvanredan na\u010din uspeo da ispuni obe svrhe.<\/p>\n<p><strong> Izvor: <a href=\"\/\/www.theguardian.com\/film\/filmblog\/2015\/jul\/27\/inside-out-philosophical-mind-pixar-philosophy\" target=\"_blank\" rel=\"noopener\"><span style=\"color: #ff0000;\">www.theguardian.com<\/span><\/a><\/strong><\/p>\n","protected":false},"excerpt":{"rendered":"<p>Crtani film \u201eU mojoj glavi\u201c je svojevrstan ubrzani kurs iz filozofije o ljudskom umu u kojem \u0107e deca najvi\u0161e u\u017eivati.<\/p>\n","protected":false},"author":5,"featured_media":0,"comment_status":"open","ping_status":"open","sticky":false,"template":"","format":"standard","meta":{"_acf_changed":false,"footnotes":""},"categories":[20,10],"tags":[],"class_list":["post-15836","post","type-post","status-publish","format-standard","hentry","category-blog-posts","category-rana-podrska"],"acf":[],"yoast_head":"<!-- This site is optimized with the Yoast SEO plugin v27.4 - https:\/\/yoast.com\/product\/yoast-seo-wordpress\/ -->\n<title>Da li ste se ikad zapitali \u0161ta se de\u0161ava u ne\u010dijoj glavi? - Novak Djokovic Foundation<\/title>\n<meta name=\"robots\" content=\"index, follow, max-snippet:-1, max-image-preview:large, max-video-preview:-1\" \/>\n<link rel=\"canonical\" href=\"https:\/\/novakdjokovicfoundation.org\/sr\/da-li-ste-se-ikad-zapitali-sta-se-desava-u-mojoj-glavi\/\" \/>\n<meta property=\"og:locale\" content=\"sr_RS\" \/>\n<meta property=\"og:type\" content=\"article\" \/>\n<meta property=\"og:title\" content=\"Da li ste se ikad zapitali \u0161ta se de\u0161ava u ne\u010dijoj glavi? - Novak Djokovic Foundation\" \/>\n<meta property=\"og:description\" content=\"Crtani film \u201eU mojoj glavi\u201c je svojevrstan ubrzani kurs iz filozofije o ljudskom umu u kojem \u0107e deca najvi\u0161e u\u017eivati.\" \/>\n<meta property=\"og:url\" content=\"https:\/\/novakdjokovicfoundation.org\/sr\/da-li-ste-se-ikad-zapitali-sta-se-desava-u-mojoj-glavi\/\" \/>\n<meta property=\"og:site_name\" content=\"Novak Djokovic Foundation\" \/>\n<meta property=\"article:publisher\" content=\"https:\/\/www.facebook.com\/NovakDjokovicFoundation\" \/>\n<meta property=\"article:published_time\" content=\"2015-08-09T00:00:00+00:00\" \/>\n<meta property=\"article:modified_time\" content=\"2023-03-21T12:18:00+00:00\" \/>\n<meta property=\"og:image\" content=\"http:\/\/novakdjokovicfoundation.org\/wp-content\/uploads\/2015\/08\/baby-girl-in-tiger-suit-playing-with-colorful-ball.jpg\" \/>\n<meta name=\"author\" content=\"NDFAuthors\" \/>\n<meta name=\"twitter:card\" content=\"summary_large_image\" \/>\n<meta name=\"twitter:creator\" content=\"@novakfoundation\" \/>\n<meta name=\"twitter:site\" content=\"@novakfoundation\" \/>\n<meta name=\"twitter:label1\" content=\"\u041d\u0430\u043f\u0438\u0441\u0430\u043d\u043e \u043e\u0434\" \/>\n\t<meta name=\"twitter:data1\" content=\"NDFAuthors\" \/>\n\t<meta name=\"twitter:label2\" content=\"\u041f\u0440\u043e\u0446\u0435\u045a\u0435\u043d\u043e \u0432\u0440\u0435\u043c\u0435 \u0447\u0438\u0442\u0430\u045a\u0430\" \/>\n\t<meta name=\"twitter:data2\" content=\"5 \u043c\u0438\u043d\u0443\u0442\u0430\" \/>\n<script type=\"application\/ld+json\" class=\"yoast-schema-graph\">{\"@context\":\"https:\\\/\\\/schema.org\",\"@graph\":[{\"@type\":\"Article\",\"@id\":\"https:\\\/\\\/novakdjokovicfoundation.org\\\/sr\\\/da-li-ste-se-ikad-zapitali-sta-se-desava-u-mojoj-glavi\\\/#article\",\"isPartOf\":{\"@id\":\"https:\\\/\\\/novakdjokovicfoundation.org\\\/sr\\\/da-li-ste-se-ikad-zapitali-sta-se-desava-u-mojoj-glavi\\\/\"},\"author\":{\"name\":\"NDFAuthors\",\"@id\":\"https:\\\/\\\/novakdjokovicfoundation.org\\\/#\\\/schema\\\/person\\\/92d439ce9f161db2227d88016babb26d\"},\"headline\":\"Da li ste se ikad zapitali \u0161ta se de\u0161ava u ne\u010dijoj glavi?\",\"datePublished\":\"2015-08-09T00:00:00+00:00\",\"dateModified\":\"2023-03-21T12:18:00+00:00\",\"mainEntityOfPage\":{\"@id\":\"https:\\\/\\\/novakdjokovicfoundation.org\\\/sr\\\/da-li-ste-se-ikad-zapitali-sta-se-desava-u-mojoj-glavi\\\/\"},\"wordCount\":984,\"commentCount\":0,\"publisher\":{\"@id\":\"https:\\\/\\\/novakdjokovicfoundation.org\\\/#organization\"},\"image\":{\"@id\":\"https:\\\/\\\/novakdjokovicfoundation.org\\\/sr\\\/da-li-ste-se-ikad-zapitali-sta-se-desava-u-mojoj-glavi\\\/#primaryimage\"},\"thumbnailUrl\":\"http:\\\/\\\/novakdjokovicfoundation.org\\\/wp-content\\\/uploads\\\/2015\\\/08\\\/baby-girl-in-tiger-suit-playing-with-colorful-ball.jpg\",\"articleSection\":[\"Blog posts\",\"Rana podr\u0161ka\"],\"inLanguage\":\"sr-RS\",\"potentialAction\":[{\"@type\":\"CommentAction\",\"name\":\"Comment\",\"target\":[\"https:\\\/\\\/novakdjokovicfoundation.org\\\/sr\\\/da-li-ste-se-ikad-zapitali-sta-se-desava-u-mojoj-glavi\\\/#respond\"]}]},{\"@type\":\"WebPage\",\"@id\":\"https:\\\/\\\/novakdjokovicfoundation.org\\\/sr\\\/da-li-ste-se-ikad-zapitali-sta-se-desava-u-mojoj-glavi\\\/\",\"url\":\"https:\\\/\\\/novakdjokovicfoundation.org\\\/sr\\\/da-li-ste-se-ikad-zapitali-sta-se-desava-u-mojoj-glavi\\\/\",\"name\":\"Da li ste se ikad zapitali \u0161ta se de\u0161ava u ne\u010dijoj glavi? - Novak Djokovic Foundation\",\"isPartOf\":{\"@id\":\"https:\\\/\\\/novakdjokovicfoundation.org\\\/#website\"},\"primaryImageOfPage\":{\"@id\":\"https:\\\/\\\/novakdjokovicfoundation.org\\\/sr\\\/da-li-ste-se-ikad-zapitali-sta-se-desava-u-mojoj-glavi\\\/#primaryimage\"},\"image\":{\"@id\":\"https:\\\/\\\/novakdjokovicfoundation.org\\\/sr\\\/da-li-ste-se-ikad-zapitali-sta-se-desava-u-mojoj-glavi\\\/#primaryimage\"},\"thumbnailUrl\":\"http:\\\/\\\/novakdjokovicfoundation.org\\\/wp-content\\\/uploads\\\/2015\\\/08\\\/baby-girl-in-tiger-suit-playing-with-colorful-ball.jpg\",\"datePublished\":\"2015-08-09T00:00:00+00:00\",\"dateModified\":\"2023-03-21T12:18:00+00:00\",\"breadcrumb\":{\"@id\":\"https:\\\/\\\/novakdjokovicfoundation.org\\\/sr\\\/da-li-ste-se-ikad-zapitali-sta-se-desava-u-mojoj-glavi\\\/#breadcrumb\"},\"inLanguage\":\"sr-RS\",\"potentialAction\":[{\"@type\":\"ReadAction\",\"target\":[\"https:\\\/\\\/novakdjokovicfoundation.org\\\/sr\\\/da-li-ste-se-ikad-zapitali-sta-se-desava-u-mojoj-glavi\\\/\"]}]},{\"@type\":\"ImageObject\",\"inLanguage\":\"sr-RS\",\"@id\":\"https:\\\/\\\/novakdjokovicfoundation.org\\\/sr\\\/da-li-ste-se-ikad-zapitali-sta-se-desava-u-mojoj-glavi\\\/#primaryimage\",\"url\":\"http:\\\/\\\/novakdjokovicfoundation.org\\\/wp-content\\\/uploads\\\/2015\\\/08\\\/baby-girl-in-tiger-suit-playing-with-colorful-ball.jpg\",\"contentUrl\":\"http:\\\/\\\/novakdjokovicfoundation.org\\\/wp-content\\\/uploads\\\/2015\\\/08\\\/baby-girl-in-tiger-suit-playing-with-colorful-ball.jpg\"},{\"@type\":\"BreadcrumbList\",\"@id\":\"https:\\\/\\\/novakdjokovicfoundation.org\\\/sr\\\/da-li-ste-se-ikad-zapitali-sta-se-desava-u-mojoj-glavi\\\/#breadcrumb\",\"itemListElement\":[{\"@type\":\"ListItem\",\"position\":1,\"name\":\"Home\",\"item\":\"https:\\\/\\\/novakdjokovicfoundation.org\\\/sr\\\/\"},{\"@type\":\"ListItem\",\"position\":2,\"name\":\"Da li ste se ikad zapitali \u0161ta se de\u0161ava u ne\u010dijoj glavi?\"}]},{\"@type\":\"WebSite\",\"@id\":\"https:\\\/\\\/novakdjokovicfoundation.org\\\/#website\",\"url\":\"https:\\\/\\\/novakdjokovicfoundation.org\\\/\",\"name\":\"Novak Djokovic Foundation\",\"description\":\"Believe in their dreams\",\"publisher\":{\"@id\":\"https:\\\/\\\/novakdjokovicfoundation.org\\\/#organization\"},\"potentialAction\":[{\"@type\":\"SearchAction\",\"target\":{\"@type\":\"EntryPoint\",\"urlTemplate\":\"https:\\\/\\\/novakdjokovicfoundation.org\\\/?s={search_term_string}\"},\"query-input\":{\"@type\":\"PropertyValueSpecification\",\"valueRequired\":true,\"valueName\":\"search_term_string\"}}],\"inLanguage\":\"sr-RS\"},{\"@type\":\"Organization\",\"@id\":\"https:\\\/\\\/novakdjokovicfoundation.org\\\/#organization\",\"name\":\"Novak Djokovic Foundation\",\"url\":\"https:\\\/\\\/novakdjokovicfoundation.org\\\/\",\"logo\":{\"@type\":\"ImageObject\",\"inLanguage\":\"sr-RS\",\"@id\":\"https:\\\/\\\/novakdjokovicfoundation.org\\\/#\\\/schema\\\/logo\\\/image\\\/\",\"url\":\"https:\\\/\\\/novakdjokovicfoundation.org\\\/wp-content\\\/uploads\\\/2024\\\/12\\\/NDF_Logo_BLUE.svg\",\"contentUrl\":\"https:\\\/\\\/novakdjokovicfoundation.org\\\/wp-content\\\/uploads\\\/2024\\\/12\\\/NDF_Logo_BLUE.svg\",\"width\":1,\"height\":1,\"caption\":\"Novak Djokovic Foundation\"},\"image\":{\"@id\":\"https:\\\/\\\/novakdjokovicfoundation.org\\\/#\\\/schema\\\/logo\\\/image\\\/\"},\"sameAs\":[\"https:\\\/\\\/www.facebook.com\\\/NovakDjokovicFoundation\",\"https:\\\/\\\/x.com\\\/novakfoundation\",\"https:\\\/\\\/www.instagram.com\\\/novakfoundation\"]},{\"@type\":\"Person\",\"@id\":\"https:\\\/\\\/novakdjokovicfoundation.org\\\/#\\\/schema\\\/person\\\/92d439ce9f161db2227d88016babb26d\",\"name\":\"NDFAuthors\",\"image\":{\"@type\":\"ImageObject\",\"inLanguage\":\"sr-RS\",\"@id\":\"https:\\\/\\\/secure.gravatar.com\\\/avatar\\\/a56dea238b3a98b3408ef9bffaa7226d71ec06e401c449ab94453fa6c470ef8c?s=96&d=mm&r=g\",\"url\":\"https:\\\/\\\/secure.gravatar.com\\\/avatar\\\/a56dea238b3a98b3408ef9bffaa7226d71ec06e401c449ab94453fa6c470ef8c?s=96&d=mm&r=g\",\"contentUrl\":\"https:\\\/\\\/secure.gravatar.com\\\/avatar\\\/a56dea238b3a98b3408ef9bffaa7226d71ec06e401c449ab94453fa6c470ef8c?s=96&d=mm&r=g\",\"caption\":\"NDFAuthors\"},\"url\":\"https:\\\/\\\/novakdjokovicfoundation.org\\\/sr\\\/author\\\/ndfauthors\\\/\"}]}<\/script>\n<!-- \/ Yoast SEO plugin. -->","yoast_head_json":{"title":"Da li ste se ikad zapitali \u0161ta se de\u0161ava u ne\u010dijoj glavi? - Novak Djokovic Foundation","robots":{"index":"index","follow":"follow","max-snippet":"max-snippet:-1","max-image-preview":"max-image-preview:large","max-video-preview":"max-video-preview:-1"},"canonical":"https:\/\/novakdjokovicfoundation.org\/sr\/da-li-ste-se-ikad-zapitali-sta-se-desava-u-mojoj-glavi\/","og_locale":"sr_RS","og_type":"article","og_title":"Da li ste se ikad zapitali \u0161ta se de\u0161ava u ne\u010dijoj glavi? - Novak Djokovic Foundation","og_description":"Crtani film \u201eU mojoj glavi\u201c je svojevrstan ubrzani kurs iz filozofije o ljudskom umu u kojem \u0107e deca najvi\u0161e u\u017eivati.","og_url":"https:\/\/novakdjokovicfoundation.org\/sr\/da-li-ste-se-ikad-zapitali-sta-se-desava-u-mojoj-glavi\/","og_site_name":"Novak Djokovic Foundation","article_publisher":"https:\/\/www.facebook.com\/NovakDjokovicFoundation","article_published_time":"2015-08-09T00:00:00+00:00","article_modified_time":"2023-03-21T12:18:00+00:00","og_image":[{"url":"http:\/\/novakdjokovicfoundation.org\/wp-content\/uploads\/2015\/08\/baby-girl-in-tiger-suit-playing-with-colorful-ball.jpg","type":"","width":"","height":""}],"author":"NDFAuthors","twitter_card":"summary_large_image","twitter_creator":"@novakfoundation","twitter_site":"@novakfoundation","twitter_misc":{"\u041d\u0430\u043f\u0438\u0441\u0430\u043d\u043e \u043e\u0434":"NDFAuthors","\u041f\u0440\u043e\u0446\u0435\u045a\u0435\u043d\u043e \u0432\u0440\u0435\u043c\u0435 \u0447\u0438\u0442\u0430\u045a\u0430":"5 \u043c\u0438\u043d\u0443\u0442\u0430"},"schema":{"@context":"https:\/\/schema.org","@graph":[{"@type":"Article","@id":"https:\/\/novakdjokovicfoundation.org\/sr\/da-li-ste-se-ikad-zapitali-sta-se-desava-u-mojoj-glavi\/#article","isPartOf":{"@id":"https:\/\/novakdjokovicfoundation.org\/sr\/da-li-ste-se-ikad-zapitali-sta-se-desava-u-mojoj-glavi\/"},"author":{"name":"NDFAuthors","@id":"https:\/\/novakdjokovicfoundation.org\/#\/schema\/person\/92d439ce9f161db2227d88016babb26d"},"headline":"Da li ste se ikad zapitali \u0161ta se de\u0161ava u ne\u010dijoj glavi?","datePublished":"2015-08-09T00:00:00+00:00","dateModified":"2023-03-21T12:18:00+00:00","mainEntityOfPage":{"@id":"https:\/\/novakdjokovicfoundation.org\/sr\/da-li-ste-se-ikad-zapitali-sta-se-desava-u-mojoj-glavi\/"},"wordCount":984,"commentCount":0,"publisher":{"@id":"https:\/\/novakdjokovicfoundation.org\/#organization"},"image":{"@id":"https:\/\/novakdjokovicfoundation.org\/sr\/da-li-ste-se-ikad-zapitali-sta-se-desava-u-mojoj-glavi\/#primaryimage"},"thumbnailUrl":"http:\/\/novakdjokovicfoundation.org\/wp-content\/uploads\/2015\/08\/baby-girl-in-tiger-suit-playing-with-colorful-ball.jpg","articleSection":["Blog posts","Rana podr\u0161ka"],"inLanguage":"sr-RS","potentialAction":[{"@type":"CommentAction","name":"Comment","target":["https:\/\/novakdjokovicfoundation.org\/sr\/da-li-ste-se-ikad-zapitali-sta-se-desava-u-mojoj-glavi\/#respond"]}]},{"@type":"WebPage","@id":"https:\/\/novakdjokovicfoundation.org\/sr\/da-li-ste-se-ikad-zapitali-sta-se-desava-u-mojoj-glavi\/","url":"https:\/\/novakdjokovicfoundation.org\/sr\/da-li-ste-se-ikad-zapitali-sta-se-desava-u-mojoj-glavi\/","name":"Da li ste se ikad zapitali \u0161ta se de\u0161ava u ne\u010dijoj glavi? - Novak Djokovic Foundation","isPartOf":{"@id":"https:\/\/novakdjokovicfoundation.org\/#website"},"primaryImageOfPage":{"@id":"https:\/\/novakdjokovicfoundation.org\/sr\/da-li-ste-se-ikad-zapitali-sta-se-desava-u-mojoj-glavi\/#primaryimage"},"image":{"@id":"https:\/\/novakdjokovicfoundation.org\/sr\/da-li-ste-se-ikad-zapitali-sta-se-desava-u-mojoj-glavi\/#primaryimage"},"thumbnailUrl":"http:\/\/novakdjokovicfoundation.org\/wp-content\/uploads\/2015\/08\/baby-girl-in-tiger-suit-playing-with-colorful-ball.jpg","datePublished":"2015-08-09T00:00:00+00:00","dateModified":"2023-03-21T12:18:00+00:00","breadcrumb":{"@id":"https:\/\/novakdjokovicfoundation.org\/sr\/da-li-ste-se-ikad-zapitali-sta-se-desava-u-mojoj-glavi\/#breadcrumb"},"inLanguage":"sr-RS","potentialAction":[{"@type":"ReadAction","target":["https:\/\/novakdjokovicfoundation.org\/sr\/da-li-ste-se-ikad-zapitali-sta-se-desava-u-mojoj-glavi\/"]}]},{"@type":"ImageObject","inLanguage":"sr-RS","@id":"https:\/\/novakdjokovicfoundation.org\/sr\/da-li-ste-se-ikad-zapitali-sta-se-desava-u-mojoj-glavi\/#primaryimage","url":"http:\/\/novakdjokovicfoundation.org\/wp-content\/uploads\/2015\/08\/baby-girl-in-tiger-suit-playing-with-colorful-ball.jpg","contentUrl":"http:\/\/novakdjokovicfoundation.org\/wp-content\/uploads\/2015\/08\/baby-girl-in-tiger-suit-playing-with-colorful-ball.jpg"},{"@type":"BreadcrumbList","@id":"https:\/\/novakdjokovicfoundation.org\/sr\/da-li-ste-se-ikad-zapitali-sta-se-desava-u-mojoj-glavi\/#breadcrumb","itemListElement":[{"@type":"ListItem","position":1,"name":"Home","item":"https:\/\/novakdjokovicfoundation.org\/sr\/"},{"@type":"ListItem","position":2,"name":"Da li ste se ikad zapitali \u0161ta se de\u0161ava u ne\u010dijoj glavi?"}]},{"@type":"WebSite","@id":"https:\/\/novakdjokovicfoundation.org\/#website","url":"https:\/\/novakdjokovicfoundation.org\/","name":"Novak Djokovic Foundation","description":"Believe in their dreams","publisher":{"@id":"https:\/\/novakdjokovicfoundation.org\/#organization"},"potentialAction":[{"@type":"SearchAction","target":{"@type":"EntryPoint","urlTemplate":"https:\/\/novakdjokovicfoundation.org\/?s={search_term_string}"},"query-input":{"@type":"PropertyValueSpecification","valueRequired":true,"valueName":"search_term_string"}}],"inLanguage":"sr-RS"},{"@type":"Organization","@id":"https:\/\/novakdjokovicfoundation.org\/#organization","name":"Novak Djokovic Foundation","url":"https:\/\/novakdjokovicfoundation.org\/","logo":{"@type":"ImageObject","inLanguage":"sr-RS","@id":"https:\/\/novakdjokovicfoundation.org\/#\/schema\/logo\/image\/","url":"https:\/\/novakdjokovicfoundation.org\/wp-content\/uploads\/2024\/12\/NDF_Logo_BLUE.svg","contentUrl":"https:\/\/novakdjokovicfoundation.org\/wp-content\/uploads\/2024\/12\/NDF_Logo_BLUE.svg","width":1,"height":1,"caption":"Novak Djokovic Foundation"},"image":{"@id":"https:\/\/novakdjokovicfoundation.org\/#\/schema\/logo\/image\/"},"sameAs":["https:\/\/www.facebook.com\/NovakDjokovicFoundation","https:\/\/x.com\/novakfoundation","https:\/\/www.instagram.com\/novakfoundation"]},{"@type":"Person","@id":"https:\/\/novakdjokovicfoundation.org\/#\/schema\/person\/92d439ce9f161db2227d88016babb26d","name":"NDFAuthors","image":{"@type":"ImageObject","inLanguage":"sr-RS","@id":"https:\/\/secure.gravatar.com\/avatar\/a56dea238b3a98b3408ef9bffaa7226d71ec06e401c449ab94453fa6c470ef8c?s=96&d=mm&r=g","url":"https:\/\/secure.gravatar.com\/avatar\/a56dea238b3a98b3408ef9bffaa7226d71ec06e401c449ab94453fa6c470ef8c?s=96&d=mm&r=g","contentUrl":"https:\/\/secure.gravatar.com\/avatar\/a56dea238b3a98b3408ef9bffaa7226d71ec06e401c449ab94453fa6c470ef8c?s=96&d=mm&r=g","caption":"NDFAuthors"},"url":"https:\/\/novakdjokovicfoundation.org\/sr\/author\/ndfauthors\/"}]}},"_links":{"self":[{"href":"https:\/\/novakdjokovicfoundation.org\/sr\/wp-json\/wp\/v2\/posts\/15836","targetHints":{"allow":["GET"]}}],"collection":[{"href":"https:\/\/novakdjokovicfoundation.org\/sr\/wp-json\/wp\/v2\/posts"}],"about":[{"href":"https:\/\/novakdjokovicfoundation.org\/sr\/wp-json\/wp\/v2\/types\/post"}],"author":[{"embeddable":true,"href":"https:\/\/novakdjokovicfoundation.org\/sr\/wp-json\/wp\/v2\/users\/5"}],"replies":[{"embeddable":true,"href":"https:\/\/novakdjokovicfoundation.org\/sr\/wp-json\/wp\/v2\/comments?post=15836"}],"version-history":[{"count":1,"href":"https:\/\/novakdjokovicfoundation.org\/sr\/wp-json\/wp\/v2\/posts\/15836\/revisions"}],"predecessor-version":[{"id":18710,"href":"https:\/\/novakdjokovicfoundation.org\/sr\/wp-json\/wp\/v2\/posts\/15836\/revisions\/18710"}],"wp:attachment":[{"href":"https:\/\/novakdjokovicfoundation.org\/sr\/wp-json\/wp\/v2\/media?parent=15836"}],"wp:term":[{"taxonomy":"category","embeddable":true,"href":"https:\/\/novakdjokovicfoundation.org\/sr\/wp-json\/wp\/v2\/categories?post=15836"},{"taxonomy":"post_tag","embeddable":true,"href":"https:\/\/novakdjokovicfoundation.org\/sr\/wp-json\/wp\/v2\/tags?post=15836"}],"curies":[{"name":"wp","href":"https:\/\/api.w.org\/{rel}","templated":true}]}}