{"id":15781,"date":"2014-12-24T00:00:00","date_gmt":"2014-12-24T00:00:00","guid":{"rendered":"https:\/\/novakdjokovicfoundation.org\/bozic-sirom-sveta\/"},"modified":"2014-12-24T00:00:00","modified_gmt":"2014-12-24T00:00:00","slug":"bozic-sirom-sveta","status":"publish","type":"post","link":"https:\/\/novakdjokovicfoundation.org\/sr\/bozic-sirom-sveta\/","title":{"rendered":"Bo\u017ei\u0107 \u0161irom sveta"},"content":{"rendered":"<p><i>Gde god da ste, neka bo\u017ei\u0107ni dani budu veseli i vedri, a 2015. godina spokojna i sre\u0107na za sve nas.<\/i><\/p>\n<p><!--more--><\/p>\n<p>Priznajem da sam totalni \u0161treber; volim ovo prazni\u010dno doba godine i svake bo\u017ei\u0107ne sezone okitim svoj dom u Londonu sa nekoliko figurica Deda Mraza, irvasa, scena ro\u0111enja Isusa Hrista (koje sam kupila u Ruandi, Izraelu i Mjanmaru) i u svom londonskom kom\u0161iluku uvek prva stavljam venac na ulazna vrata. \u010cak imam i lep natpis, ispisan predivnom crnom kaligrafijom, koji je oka\u010den na prozor, koji gleda na ulicu, i na kome pi\u0161e &#8211;\u00a0<i>Veruj<\/i>.<\/p>\n<p><a href=\"http:\/\/novakdjokovicfoundation.org\/wp-content\/uploads\/2014\/12\/christmas-decorations-light-background.jpg\"><img loading=\"lazy\" decoding=\"async\" class=\"aligncenter size-large wp-image-6279\" src=\"http:\/\/novakdjokovicfoundation.org\/wp-content\/uploads\/2014\/12\/christmas-decorations-light-background-508x338.jpg\" alt=\"christmas-decorations-light-background\" width=\"508\" height=\"338\" \/><\/a><\/p>\n<p>Verujem u mo\u0107 praznika, to doba godine kada su ljudi obi\u010dno veseliji i ljubazniji (osim kada se bore za poslednje televizore na rasprodaji u prodavnici tehnike\/ku\u0107nih aparata), sve izgleda nekako \u010darobnije i mirnije. Sre\u0107na sam \u0161to \u0107u ove godine, prvi put, imati priliku da zvani\u010dno proslavim Bo\u017ei\u0107 dva puta. Ka\u017eem zvani\u010dno zato \u0161to, iako ve\u0107 godinama slavim pravoslavni Bo\u017ei\u0107 sa ruskim i srpskim prijateljima u Londonu, ove godine \u0107u ga proslaviti sa suprugovom porodicom u Srbiji. Tako da \u0107u 25. decembar provesti sa svojom porodicom, a 7. januar sa njegovom, \u0161to zna\u010di da \u0107e biti zabavno dobiti duplo vi\u0161e prazni\u010dnog duha.<\/p>\n<p><a href=\"http:\/\/novakdjokovicfoundation.org\/wp-content\/uploads\/2014\/12\/boy-opening-christmas-presents.jpg\"><img loading=\"lazy\" decoding=\"async\" class=\"aligncenter size-large wp-image-6285\" src=\"http:\/\/novakdjokovicfoundation.org\/wp-content\/uploads\/2014\/12\/boy-opening-christmas-presents-508x338.jpg\" alt=\"boy-opening-christmas-presents\" width=\"508\" height=\"338\" \/><\/a><\/p>\n<p>U Srbiji \u0107emo i\u0107i na misu kao \u0161to to rade mnoge srpske pravoslavne porodice (najverovatnije u prelepi manastir \u017di\u010da u Kraljevu, gde su se tokom istorije krunisali kraljevi Srbije). Tradicionalno, na Badnje ve\u010de, najstariji mu\u0161karac u ku\u0107i donese komad ili granu hrasta (badnjak) i stavi na pod. Razli\u010diti porodice imaju i razli\u010dite obi\u010daje \u0161to se ti\u010de badnjaka, neke sipaju vino po njemu i daju blagoslov, dok druge imaju ceo obred pozdravljanja, ostajanja do kasno u no\u0107 dok badnjak gori i tako dalje. Naramci slame se, tako\u0111e, stavljaju na pod kako bi predstavljali jasle u Vitlejemu. Onda, koliko znam, prekidamo post i jedemo ogromne koli\u010dine hrane.<\/p>\n<p><a href=\"http:\/\/novakdjokovicfoundation.org\/wp-content\/uploads\/2014\/12\/shutterstock_116233483.jpg\"><img loading=\"lazy\" decoding=\"async\" class=\"aligncenter size-large wp-image-6281\" src=\"http:\/\/novakdjokovicfoundation.org\/wp-content\/uploads\/2014\/12\/shutterstock_116233483-508x338.jpg\" alt=\"shutterstock_116233483\" width=\"508\" height=\"338\" \/><\/a><\/p>\n<p>U Sjedinjenim Dr\u017eavama, gde sam odrasla, iako nemamo obi\u010daje koji se ti\u010du slame i drve\u0107a, pripremamo hranu za Deda Mraza i njegove irvase. Kao dete sam obo\u017eavala ideju pe\u010denja kola\u010di\u0107a za Deda Mraza, pitaju\u0107i se koja vrsta bi mu bila omiljena. Se\u0107am se da je, jedne godine, jedan od kola\u010di\u0107a bio do pola pojeden. To je bio siguran dokaz da \u00a0je veseli \u010dovek obu\u010den u crveno bio u ku\u0107i. Ove godine \u0107u biti sa svojom porodicom u Njujorku, gradu koji posebno o\u017eivi za praznike. Od ogromnog bo\u017ei\u0107nog drveta ispred \u201cRokfeler centra\u201d do ko\u010dija ukra\u0161enih vencima i ukrasima, a koje vuku konji kroz, i oko, Central parka, nemogu\u0107e je ne u\u017eiveti se u prazni\u010dni duh. Mada se Bo\u017ei\u0107 u mnogim anglosaksonskim zemljama na mnoge na\u010dine sveo na potro\u0161nju novca (bacite pogled na \u201eWilliams-Sonoma\u201d katalog, na primer), po meni ima ne\u010dega ute\u0161nog u slu\u0161anju veselih i sentimentalnih prazni\u010dnih pesama koje pu\u0161taju na svim mestima, od Starbaksa do \u201cSears\u201d-a.<\/p>\n<p><a href=\"http:\/\/novakdjokovicfoundation.org\/wp-content\/uploads\/2014\/12\/christmas-wreath.jpg\"><img loading=\"lazy\" decoding=\"async\" class=\"aligncenter size-large wp-image-6287\" src=\"http:\/\/novakdjokovicfoundation.org\/wp-content\/uploads\/2014\/12\/christmas-wreath-508x362.jpg\" alt=\"christmas-wreath\" width=\"508\" height=\"362\" \/><\/a><\/p>\n<p>Jednom sam provela Bo\u017ei\u0107 na ran\u010du ovaca na Novom Zelandu, to je bio prvi, i poslednji, put da nisam bila u Sjedinjenim Dr\u017eavama za 25. decembar, proveli smo jutro sa psima ov\u010darima, gledaju\u0107i kako okupljaju i teraju u tor ovce na obli\u017enjim poljima. Nakon velikog prazni\u010dnog ru\u010dka, na kome je poslu\u017eena jagnjetina, \u201cChristmas crackers\u201d (koji su, u stvari, urolani papiri sa malim poslasticama ili nagradama, a otvaraju se tako \u0161to se naglo povuku oba kraja istovremeno), i ukusne torte, oti\u0161li smo u dugu \u0161etnju. Ovo je, tako\u0111e, obi\u010daj u Engleskoj, \u0160kotskoj i Velsu, gde posle velikog prazni\u010dnog obroka (nakon \u0161to su sva deca otvorila svoje poklone od Deda Mraza &#8211; Father Christmas), porodica krene u dugu \u0161etnju u prirodi, kroz grad ili selo.<\/p>\n<p><a href=\"http:\/\/novakdjokovicfoundation.org\/wp-content\/uploads\/2014\/12\/christmas-tree-light-background.jpg\"><img loading=\"lazy\" decoding=\"async\" class=\"aligncenter size-large wp-image-6278\" src=\"http:\/\/novakdjokovicfoundation.org\/wp-content\/uploads\/2014\/12\/christmas-tree-light-background-508x339.jpg\" alt=\"christmas-tree-light-background\" width=\"508\" height=\"339\" \/><\/a><\/p>\n<p>Oduvek sam \u017eelela da za vreme praznika odem u Laponiju u Finskoj jer, iako znam da je kli\u0161e, tamo postoji \u010ditava turisti\u010dka industrija posve\u0107ena obilasku \u201cBo\u017ei\u0107ne zemlje\u201d. U Finskoj se Deda Mraz zove \u201cJoulupukki\u201d, a pro\u010ditala sam da to zna\u010di \u201cBo\u017ei\u0107ni jarac\u201d i odnosi se na staru legendu koja ka\u017ee da je prili\u010dno stra\u0161an jarac tokom prazni\u010dne sezone tra\u017eio od ljudi poklone (ovo se kasnije pomenilo u jarca koji ljudima daje poklone, \u0161to se na kraju pretvorilo u li\u010dnost nalik Deda Mrazu). Badnje ve\u010de je u Finskoj va\u017enije \u010dak i od dana kada je Bo\u017ei\u0107, porodice zajedno doru\u010dkuju ka\u0161u od pirin\u010da i sok od \u0161ljiva. Bo\u017ei\u0107no drvo se onda, nakon dosta cenkanja sa prodavcem, unosi u ku\u0107u i ukra\u0161ava sijalicama i ukrasima.<\/p>\n<p><a href=\"http:\/\/novakdjokovicfoundation.org\/wp-content\/uploads\/2014\/12\/shutterstock_120886714.jpg\"><img loading=\"lazy\" decoding=\"async\" class=\"aligncenter size-large wp-image-6283\" src=\"http:\/\/novakdjokovicfoundation.org\/wp-content\/uploads\/2014\/12\/shutterstock_120886714-508x338.jpg\" alt=\"shutterstock_120886714\" width=\"508\" height=\"338\" \/><\/a><\/p>\n<p>U Poljskoj, zemlji u kojoj sam povremeno \u017eivela \u00a0du\u017ee od jedne decenije, bo\u017ei\u0107ni period predstavlja veliko godi\u0161nje slavlje. Poljaci peku ukrase od kola\u010d sa \u0111umbirom \u00a0(piernik) i to u raznim oblicima, od lika Svetog Nikole (\u00c5\u0161wi\u0110\u2122ty Miko\u00c5\u201aaj) do \u017eivotinja i srca. \u201e\u00c5\u0161wi\u0110\u2122ty Miko\u00c5\u201aaj\u201d\u00a0zapravo ne igra tako va\u017enu bo\u017ei\u0107nu ulogu kao \u0161to je to slu\u010daj sa zemljama kao \u0161to su Sjedinjene Dr\u017eave, Ujedinjeno Kraljevstvo i Australija, ve\u0107 se slavi na njegov dan svetaca, koji je 6. decembra. Kao i u mnogim drugim zemljama, Badnje ve\u010de je dan posta i post po\u010dinje tek kad se na nebu ugleda prva zvezda. Crveno meso se ne slu\u017ei, ali je u skoro svakom domu \u0161aran va\u017ean deo obroka. Mnoge porodice se, tako\u0111e, vode sujeverjem da za stolom mora da sedi paran broj osoba dok je slobodno mesto ostavljeno za usamljenog putnika u potrazi za hranom. Prona\u0161la sam interesantan sajt\u00a0<a href=\"http:\/\/polishchristmasguide.com\/\">polishchristmasguide.com<\/a>, koji pru\u017ea zabavan interaktivni pregled toga kako se praznici slave u ovoj, ve\u0107im delom katoli\u010dkoj zemlji.<\/p>\n<p><a href=\"http:\/\/novakdjokovicfoundation.org\/wp-content\/uploads\/2014\/12\/reindeer-cookies.jpg\"><img loading=\"lazy\" decoding=\"async\" class=\"aligncenter size-large wp-image-6277\" src=\"http:\/\/novakdjokovicfoundation.org\/wp-content\/uploads\/2014\/12\/reindeer-cookies-508x338.jpg\" alt=\"reindeer-cookies\" width=\"508\" height=\"338\" \/><\/a><\/p>\n<p>U Argentini, ju\u017enoameri\u010dkoj zemlji sa jakim evropskim korenima, pripreme za Bo\u017ei\u0107 po\u010dinju rano u decembru, i ku\u0107e se ukra\u0161avaju ne samo sijalicama, ve\u0107 i cvetnim vencima u raznim bojama, kao \u0161to su zlatna, crvena i zelena. Porodice \u010desto kite Bo\u017ei\u0107no drvo 8. Decembra (na dan praznika Bezgre\u0161nog za\u010de\u0107a). Vatromet i \u201cglobos\u201d (papirni baloni koji se upale i puste da lete u vazduhu) igraju va\u017enu ulogu u proslavama za decu i, za razliku od dece u Severnoj Americi i mnogom anglosaksonskim zamljama, ona ne dobijaju poklone na Badnje ve\u010de ili Bo\u017ei\u0107no jutro, ve\u0107 6. januara. Ve\u010de pred praznik Tri kralja ili mudraca\/Bogojavljenje (D\u00c3\u00ada de Reyes), deca ostavljaju svoje cipele ispred ku\u0107e, u nadi da \u0107e, kad se probude, biti prepune poklona. Deca, tako\u0111e, ostavljaju seno i vodu za konje tri mudraca.<\/p>\n<p><a href=\"http:\/\/novakdjokovicfoundation.org\/wp-content\/uploads\/2014\/12\/mother-and-children-christmas-eve.jpg\"><img loading=\"lazy\" decoding=\"async\" class=\"aligncenter size-large wp-image-6286\" src=\"http:\/\/novakdjokovicfoundation.org\/wp-content\/uploads\/2014\/12\/mother-and-children-christmas-eve-508x337.jpg\" alt=\"mother-and-children-christmas-eve\" width=\"508\" height=\"337\" \/><\/a><\/p>\n<p>U Etiopiji se Bo\u017ei\u0107, kao i u Srbiji i Rusiji, slavi 7. januara. Na Bo\u017ei\u0107no jutro (Ganna), porodice se obla\u010de u belo i idu u crkvu. Svi koji prisustvuju misi dobijaju sve\u0107u i svi prisutni onda hodaju oko crkve tri puta u povorci svetlosti i i dubokog razmi\u0161ljanja. Tako je do po\u010detka igre \u201cGanna\u201d (nazvane po prazniku). To je brza igra koji mu\u0161karci igraju uz pomo\u0107 palica i lopti, a sli\u010dna je hokeju. Dvanaest dana nakon Bo\u017ei\u0107a, 19. januara, Etiopljani zapo\u010dinju trodnevnu proslavu \u201cTimkat\u201d, kako bi proslavili kr\u0161tenje Isusa. Deca nose krune i hodaju u povorci do crkve.<\/p>\n<p><a href=\"http:\/\/novakdjokovicfoundation.org\/wp-content\/uploads\/2014\/12\/christmas-trinkets.jpg\"><img loading=\"lazy\" decoding=\"async\" class=\"aligncenter size-large wp-image-6280\" src=\"http:\/\/novakdjokovicfoundation.org\/wp-content\/uploads\/2014\/12\/christmas-trinkets-508x338.jpg\" alt=\"christmas-trinkets\" width=\"508\" height=\"338\" \/><\/a><\/p>\n<p>Zanimljivo je istra\u017eivati na koje sve na\u010dine hri\u0161\u0107ani \u0161irom sveta proslavljaju Bo\u017ei\u0107nu sezonu. Ipak, bez obzira na to odakle ste, i koja verovanja (ne)proslavljate, \u017eelim vam da vam dani budu veseli i vedri i molim se da 2015. godina bude spokojna i sre\u0107na za sve nas.<\/p>\n","protected":false},"excerpt":{"rendered":"<p>Gde god da ste, neka bo\u017ei\u0107ni dani budu veseli i vedri, a 2015. godina spokojna i sre\u0107na za sve nas.<\/p>\n","protected":false},"author":5,"featured_media":15638,"comment_status":"open","ping_status":"open","sticky":false,"template":"","format":"standard","meta":{"_acf_changed":false,"footnotes":""},"categories":[10],"tags":[],"class_list":["post-15781","post","type-post","status-publish","format-standard","has-post-thumbnail","hentry","category-rana-podrska"],"acf":[],"yoast_head":"<!-- This site is optimized with the Yoast SEO plugin v27.4 - https:\/\/yoast.com\/product\/yoast-seo-wordpress\/ -->\n<title>Bo\u017ei\u0107 \u0161irom sveta - Novak Djokovic Foundation<\/title>\n<meta name=\"robots\" content=\"index, follow, max-snippet:-1, max-image-preview:large, max-video-preview:-1\" \/>\n<link rel=\"canonical\" href=\"https:\/\/novakdjokovicfoundation.org\/sr\/bozic-sirom-sveta\/\" \/>\n<meta property=\"og:locale\" content=\"sr_RS\" \/>\n<meta property=\"og:type\" content=\"article\" \/>\n<meta property=\"og:title\" content=\"Bo\u017ei\u0107 \u0161irom sveta - Novak Djokovic Foundation\" \/>\n<meta property=\"og:description\" content=\"Gde god da ste, neka bo\u017ei\u0107ni dani budu veseli i vedri, a 2015. godina spokojna i sre\u0107na za sve nas.\" \/>\n<meta property=\"og:url\" content=\"https:\/\/novakdjokovicfoundation.org\/sr\/bozic-sirom-sveta\/\" \/>\n<meta property=\"og:site_name\" content=\"Novak Djokovic Foundation\" \/>\n<meta property=\"article:publisher\" content=\"https:\/\/www.facebook.com\/NovakDjokovicFoundation\" \/>\n<meta property=\"article:published_time\" content=\"2014-12-24T00:00:00+00:00\" \/>\n<meta property=\"og:image\" content=\"https:\/\/novakdjokovicfoundation.org\/wp-content\/uploads\/2023\/01\/santa-clause-snow-1-3.jpg\" \/>\n\t<meta property=\"og:image:width\" content=\"1000\" \/>\n\t<meta property=\"og:image:height\" content=\"667\" \/>\n\t<meta property=\"og:image:type\" content=\"image\/jpeg\" \/>\n<meta name=\"author\" content=\"NDFAuthors\" \/>\n<meta name=\"twitter:card\" content=\"summary_large_image\" \/>\n<meta name=\"twitter:creator\" content=\"@novakfoundation\" \/>\n<meta name=\"twitter:site\" content=\"@novakfoundation\" \/>\n<meta name=\"twitter:label1\" content=\"\u041d\u0430\u043f\u0438\u0441\u0430\u043d\u043e \u043e\u0434\" \/>\n\t<meta name=\"twitter:data1\" content=\"NDFAuthors\" \/>\n\t<meta name=\"twitter:label2\" content=\"\u041f\u0440\u043e\u0446\u0435\u045a\u0435\u043d\u043e \u0432\u0440\u0435\u043c\u0435 \u0447\u0438\u0442\u0430\u045a\u0430\" \/>\n\t<meta name=\"twitter:data2\" content=\"6 \u043c\u0438\u043d\u0443\u0442\u0430\" \/>\n<script type=\"application\/ld+json\" class=\"yoast-schema-graph\">{\"@context\":\"https:\\\/\\\/schema.org\",\"@graph\":[{\"@type\":\"Article\",\"@id\":\"https:\\\/\\\/novakdjokovicfoundation.org\\\/sr\\\/bozic-sirom-sveta\\\/#article\",\"isPartOf\":{\"@id\":\"https:\\\/\\\/novakdjokovicfoundation.org\\\/sr\\\/bozic-sirom-sveta\\\/\"},\"author\":{\"name\":\"NDFAuthors\",\"@id\":\"https:\\\/\\\/novakdjokovicfoundation.org\\\/#\\\/schema\\\/person\\\/92d439ce9f161db2227d88016babb26d\"},\"headline\":\"Bo\u017ei\u0107 \u0161irom sveta\",\"datePublished\":\"2014-12-24T00:00:00+00:00\",\"mainEntityOfPage\":{\"@id\":\"https:\\\/\\\/novakdjokovicfoundation.org\\\/sr\\\/bozic-sirom-sveta\\\/\"},\"wordCount\":1295,\"commentCount\":0,\"publisher\":{\"@id\":\"https:\\\/\\\/novakdjokovicfoundation.org\\\/#organization\"},\"image\":{\"@id\":\"https:\\\/\\\/novakdjokovicfoundation.org\\\/sr\\\/bozic-sirom-sveta\\\/#primaryimage\"},\"thumbnailUrl\":\"https:\\\/\\\/novakdjokovicfoundation.org\\\/wp-content\\\/uploads\\\/2023\\\/01\\\/santa-clause-snow-1-3.jpg\",\"articleSection\":[\"Rana podr\u0161ka\"],\"inLanguage\":\"sr-RS\",\"potentialAction\":[{\"@type\":\"CommentAction\",\"name\":\"Comment\",\"target\":[\"https:\\\/\\\/novakdjokovicfoundation.org\\\/sr\\\/bozic-sirom-sveta\\\/#respond\"]}]},{\"@type\":\"WebPage\",\"@id\":\"https:\\\/\\\/novakdjokovicfoundation.org\\\/sr\\\/bozic-sirom-sveta\\\/\",\"url\":\"https:\\\/\\\/novakdjokovicfoundation.org\\\/sr\\\/bozic-sirom-sveta\\\/\",\"name\":\"Bo\u017ei\u0107 \u0161irom sveta - Novak Djokovic Foundation\",\"isPartOf\":{\"@id\":\"https:\\\/\\\/novakdjokovicfoundation.org\\\/#website\"},\"primaryImageOfPage\":{\"@id\":\"https:\\\/\\\/novakdjokovicfoundation.org\\\/sr\\\/bozic-sirom-sveta\\\/#primaryimage\"},\"image\":{\"@id\":\"https:\\\/\\\/novakdjokovicfoundation.org\\\/sr\\\/bozic-sirom-sveta\\\/#primaryimage\"},\"thumbnailUrl\":\"https:\\\/\\\/novakdjokovicfoundation.org\\\/wp-content\\\/uploads\\\/2023\\\/01\\\/santa-clause-snow-1-3.jpg\",\"datePublished\":\"2014-12-24T00:00:00+00:00\",\"breadcrumb\":{\"@id\":\"https:\\\/\\\/novakdjokovicfoundation.org\\\/sr\\\/bozic-sirom-sveta\\\/#breadcrumb\"},\"inLanguage\":\"sr-RS\",\"potentialAction\":[{\"@type\":\"ReadAction\",\"target\":[\"https:\\\/\\\/novakdjokovicfoundation.org\\\/sr\\\/bozic-sirom-sveta\\\/\"]}]},{\"@type\":\"ImageObject\",\"inLanguage\":\"sr-RS\",\"@id\":\"https:\\\/\\\/novakdjokovicfoundation.org\\\/sr\\\/bozic-sirom-sveta\\\/#primaryimage\",\"url\":\"https:\\\/\\\/novakdjokovicfoundation.org\\\/wp-content\\\/uploads\\\/2023\\\/01\\\/santa-clause-snow-1-3.jpg\",\"contentUrl\":\"https:\\\/\\\/novakdjokovicfoundation.org\\\/wp-content\\\/uploads\\\/2023\\\/01\\\/santa-clause-snow-1-3.jpg\",\"width\":1000,\"height\":667},{\"@type\":\"BreadcrumbList\",\"@id\":\"https:\\\/\\\/novakdjokovicfoundation.org\\\/sr\\\/bozic-sirom-sveta\\\/#breadcrumb\",\"itemListElement\":[{\"@type\":\"ListItem\",\"position\":1,\"name\":\"Home\",\"item\":\"https:\\\/\\\/novakdjokovicfoundation.org\\\/sr\\\/\"},{\"@type\":\"ListItem\",\"position\":2,\"name\":\"Bo\u017ei\u0107 \u0161irom sveta\"}]},{\"@type\":\"WebSite\",\"@id\":\"https:\\\/\\\/novakdjokovicfoundation.org\\\/#website\",\"url\":\"https:\\\/\\\/novakdjokovicfoundation.org\\\/\",\"name\":\"Novak Djokovic Foundation\",\"description\":\"Believe in their dreams\",\"publisher\":{\"@id\":\"https:\\\/\\\/novakdjokovicfoundation.org\\\/#organization\"},\"potentialAction\":[{\"@type\":\"SearchAction\",\"target\":{\"@type\":\"EntryPoint\",\"urlTemplate\":\"https:\\\/\\\/novakdjokovicfoundation.org\\\/?s={search_term_string}\"},\"query-input\":{\"@type\":\"PropertyValueSpecification\",\"valueRequired\":true,\"valueName\":\"search_term_string\"}}],\"inLanguage\":\"sr-RS\"},{\"@type\":\"Organization\",\"@id\":\"https:\\\/\\\/novakdjokovicfoundation.org\\\/#organization\",\"name\":\"Novak Djokovic Foundation\",\"url\":\"https:\\\/\\\/novakdjokovicfoundation.org\\\/\",\"logo\":{\"@type\":\"ImageObject\",\"inLanguage\":\"sr-RS\",\"@id\":\"https:\\\/\\\/novakdjokovicfoundation.org\\\/#\\\/schema\\\/logo\\\/image\\\/\",\"url\":\"https:\\\/\\\/novakdjokovicfoundation.org\\\/wp-content\\\/uploads\\\/2024\\\/12\\\/NDF_Logo_BLUE.svg\",\"contentUrl\":\"https:\\\/\\\/novakdjokovicfoundation.org\\\/wp-content\\\/uploads\\\/2024\\\/12\\\/NDF_Logo_BLUE.svg\",\"width\":1,\"height\":1,\"caption\":\"Novak Djokovic Foundation\"},\"image\":{\"@id\":\"https:\\\/\\\/novakdjokovicfoundation.org\\\/#\\\/schema\\\/logo\\\/image\\\/\"},\"sameAs\":[\"https:\\\/\\\/www.facebook.com\\\/NovakDjokovicFoundation\",\"https:\\\/\\\/x.com\\\/novakfoundation\",\"https:\\\/\\\/www.instagram.com\\\/novakfoundation\"]},{\"@type\":\"Person\",\"@id\":\"https:\\\/\\\/novakdjokovicfoundation.org\\\/#\\\/schema\\\/person\\\/92d439ce9f161db2227d88016babb26d\",\"name\":\"NDFAuthors\",\"image\":{\"@type\":\"ImageObject\",\"inLanguage\":\"sr-RS\",\"@id\":\"https:\\\/\\\/secure.gravatar.com\\\/avatar\\\/a56dea238b3a98b3408ef9bffaa7226d71ec06e401c449ab94453fa6c470ef8c?s=96&d=mm&r=g\",\"url\":\"https:\\\/\\\/secure.gravatar.com\\\/avatar\\\/a56dea238b3a98b3408ef9bffaa7226d71ec06e401c449ab94453fa6c470ef8c?s=96&d=mm&r=g\",\"contentUrl\":\"https:\\\/\\\/secure.gravatar.com\\\/avatar\\\/a56dea238b3a98b3408ef9bffaa7226d71ec06e401c449ab94453fa6c470ef8c?s=96&d=mm&r=g\",\"caption\":\"NDFAuthors\"},\"url\":\"https:\\\/\\\/novakdjokovicfoundation.org\\\/sr\\\/author\\\/ndfauthors\\\/\"}]}<\/script>\n<!-- \/ Yoast SEO plugin. -->","yoast_head_json":{"title":"Bo\u017ei\u0107 \u0161irom sveta - Novak Djokovic Foundation","robots":{"index":"index","follow":"follow","max-snippet":"max-snippet:-1","max-image-preview":"max-image-preview:large","max-video-preview":"max-video-preview:-1"},"canonical":"https:\/\/novakdjokovicfoundation.org\/sr\/bozic-sirom-sveta\/","og_locale":"sr_RS","og_type":"article","og_title":"Bo\u017ei\u0107 \u0161irom sveta - Novak Djokovic Foundation","og_description":"Gde god da ste, neka bo\u017ei\u0107ni dani budu veseli i vedri, a 2015. godina spokojna i sre\u0107na za sve nas.","og_url":"https:\/\/novakdjokovicfoundation.org\/sr\/bozic-sirom-sveta\/","og_site_name":"Novak Djokovic Foundation","article_publisher":"https:\/\/www.facebook.com\/NovakDjokovicFoundation","article_published_time":"2014-12-24T00:00:00+00:00","og_image":[{"width":1000,"height":667,"url":"https:\/\/novakdjokovicfoundation.org\/wp-content\/uploads\/2023\/01\/santa-clause-snow-1-3.jpg","type":"image\/jpeg"}],"author":"NDFAuthors","twitter_card":"summary_large_image","twitter_creator":"@novakfoundation","twitter_site":"@novakfoundation","twitter_misc":{"\u041d\u0430\u043f\u0438\u0441\u0430\u043d\u043e \u043e\u0434":"NDFAuthors","\u041f\u0440\u043e\u0446\u0435\u045a\u0435\u043d\u043e \u0432\u0440\u0435\u043c\u0435 \u0447\u0438\u0442\u0430\u045a\u0430":"6 \u043c\u0438\u043d\u0443\u0442\u0430"},"schema":{"@context":"https:\/\/schema.org","@graph":[{"@type":"Article","@id":"https:\/\/novakdjokovicfoundation.org\/sr\/bozic-sirom-sveta\/#article","isPartOf":{"@id":"https:\/\/novakdjokovicfoundation.org\/sr\/bozic-sirom-sveta\/"},"author":{"name":"NDFAuthors","@id":"https:\/\/novakdjokovicfoundation.org\/#\/schema\/person\/92d439ce9f161db2227d88016babb26d"},"headline":"Bo\u017ei\u0107 \u0161irom sveta","datePublished":"2014-12-24T00:00:00+00:00","mainEntityOfPage":{"@id":"https:\/\/novakdjokovicfoundation.org\/sr\/bozic-sirom-sveta\/"},"wordCount":1295,"commentCount":0,"publisher":{"@id":"https:\/\/novakdjokovicfoundation.org\/#organization"},"image":{"@id":"https:\/\/novakdjokovicfoundation.org\/sr\/bozic-sirom-sveta\/#primaryimage"},"thumbnailUrl":"https:\/\/novakdjokovicfoundation.org\/wp-content\/uploads\/2023\/01\/santa-clause-snow-1-3.jpg","articleSection":["Rana podr\u0161ka"],"inLanguage":"sr-RS","potentialAction":[{"@type":"CommentAction","name":"Comment","target":["https:\/\/novakdjokovicfoundation.org\/sr\/bozic-sirom-sveta\/#respond"]}]},{"@type":"WebPage","@id":"https:\/\/novakdjokovicfoundation.org\/sr\/bozic-sirom-sveta\/","url":"https:\/\/novakdjokovicfoundation.org\/sr\/bozic-sirom-sveta\/","name":"Bo\u017ei\u0107 \u0161irom sveta - Novak Djokovic Foundation","isPartOf":{"@id":"https:\/\/novakdjokovicfoundation.org\/#website"},"primaryImageOfPage":{"@id":"https:\/\/novakdjokovicfoundation.org\/sr\/bozic-sirom-sveta\/#primaryimage"},"image":{"@id":"https:\/\/novakdjokovicfoundation.org\/sr\/bozic-sirom-sveta\/#primaryimage"},"thumbnailUrl":"https:\/\/novakdjokovicfoundation.org\/wp-content\/uploads\/2023\/01\/santa-clause-snow-1-3.jpg","datePublished":"2014-12-24T00:00:00+00:00","breadcrumb":{"@id":"https:\/\/novakdjokovicfoundation.org\/sr\/bozic-sirom-sveta\/#breadcrumb"},"inLanguage":"sr-RS","potentialAction":[{"@type":"ReadAction","target":["https:\/\/novakdjokovicfoundation.org\/sr\/bozic-sirom-sveta\/"]}]},{"@type":"ImageObject","inLanguage":"sr-RS","@id":"https:\/\/novakdjokovicfoundation.org\/sr\/bozic-sirom-sveta\/#primaryimage","url":"https:\/\/novakdjokovicfoundation.org\/wp-content\/uploads\/2023\/01\/santa-clause-snow-1-3.jpg","contentUrl":"https:\/\/novakdjokovicfoundation.org\/wp-content\/uploads\/2023\/01\/santa-clause-snow-1-3.jpg","width":1000,"height":667},{"@type":"BreadcrumbList","@id":"https:\/\/novakdjokovicfoundation.org\/sr\/bozic-sirom-sveta\/#breadcrumb","itemListElement":[{"@type":"ListItem","position":1,"name":"Home","item":"https:\/\/novakdjokovicfoundation.org\/sr\/"},{"@type":"ListItem","position":2,"name":"Bo\u017ei\u0107 \u0161irom sveta"}]},{"@type":"WebSite","@id":"https:\/\/novakdjokovicfoundation.org\/#website","url":"https:\/\/novakdjokovicfoundation.org\/","name":"Novak Djokovic Foundation","description":"Believe in their dreams","publisher":{"@id":"https:\/\/novakdjokovicfoundation.org\/#organization"},"potentialAction":[{"@type":"SearchAction","target":{"@type":"EntryPoint","urlTemplate":"https:\/\/novakdjokovicfoundation.org\/?s={search_term_string}"},"query-input":{"@type":"PropertyValueSpecification","valueRequired":true,"valueName":"search_term_string"}}],"inLanguage":"sr-RS"},{"@type":"Organization","@id":"https:\/\/novakdjokovicfoundation.org\/#organization","name":"Novak Djokovic Foundation","url":"https:\/\/novakdjokovicfoundation.org\/","logo":{"@type":"ImageObject","inLanguage":"sr-RS","@id":"https:\/\/novakdjokovicfoundation.org\/#\/schema\/logo\/image\/","url":"https:\/\/novakdjokovicfoundation.org\/wp-content\/uploads\/2024\/12\/NDF_Logo_BLUE.svg","contentUrl":"https:\/\/novakdjokovicfoundation.org\/wp-content\/uploads\/2024\/12\/NDF_Logo_BLUE.svg","width":1,"height":1,"caption":"Novak Djokovic Foundation"},"image":{"@id":"https:\/\/novakdjokovicfoundation.org\/#\/schema\/logo\/image\/"},"sameAs":["https:\/\/www.facebook.com\/NovakDjokovicFoundation","https:\/\/x.com\/novakfoundation","https:\/\/www.instagram.com\/novakfoundation"]},{"@type":"Person","@id":"https:\/\/novakdjokovicfoundation.org\/#\/schema\/person\/92d439ce9f161db2227d88016babb26d","name":"NDFAuthors","image":{"@type":"ImageObject","inLanguage":"sr-RS","@id":"https:\/\/secure.gravatar.com\/avatar\/a56dea238b3a98b3408ef9bffaa7226d71ec06e401c449ab94453fa6c470ef8c?s=96&d=mm&r=g","url":"https:\/\/secure.gravatar.com\/avatar\/a56dea238b3a98b3408ef9bffaa7226d71ec06e401c449ab94453fa6c470ef8c?s=96&d=mm&r=g","contentUrl":"https:\/\/secure.gravatar.com\/avatar\/a56dea238b3a98b3408ef9bffaa7226d71ec06e401c449ab94453fa6c470ef8c?s=96&d=mm&r=g","caption":"NDFAuthors"},"url":"https:\/\/novakdjokovicfoundation.org\/sr\/author\/ndfauthors\/"}]}},"_links":{"self":[{"href":"https:\/\/novakdjokovicfoundation.org\/sr\/wp-json\/wp\/v2\/posts\/15781","targetHints":{"allow":["GET"]}}],"collection":[{"href":"https:\/\/novakdjokovicfoundation.org\/sr\/wp-json\/wp\/v2\/posts"}],"about":[{"href":"https:\/\/novakdjokovicfoundation.org\/sr\/wp-json\/wp\/v2\/types\/post"}],"author":[{"embeddable":true,"href":"https:\/\/novakdjokovicfoundation.org\/sr\/wp-json\/wp\/v2\/users\/5"}],"replies":[{"embeddable":true,"href":"https:\/\/novakdjokovicfoundation.org\/sr\/wp-json\/wp\/v2\/comments?post=15781"}],"version-history":[{"count":0,"href":"https:\/\/novakdjokovicfoundation.org\/sr\/wp-json\/wp\/v2\/posts\/15781\/revisions"}],"wp:featuredmedia":[{"embeddable":true,"href":"https:\/\/novakdjokovicfoundation.org\/sr\/wp-json\/wp\/v2\/media\/15638"}],"wp:attachment":[{"href":"https:\/\/novakdjokovicfoundation.org\/sr\/wp-json\/wp\/v2\/media?parent=15781"}],"wp:term":[{"taxonomy":"category","embeddable":true,"href":"https:\/\/novakdjokovicfoundation.org\/sr\/wp-json\/wp\/v2\/categories?post=15781"},{"taxonomy":"post_tag","embeddable":true,"href":"https:\/\/novakdjokovicfoundation.org\/sr\/wp-json\/wp\/v2\/tags?post=15781"}],"curies":[{"name":"wp","href":"https:\/\/api.w.org\/{rel}","templated":true}]}}