{"id":15747,"date":"2014-08-11T00:00:00","date_gmt":"2014-08-11T00:00:00","guid":{"rendered":"https:\/\/novakdjokovicfoundation.org\/besplatne-aktivnosti-za-decu-tokom-avgusta\/"},"modified":"2014-08-11T00:00:00","modified_gmt":"2014-08-11T00:00:00","slug":"besplatne-aktivnosti-za-decu-tokom-avgusta","status":"publish","type":"post","link":"https:\/\/novakdjokovicfoundation.org\/sr\/besplatne-aktivnosti-za-decu-tokom-avgusta\/","title":{"rendered":"Besplatne aktivnosti za decu tokom avgusta"},"content":{"rendered":"<p><em>Saznajte koje su sve aktivnosti besplatne za decu tokom avgusta u Beogradu i iskoristite da uvedete vase dete u neke od njih. Dajte svojoj deci mogucnost da leto provedu u druzenju sa drugom decom i ucenju nekih novih stvari.<\/em><\/p>\n<p><!--more--><\/p>\n<h2>SPORT<\/h2>\n<p>&nbsp;<\/p>\n<p><strong>RC TA\u0160MAJDAN<\/strong><\/p>\n<p>&#8211; Bazen Ta\u0161majdan do 31. avgusta organizuje program &#8222;<strong>Nau\u010dite pravilno da plivate<\/strong>&#8222;, kao i programi \u201eS<strong>portsko plivanje \u2013 kondicioniranje u plivanju<\/strong>\u201c, \u201e<strong>Vaterpolo na Ta\u0161u<\/strong>\u201c, \u201e<strong>Razvoj op\u0161te motorike u bazenu<\/strong>\u201c.<\/p>\n<p>Od ostalih aktivnosti, u maloj sali SRC Ta\u0161majdan bi\u0107e odr\u017eani \u201eMali fudbal na Ta\u0161u\u201c i \u201eKo\u0161arka na Ta\u0161u\u201c.<\/p>\n<p><strong>SC OLIMP<\/strong><\/p>\n<p>&#8211; U SC Olimp se do 31. avgusta odr\u017eava;<\/p>\n<ul>\n<li>\u0160kola plivanja,<\/li>\n<li>hidrobik,<\/li>\n<li>Korekcija tehnike plivanja i<\/li>\n<li>\u0161kola vaterpola,<\/li>\n<li>Pilates s plivanjem,<\/li>\n<li>Letnji kamp u fiskulturnoj Sali, otorenim terenima, na bazenu i u trim-Sali, kao i<\/li>\n<li>Program podr\u0161ke integralnoj rehabilitaciji osoba s invaliditetom kroz rekreativne sportske aktivnosti \u201eOlimp 2014\u201c.<\/li>\n<\/ul>\n<p><strong><br \/>\nSC NOVI BEOGRAD<\/strong><\/p>\n<p>U SC Novi Beograd se do 30. avgusta odr\u017eavaju<\/p>\n<ul>\n<li>\u010dasovi za obuku nepliva\u010da,<\/li>\n<li>\u0161kola plivanja i tehnika plivanja.<\/li>\n<\/ul>\n<p>&nbsp;<\/p>\n<p><strong>SRC VRACAR<\/strong><\/p>\n<p>SRC Vra\u010dar do 29. avgusta organizuje:<\/p>\n<ul>\n<li>obuku plivanja za srednjo\u0161kolce,<\/li>\n<li>\u0161kolicu vaterpola i<\/li>\n<li>program za male nepliva\u010de \u201eNau\u010dimo da plivamo\u201c.<\/li>\n<\/ul>\n<p><strong>ADA CIGANLIJA<\/strong><\/p>\n<p>Ada Ciganlija \u0107e do 24. avgusta odr\u017eati<\/p>\n<ul>\n<li>Program podr\u0161ke integralnoj rehabilitaciji osoba s invaliditetom kroz sportske aktivnosti,<\/li>\n<li>Kamp \u201eAda za decu 2014\u201c i<\/li>\n<li>besplatne obuke plivanja i vaterpola.<\/li>\n<\/ul>\n<h2>KREATIVNE RADIONICE<\/h2>\n<p><a href=\"http:\/\/novakdjokovicfoundation.org\/wp-content\/uploads\/2014\/08\/little-ballerina.jpg\"><img loading=\"lazy\" decoding=\"async\" class=\"aligncenter size-large wp-image-3689\" src=\"http:\/\/novakdjokovicfoundation.org\/wp-content\/uploads\/2014\/08\/little-ballerina-508x338.jpg\" alt=\"little ballerina\" width=\"508\" height=\"338\" \/><\/a><\/p>\n<p>&nbsp;<\/p>\n<p><strong>De\u010diji Kulturni Centar Beograd, repertoar za avgust:<\/strong><\/p>\n<p>OTVORENI ATELJE ZA ANIMIRANI FILM<\/p>\n<p>\u010cetvrtak, 14 i petak 15. avgust; uzrast \u2013 deca od 10 do 16 godina<\/p>\n<p>&nbsp;<\/p>\n<p>BEOGRADSKI HORIZONTI \u2013 Istra\u017eujem, otkrivam znamenite li\u010dnosti, zdanja i spomenike<\/p>\n<p>Utorak, 19. avgust<\/p>\n<p>11 \u010dasova \u2013 Biblioteka, \u201cNu\u0161i\u0107ev Beograd\u201d<\/p>\n<p>12 \u010dasova \u2013 Kalemegdan, Paviljon Cvijeta Zuzori\u0107<\/p>\n<p>Sreda, 20. avgust<\/p>\n<p>11 \u010dasova \u2013 Biblioteka, \u201cUmetni\u010dke \u0161kole u Beogradu\u201d<\/p>\n<p>12 \u010dasova \u2013 Kalemegdan, Fontana \u201cRibar\u201d<\/p>\n<p>\u010cetvrtak, 21. avgust<\/p>\n<p>11 \u010dasova \u2013 Biblioteka, \u201cDru\u0161tveni \u017eivot starog Beograda\u201d<\/p>\n<p>12 \u010dasova \u2013 Kalemegdan, Male stepenice<\/p>\n<p>Petak, 22. avgust<\/p>\n<p>11 \u010dasova \u2013 Biblioteka, \u201cMuzika starog Beograda\u201d<\/p>\n<p>12 \u010dasova \u2013 Kalemegdan, Muzi\u010dki paviljon i spomenik Stevanu Mokranjcu<\/p>\n<p><strong>BALETSKE RADIONICE<\/strong><\/p>\n<p>\u201ePlesne ludorije\u201d\u2122\u201d\u2122<\/p>\n<p>Za decu uzrasta od 14 godina<\/p>\n<p>Petak \u2013 utorak, 20 &#8211; 24. avgust, 10.30 \u2013 12.00<\/p>\n<p>Realizacija programa: Elena Kova\u010devi\u0107 i Dragana Stanisavljevi\u0107<\/p>\n<p>Lista besplatnih aktivnosti na zvani\u010dnom sajtu grada Beograda (PDF-ovi)<a href=\"http:\/\/www.beograd.rs\/cms\/view.php?id=1556621\">http:\/\/www.beograd.rs\/cms\/view.php?id=1556621<\/a><\/p>\n","protected":false},"excerpt":{"rendered":"<p>Saznajte koje su sve aktivnosti besplatne za decu tokom avgusta u Beogradu i iskoristite da uvedete vase dete u neke od njih. Dajte svojoj deci mogucnost da leto provedu u [&hellip;]<\/p>\n","protected":false},"author":5,"featured_media":12776,"comment_status":"open","ping_status":"open","sticky":false,"template":"","format":"standard","meta":{"_acf_changed":false,"footnotes":""},"categories":[20,10,31],"tags":[],"class_list":["post-15747","post","type-post","status-publish","format-standard","has-post-thumbnail","hentry","category-blog-posts","category-rana-podrska","category-roditeljstvo"],"acf":[],"yoast_head":"<!-- This site is optimized with the Yoast SEO plugin v27.4 - https:\/\/yoast.com\/product\/yoast-seo-wordpress\/ -->\n<title>Besplatne aktivnosti za decu tokom avgusta - Novak Djokovic Foundation<\/title>\n<meta name=\"robots\" content=\"index, follow, max-snippet:-1, max-image-preview:large, max-video-preview:-1\" \/>\n<link rel=\"canonical\" href=\"https:\/\/novakdjokovicfoundation.org\/sr\/besplatne-aktivnosti-za-decu-tokom-avgusta\/\" \/>\n<meta property=\"og:locale\" content=\"sr_RS\" \/>\n<meta property=\"og:type\" content=\"article\" \/>\n<meta property=\"og:title\" content=\"Besplatne aktivnosti za decu tokom avgusta - Novak Djokovic Foundation\" \/>\n<meta property=\"og:description\" content=\"Saznajte koje su sve aktivnosti besplatne za decu tokom avgusta u Beogradu i iskoristite da uvedete vase dete u neke od njih. Dajte svojoj deci mogucnost da leto provedu u [&hellip;]\" \/>\n<meta property=\"og:url\" content=\"https:\/\/novakdjokovicfoundation.org\/sr\/besplatne-aktivnosti-za-decu-tokom-avgusta\/\" \/>\n<meta property=\"og:site_name\" content=\"Novak Djokovic Foundation\" \/>\n<meta property=\"article:publisher\" content=\"https:\/\/www.facebook.com\/NovakDjokovicFoundation\" \/>\n<meta property=\"article:published_time\" content=\"2014-08-11T00:00:00+00:00\" \/>\n<meta property=\"og:image\" content=\"https:\/\/novakdjokovicfoundation.org\/wp-content\/uploads\/2023\/02\/mother-her-daughter-kid-doing-sport-scaled.jpg\" \/>\n\t<meta property=\"og:image:width\" content=\"2560\" \/>\n\t<meta property=\"og:image:height\" content=\"1707\" \/>\n\t<meta property=\"og:image:type\" content=\"image\/jpeg\" \/>\n<meta name=\"author\" content=\"NDFAuthors\" \/>\n<meta name=\"twitter:card\" content=\"summary_large_image\" \/>\n<meta name=\"twitter:creator\" content=\"@novakfoundation\" \/>\n<meta name=\"twitter:site\" content=\"@novakfoundation\" \/>\n<meta name=\"twitter:label1\" content=\"\u041d\u0430\u043f\u0438\u0441\u0430\u043d\u043e \u043e\u0434\" \/>\n\t<meta name=\"twitter:data1\" content=\"NDFAuthors\" \/>\n\t<meta name=\"twitter:label2\" content=\"\u041f\u0440\u043e\u0446\u0435\u045a\u0435\u043d\u043e \u0432\u0440\u0435\u043c\u0435 \u0447\u0438\u0442\u0430\u045a\u0430\" \/>\n\t<meta name=\"twitter:data2\" content=\"2 \u043c\u0438\u043d\u0443\u0442\u0430\" \/>\n<script type=\"application\/ld+json\" class=\"yoast-schema-graph\">{\"@context\":\"https:\\\/\\\/schema.org\",\"@graph\":[{\"@type\":\"Article\",\"@id\":\"https:\\\/\\\/novakdjokovicfoundation.org\\\/sr\\\/besplatne-aktivnosti-za-decu-tokom-avgusta\\\/#article\",\"isPartOf\":{\"@id\":\"https:\\\/\\\/novakdjokovicfoundation.org\\\/sr\\\/besplatne-aktivnosti-za-decu-tokom-avgusta\\\/\"},\"author\":{\"name\":\"NDFAuthors\",\"@id\":\"https:\\\/\\\/novakdjokovicfoundation.org\\\/#\\\/schema\\\/person\\\/92d439ce9f161db2227d88016babb26d\"},\"headline\":\"Besplatne aktivnosti za decu tokom avgusta\",\"datePublished\":\"2014-08-11T00:00:00+00:00\",\"mainEntityOfPage\":{\"@id\":\"https:\\\/\\\/novakdjokovicfoundation.org\\\/sr\\\/besplatne-aktivnosti-za-decu-tokom-avgusta\\\/\"},\"wordCount\":364,\"commentCount\":0,\"publisher\":{\"@id\":\"https:\\\/\\\/novakdjokovicfoundation.org\\\/#organization\"},\"image\":{\"@id\":\"https:\\\/\\\/novakdjokovicfoundation.org\\\/sr\\\/besplatne-aktivnosti-za-decu-tokom-avgusta\\\/#primaryimage\"},\"thumbnailUrl\":\"https:\\\/\\\/novakdjokovicfoundation.org\\\/wp-content\\\/uploads\\\/2023\\\/02\\\/mother-her-daughter-kid-doing-sport-scaled.jpg\",\"articleSection\":[\"Blog posts\",\"Rana podr\u0161ka\",\"Roditeljstvo\"],\"inLanguage\":\"sr-RS\",\"potentialAction\":[{\"@type\":\"CommentAction\",\"name\":\"Comment\",\"target\":[\"https:\\\/\\\/novakdjokovicfoundation.org\\\/sr\\\/besplatne-aktivnosti-za-decu-tokom-avgusta\\\/#respond\"]}]},{\"@type\":\"WebPage\",\"@id\":\"https:\\\/\\\/novakdjokovicfoundation.org\\\/sr\\\/besplatne-aktivnosti-za-decu-tokom-avgusta\\\/\",\"url\":\"https:\\\/\\\/novakdjokovicfoundation.org\\\/sr\\\/besplatne-aktivnosti-za-decu-tokom-avgusta\\\/\",\"name\":\"Besplatne aktivnosti za decu tokom avgusta - Novak Djokovic Foundation\",\"isPartOf\":{\"@id\":\"https:\\\/\\\/novakdjokovicfoundation.org\\\/#website\"},\"primaryImageOfPage\":{\"@id\":\"https:\\\/\\\/novakdjokovicfoundation.org\\\/sr\\\/besplatne-aktivnosti-za-decu-tokom-avgusta\\\/#primaryimage\"},\"image\":{\"@id\":\"https:\\\/\\\/novakdjokovicfoundation.org\\\/sr\\\/besplatne-aktivnosti-za-decu-tokom-avgusta\\\/#primaryimage\"},\"thumbnailUrl\":\"https:\\\/\\\/novakdjokovicfoundation.org\\\/wp-content\\\/uploads\\\/2023\\\/02\\\/mother-her-daughter-kid-doing-sport-scaled.jpg\",\"datePublished\":\"2014-08-11T00:00:00+00:00\",\"breadcrumb\":{\"@id\":\"https:\\\/\\\/novakdjokovicfoundation.org\\\/sr\\\/besplatne-aktivnosti-za-decu-tokom-avgusta\\\/#breadcrumb\"},\"inLanguage\":\"sr-RS\",\"potentialAction\":[{\"@type\":\"ReadAction\",\"target\":[\"https:\\\/\\\/novakdjokovicfoundation.org\\\/sr\\\/besplatne-aktivnosti-za-decu-tokom-avgusta\\\/\"]}]},{\"@type\":\"ImageObject\",\"inLanguage\":\"sr-RS\",\"@id\":\"https:\\\/\\\/novakdjokovicfoundation.org\\\/sr\\\/besplatne-aktivnosti-za-decu-tokom-avgusta\\\/#primaryimage\",\"url\":\"https:\\\/\\\/novakdjokovicfoundation.org\\\/wp-content\\\/uploads\\\/2023\\\/02\\\/mother-her-daughter-kid-doing-sport-scaled.jpg\",\"contentUrl\":\"https:\\\/\\\/novakdjokovicfoundation.org\\\/wp-content\\\/uploads\\\/2023\\\/02\\\/mother-her-daughter-kid-doing-sport-scaled.jpg\",\"width\":2560,\"height\":1707},{\"@type\":\"BreadcrumbList\",\"@id\":\"https:\\\/\\\/novakdjokovicfoundation.org\\\/sr\\\/besplatne-aktivnosti-za-decu-tokom-avgusta\\\/#breadcrumb\",\"itemListElement\":[{\"@type\":\"ListItem\",\"position\":1,\"name\":\"Home\",\"item\":\"https:\\\/\\\/novakdjokovicfoundation.org\\\/sr\\\/\"},{\"@type\":\"ListItem\",\"position\":2,\"name\":\"Besplatne aktivnosti za decu tokom avgusta\"}]},{\"@type\":\"WebSite\",\"@id\":\"https:\\\/\\\/novakdjokovicfoundation.org\\\/#website\",\"url\":\"https:\\\/\\\/novakdjokovicfoundation.org\\\/\",\"name\":\"Novak Djokovic Foundation\",\"description\":\"Believe in their dreams\",\"publisher\":{\"@id\":\"https:\\\/\\\/novakdjokovicfoundation.org\\\/#organization\"},\"potentialAction\":[{\"@type\":\"SearchAction\",\"target\":{\"@type\":\"EntryPoint\",\"urlTemplate\":\"https:\\\/\\\/novakdjokovicfoundation.org\\\/?s={search_term_string}\"},\"query-input\":{\"@type\":\"PropertyValueSpecification\",\"valueRequired\":true,\"valueName\":\"search_term_string\"}}],\"inLanguage\":\"sr-RS\"},{\"@type\":\"Organization\",\"@id\":\"https:\\\/\\\/novakdjokovicfoundation.org\\\/#organization\",\"name\":\"Novak Djokovic Foundation\",\"url\":\"https:\\\/\\\/novakdjokovicfoundation.org\\\/\",\"logo\":{\"@type\":\"ImageObject\",\"inLanguage\":\"sr-RS\",\"@id\":\"https:\\\/\\\/novakdjokovicfoundation.org\\\/#\\\/schema\\\/logo\\\/image\\\/\",\"url\":\"https:\\\/\\\/novakdjokovicfoundation.org\\\/wp-content\\\/uploads\\\/2024\\\/12\\\/NDF_Logo_BLUE.svg\",\"contentUrl\":\"https:\\\/\\\/novakdjokovicfoundation.org\\\/wp-content\\\/uploads\\\/2024\\\/12\\\/NDF_Logo_BLUE.svg\",\"width\":1,\"height\":1,\"caption\":\"Novak Djokovic Foundation\"},\"image\":{\"@id\":\"https:\\\/\\\/novakdjokovicfoundation.org\\\/#\\\/schema\\\/logo\\\/image\\\/\"},\"sameAs\":[\"https:\\\/\\\/www.facebook.com\\\/NovakDjokovicFoundation\",\"https:\\\/\\\/x.com\\\/novakfoundation\",\"https:\\\/\\\/www.instagram.com\\\/novakfoundation\"]},{\"@type\":\"Person\",\"@id\":\"https:\\\/\\\/novakdjokovicfoundation.org\\\/#\\\/schema\\\/person\\\/92d439ce9f161db2227d88016babb26d\",\"name\":\"NDFAuthors\",\"image\":{\"@type\":\"ImageObject\",\"inLanguage\":\"sr-RS\",\"@id\":\"https:\\\/\\\/secure.gravatar.com\\\/avatar\\\/a56dea238b3a98b3408ef9bffaa7226d71ec06e401c449ab94453fa6c470ef8c?s=96&d=mm&r=g\",\"url\":\"https:\\\/\\\/secure.gravatar.com\\\/avatar\\\/a56dea238b3a98b3408ef9bffaa7226d71ec06e401c449ab94453fa6c470ef8c?s=96&d=mm&r=g\",\"contentUrl\":\"https:\\\/\\\/secure.gravatar.com\\\/avatar\\\/a56dea238b3a98b3408ef9bffaa7226d71ec06e401c449ab94453fa6c470ef8c?s=96&d=mm&r=g\",\"caption\":\"NDFAuthors\"},\"url\":\"https:\\\/\\\/novakdjokovicfoundation.org\\\/sr\\\/author\\\/ndfauthors\\\/\"}]}<\/script>\n<!-- \/ Yoast SEO plugin. -->","yoast_head_json":{"title":"Besplatne aktivnosti za decu tokom avgusta - Novak Djokovic Foundation","robots":{"index":"index","follow":"follow","max-snippet":"max-snippet:-1","max-image-preview":"max-image-preview:large","max-video-preview":"max-video-preview:-1"},"canonical":"https:\/\/novakdjokovicfoundation.org\/sr\/besplatne-aktivnosti-za-decu-tokom-avgusta\/","og_locale":"sr_RS","og_type":"article","og_title":"Besplatne aktivnosti za decu tokom avgusta - Novak Djokovic Foundation","og_description":"Saznajte koje su sve aktivnosti besplatne za decu tokom avgusta u Beogradu i iskoristite da uvedete vase dete u neke od njih. Dajte svojoj deci mogucnost da leto provedu u [&hellip;]","og_url":"https:\/\/novakdjokovicfoundation.org\/sr\/besplatne-aktivnosti-za-decu-tokom-avgusta\/","og_site_name":"Novak Djokovic Foundation","article_publisher":"https:\/\/www.facebook.com\/NovakDjokovicFoundation","article_published_time":"2014-08-11T00:00:00+00:00","og_image":[{"width":2560,"height":1707,"url":"https:\/\/novakdjokovicfoundation.org\/wp-content\/uploads\/2023\/02\/mother-her-daughter-kid-doing-sport-scaled.jpg","type":"image\/jpeg"}],"author":"NDFAuthors","twitter_card":"summary_large_image","twitter_creator":"@novakfoundation","twitter_site":"@novakfoundation","twitter_misc":{"\u041d\u0430\u043f\u0438\u0441\u0430\u043d\u043e \u043e\u0434":"NDFAuthors","\u041f\u0440\u043e\u0446\u0435\u045a\u0435\u043d\u043e \u0432\u0440\u0435\u043c\u0435 \u0447\u0438\u0442\u0430\u045a\u0430":"2 \u043c\u0438\u043d\u0443\u0442\u0430"},"schema":{"@context":"https:\/\/schema.org","@graph":[{"@type":"Article","@id":"https:\/\/novakdjokovicfoundation.org\/sr\/besplatne-aktivnosti-za-decu-tokom-avgusta\/#article","isPartOf":{"@id":"https:\/\/novakdjokovicfoundation.org\/sr\/besplatne-aktivnosti-za-decu-tokom-avgusta\/"},"author":{"name":"NDFAuthors","@id":"https:\/\/novakdjokovicfoundation.org\/#\/schema\/person\/92d439ce9f161db2227d88016babb26d"},"headline":"Besplatne aktivnosti za decu tokom avgusta","datePublished":"2014-08-11T00:00:00+00:00","mainEntityOfPage":{"@id":"https:\/\/novakdjokovicfoundation.org\/sr\/besplatne-aktivnosti-za-decu-tokom-avgusta\/"},"wordCount":364,"commentCount":0,"publisher":{"@id":"https:\/\/novakdjokovicfoundation.org\/#organization"},"image":{"@id":"https:\/\/novakdjokovicfoundation.org\/sr\/besplatne-aktivnosti-za-decu-tokom-avgusta\/#primaryimage"},"thumbnailUrl":"https:\/\/novakdjokovicfoundation.org\/wp-content\/uploads\/2023\/02\/mother-her-daughter-kid-doing-sport-scaled.jpg","articleSection":["Blog posts","Rana podr\u0161ka","Roditeljstvo"],"inLanguage":"sr-RS","potentialAction":[{"@type":"CommentAction","name":"Comment","target":["https:\/\/novakdjokovicfoundation.org\/sr\/besplatne-aktivnosti-za-decu-tokom-avgusta\/#respond"]}]},{"@type":"WebPage","@id":"https:\/\/novakdjokovicfoundation.org\/sr\/besplatne-aktivnosti-za-decu-tokom-avgusta\/","url":"https:\/\/novakdjokovicfoundation.org\/sr\/besplatne-aktivnosti-za-decu-tokom-avgusta\/","name":"Besplatne aktivnosti za decu tokom avgusta - Novak Djokovic Foundation","isPartOf":{"@id":"https:\/\/novakdjokovicfoundation.org\/#website"},"primaryImageOfPage":{"@id":"https:\/\/novakdjokovicfoundation.org\/sr\/besplatne-aktivnosti-za-decu-tokom-avgusta\/#primaryimage"},"image":{"@id":"https:\/\/novakdjokovicfoundation.org\/sr\/besplatne-aktivnosti-za-decu-tokom-avgusta\/#primaryimage"},"thumbnailUrl":"https:\/\/novakdjokovicfoundation.org\/wp-content\/uploads\/2023\/02\/mother-her-daughter-kid-doing-sport-scaled.jpg","datePublished":"2014-08-11T00:00:00+00:00","breadcrumb":{"@id":"https:\/\/novakdjokovicfoundation.org\/sr\/besplatne-aktivnosti-za-decu-tokom-avgusta\/#breadcrumb"},"inLanguage":"sr-RS","potentialAction":[{"@type":"ReadAction","target":["https:\/\/novakdjokovicfoundation.org\/sr\/besplatne-aktivnosti-za-decu-tokom-avgusta\/"]}]},{"@type":"ImageObject","inLanguage":"sr-RS","@id":"https:\/\/novakdjokovicfoundation.org\/sr\/besplatne-aktivnosti-za-decu-tokom-avgusta\/#primaryimage","url":"https:\/\/novakdjokovicfoundation.org\/wp-content\/uploads\/2023\/02\/mother-her-daughter-kid-doing-sport-scaled.jpg","contentUrl":"https:\/\/novakdjokovicfoundation.org\/wp-content\/uploads\/2023\/02\/mother-her-daughter-kid-doing-sport-scaled.jpg","width":2560,"height":1707},{"@type":"BreadcrumbList","@id":"https:\/\/novakdjokovicfoundation.org\/sr\/besplatne-aktivnosti-za-decu-tokom-avgusta\/#breadcrumb","itemListElement":[{"@type":"ListItem","position":1,"name":"Home","item":"https:\/\/novakdjokovicfoundation.org\/sr\/"},{"@type":"ListItem","position":2,"name":"Besplatne aktivnosti za decu tokom avgusta"}]},{"@type":"WebSite","@id":"https:\/\/novakdjokovicfoundation.org\/#website","url":"https:\/\/novakdjokovicfoundation.org\/","name":"Novak Djokovic Foundation","description":"Believe in their dreams","publisher":{"@id":"https:\/\/novakdjokovicfoundation.org\/#organization"},"potentialAction":[{"@type":"SearchAction","target":{"@type":"EntryPoint","urlTemplate":"https:\/\/novakdjokovicfoundation.org\/?s={search_term_string}"},"query-input":{"@type":"PropertyValueSpecification","valueRequired":true,"valueName":"search_term_string"}}],"inLanguage":"sr-RS"},{"@type":"Organization","@id":"https:\/\/novakdjokovicfoundation.org\/#organization","name":"Novak Djokovic Foundation","url":"https:\/\/novakdjokovicfoundation.org\/","logo":{"@type":"ImageObject","inLanguage":"sr-RS","@id":"https:\/\/novakdjokovicfoundation.org\/#\/schema\/logo\/image\/","url":"https:\/\/novakdjokovicfoundation.org\/wp-content\/uploads\/2024\/12\/NDF_Logo_BLUE.svg","contentUrl":"https:\/\/novakdjokovicfoundation.org\/wp-content\/uploads\/2024\/12\/NDF_Logo_BLUE.svg","width":1,"height":1,"caption":"Novak Djokovic Foundation"},"image":{"@id":"https:\/\/novakdjokovicfoundation.org\/#\/schema\/logo\/image\/"},"sameAs":["https:\/\/www.facebook.com\/NovakDjokovicFoundation","https:\/\/x.com\/novakfoundation","https:\/\/www.instagram.com\/novakfoundation"]},{"@type":"Person","@id":"https:\/\/novakdjokovicfoundation.org\/#\/schema\/person\/92d439ce9f161db2227d88016babb26d","name":"NDFAuthors","image":{"@type":"ImageObject","inLanguage":"sr-RS","@id":"https:\/\/secure.gravatar.com\/avatar\/a56dea238b3a98b3408ef9bffaa7226d71ec06e401c449ab94453fa6c470ef8c?s=96&d=mm&r=g","url":"https:\/\/secure.gravatar.com\/avatar\/a56dea238b3a98b3408ef9bffaa7226d71ec06e401c449ab94453fa6c470ef8c?s=96&d=mm&r=g","contentUrl":"https:\/\/secure.gravatar.com\/avatar\/a56dea238b3a98b3408ef9bffaa7226d71ec06e401c449ab94453fa6c470ef8c?s=96&d=mm&r=g","caption":"NDFAuthors"},"url":"https:\/\/novakdjokovicfoundation.org\/sr\/author\/ndfauthors\/"}]}},"_links":{"self":[{"href":"https:\/\/novakdjokovicfoundation.org\/sr\/wp-json\/wp\/v2\/posts\/15747","targetHints":{"allow":["GET"]}}],"collection":[{"href":"https:\/\/novakdjokovicfoundation.org\/sr\/wp-json\/wp\/v2\/posts"}],"about":[{"href":"https:\/\/novakdjokovicfoundation.org\/sr\/wp-json\/wp\/v2\/types\/post"}],"author":[{"embeddable":true,"href":"https:\/\/novakdjokovicfoundation.org\/sr\/wp-json\/wp\/v2\/users\/5"}],"replies":[{"embeddable":true,"href":"https:\/\/novakdjokovicfoundation.org\/sr\/wp-json\/wp\/v2\/comments?post=15747"}],"version-history":[{"count":0,"href":"https:\/\/novakdjokovicfoundation.org\/sr\/wp-json\/wp\/v2\/posts\/15747\/revisions"}],"wp:featuredmedia":[{"embeddable":true,"href":"https:\/\/novakdjokovicfoundation.org\/sr\/wp-json\/wp\/v2\/media\/12776"}],"wp:attachment":[{"href":"https:\/\/novakdjokovicfoundation.org\/sr\/wp-json\/wp\/v2\/media?parent=15747"}],"wp:term":[{"taxonomy":"category","embeddable":true,"href":"https:\/\/novakdjokovicfoundation.org\/sr\/wp-json\/wp\/v2\/categories?post=15747"},{"taxonomy":"post_tag","embeddable":true,"href":"https:\/\/novakdjokovicfoundation.org\/sr\/wp-json\/wp\/v2\/tags?post=15747"}],"curies":[{"name":"wp","href":"https:\/\/api.w.org\/{rel}","templated":true}]}}