{"id":15741,"date":"2014-07-30T00:00:00","date_gmt":"2014-07-30T00:00:00","guid":{"rendered":"https:\/\/novakdjokovicfoundation.org\/da-li-je-dosao-kraj-onom-sto-se-nekad-zvalo-detinjstvo\/"},"modified":"2014-07-30T00:00:00","modified_gmt":"2014-07-30T00:00:00","slug":"da-li-je-dosao-kraj-onom-sto-se-nekad-zvalo-detinjstvo","status":"publish","type":"post","link":"https:\/\/novakdjokovicfoundation.org\/sr\/da-li-je-dosao-kraj-onom-sto-se-nekad-zvalo-detinjstvo\/","title":{"rendered":"Da li je do\u0161ao kraj onom \u0161to se nekad zvalo detinjstvo?"},"content":{"rendered":"<p><em>Koliko \u010desto izvodite mali\u0161ane da se igraju napolju i istra\u017euju okolinu? Smatrate li da njihovo detinjstvo treba vi\u0161e da proti\u010de napolju nego u ku\u0107i, ili je to suvi\u0161e opasno za njih?<\/em><\/p>\n<p><!--more--><\/p>\n<p>Kada ka\u017eemo \u201eleto\u201d, \u010desto pomislimo na igre na otvorenom, piknik u parku ili dan proveden na pla\u017ei. Zar ne? Me\u0111utim, danas se sre\u0107emo sa raznim istra\u017eivanjima i tekstovima koji sumorno govore o takozvanom \u201ekraju detinjstva&#8220;, odnosno isti\u010du \u010dinjenicu da se mali\u0161ani vi\u0161e ne igraju napolju, u prirodi, kao nekada, ve\u0107 biraju da sate i sate provode ispred televizora, kompjutera, tableta&#8230;<\/p>\n<p>Konkretno, istra\u017eivanje koje je sproveo \u201eNational Trust\u201d 2012. godine otkrilo je podatak da \u010detvrtina dece provodi dnevno manje od pola sata napolju. Tako\u0111e, istaknuto je da vi\u0161e od polovine dece uzrasta od sedam do dvanaest godina provodi manje od sata dnevno igraju\u0107i se van ku\u0107e, dok skoro svako deveto od desetoro mali\u0161ana nikada nije u\u010destvovalo u igrama na otvorenom kao \u0161to su penjanje na drvo, istra\u017eivanje pe\u0107ine, kori\u0161\u0107enje mape, ili pravljenje skloni\u0161ta i skrovi\u0161ta.<\/p>\n<p>Takve brojke su nekada bile nezamislive. Od 1000 anketiranih roditelja,\u00a0baka i deka dobijen je podatak da su u proseku provodili dva sata i 34 minuta svakog dana napolju kada su bili mali. Pritom, vi\u0161e od polovine baka i deka (53 odsto) provodilo je vi\u0161e od tri sata dnevno na otvorenom u uzrastu od sedam do dvanaest godina, u pore\u0111enju sa \u0161est procenata mali\u0161ana danas. Kona\u010dno, Britansko kraljevsko dru\u0161tvo za za\u0161titu ptica (RSPB), kao najve\u0107a humanitarna organizacija u dr\u017eavi koja se bavi o\u010duvanjem prirode, iznelo je podatak da je samo jedno od petoro britanskih mali\u0161ana \u201eu kontaktu sa prirodom&#8220;.<\/p>\n<p>Kao rezultat svega toga, \u201eNational Trust\u201d je pokrenuo kampanju pod nazivom \u201e<a href=\"http:\/\/www.nationaltrust.org.uk\/visit\/families\/50-things\/\" target=\"_blank\" rel=\"noopener\">50 stvari koje treba da uradite pre nego \u0161to napunite 11 godina i 9 meseci<\/a>&#8222;sa ciljem da se deca danas vi\u0161e pove\u017eu sa prirodom, time \u0161to \u0107e stvoriti priliku za 200.000 mali\u0161ana da se igraju napolju ovog leta. Kampanja organizuje vi\u0161e od hiljadu razli\u010ditih aktivnosti i doga\u0111aja tokom letnjeg raspusta kako bi podstakla cele porodice da vi\u0161e vremena provode u prirodi.<\/p>\n<p>Hju Denis, zvezda popularne engleske humoristi\u010dke serije \u201ePrekobrojni&#8220;, podr\u017eao je ovu kampanju, o \u010demu je govorio za list \u201eIndependent&#8220;:<\/p>\n<blockquote><p>Moje najlep\u0161e uspomene iz detinjstva vezane su za vreme koje sam proveo igraju\u0107i se napolju. Tu\u017eno je da dana\u0161nja deca ne u\u017eivaju u iskustvima kojih se mi odrasli tako rado se\u0107amo. Radost \u010dine male stvari \u2013 koje su sve, samo ne dosadne i komplikovane. Dvori\u0161te iza ku\u0107e ili zgrade mo\u017ee da bude prava riznica razli\u010ditih aktivnosti za decu, ba\u0161 kao i pla\u017ea ili obli\u017enji park.<\/p><\/blockquote>\n<p>Helen Mi\u010d, pomo\u0107nik direktora sektora za prirodu i anga\u017eovanje u \u201eNational Trust\u201d, dodala je:<\/p>\n<blockquote><p>Se\u0107anja koja nosite iz detinjstva zauvek \u017eive u vama, a ukoliko su mesta na otvorenom deo tih se\u0107anja, onda postoji nada da \u0107e deca izrasti u ljude koji \u017eele da za\u0161tite takva posebna mesta za generacije koje dolaze.<\/p><\/blockquote>\n<h2>Kraj detinjstva<\/h2>\n<p><a href=\"http:\/\/novakdjokovicfoundation.org\/wp-content\/uploads\/2014\/07\/childhood.jpg\"><img loading=\"lazy\" decoding=\"async\" class=\"alignleft size-medium wp-image-3605\" src=\"http:\/\/novakdjokovicfoundation.org\/wp-content\/uploads\/2014\/07\/childhood-250x250.jpg\" alt=\"childhood\" width=\"250\" height=\"250\" \/><\/a>Ipak, neki se pitaju za\u0161to se taj trend po kom se deca vi\u0161e ne igraju napolju povezuje sa izrazom \u201ekraj detinjstva&#8220; ? Da li se vi sla\u017eete sa tom konstatacijom? Ta\u010dno je da su zapadne dr\u017eave postale opsednute bezbedno\u0161\u0107u dece, i da se roditelji smatraju neodgovornim ako dozvole mali\u0161anima da se slobodno igraju napolju. Neki roditelji su optu\u017eeni za grubo zanemarivanje, \u010dak ide dotle da su ozna\u010deni i kao kriminalci zato \u0161to dozvoljavaju da njihova deca vode samostalan \u017eivot.<\/p>\n<p>Dakle, danas postoji kontradiktornost izme\u0111u slobode dece i njihove za\u0161tite, pa ako neko dozvoli mali\u0161anima da se igraju napolju, to mo\u017ee da se kosi sa dru\u0161tvenom klimom. Sva novija pomenuta istra\u017eivanja i \u010dlanci ne uzimaju takve stvari u obzir, ba\u0161 kao \u0161to ne uzimaju u obzir ni manjak entuzijazma roditelja za igru dece na otvorenom. To je sa jedne strane pogre\u0161no, jer je verovatno najbolji na\u010din da se deca za\u0161tite upravo u podsticanju\u00a0njihove nezavisnosti, kreativnosti i avanturisti\u010dkog duha. Zar ne mislite da je deci potrebno da iskuse i ostvare interakciju sa svetom koji ih okru\u017euje, kako bi spoznali sebe, razvili ose\u0107aj odgovornosti i znali kako da se nose sa rizi\u010dnim i neo\u010dekivanim situacijama?<\/p>\n<p><strong>Da li\u00a0prevelika briga o bezbednosti dece zna\u010di i manje slobode za njih?<\/strong><\/p>\n<p>\u0160to je najva\u017enije, boravak na otvorenom mo\u017ee pozitivno da uti\u010de na mentalno i fizi\u010dko zdravlje va\u0161eg deteta. Fizi\u010dka aktivnost je klju\u010dna za njihov rast i razvoj, s obzirom na to da su pod ogromnim pritiskom da postignu dobre rezultate u \u0161koli. Tako bi boravak u parku ili pored jezerceta mogao donekle da ih rastereti i relaksira. To bi bilo dobro i za na\u0161u planetu: vreme provedeno u parku ili na nekom drugom mestu na otvorenom podstaklo bi decu da izrastu u ekolo\u0161ki odgovorne pojedince i zaljubljenike u prirodu, koji \u0107e se rado se\u0107ati uspomena iz detinjstva kada su se igrali napolju, pa \u0107e mo\u017eda i vi\u0161e vremena provoditi u prirodi.<\/p>\n<p><a href=\"http:\/\/novakdjokovicfoundation.org\/wp-content\/uploads\/2014\/07\/childhood-plane.jpg\"><img loading=\"lazy\" decoding=\"async\" class=\"aligncenter size-large wp-image-3606\" src=\"http:\/\/novakdjokovicfoundation.org\/wp-content\/uploads\/2014\/07\/childhood-plane-508x338.jpg\" alt=\"childhood-plane\" width=\"508\" height=\"338\" \/><\/a><\/p>\n<p>S druge strane, dana\u0161nje dru\u0161tvo je u velikoj meri evoluiralo i od dece ne mo\u017ee da se o\u010dekuje da se pona\u0161aju i igraju na isti na\u010din kao \u0161to su to \u010dinile generacije pre njih. Va\u017eno je ne oslanjati se previ\u0161e na tehnologiju i novotarije, mada \u010dovek ne mo\u017ee ni da ih ignori\u0161e. Re\u0161enje je u pronala\u017eenju zdrave ravnote\u017ee i pravljenju kompromisa.<\/p>\n<p>Da li uo\u010davate neke druge prednosti i mane o kojima nismo govorili? Da li smatrate da prevelika briga o bezbednosti dece zna\u010di i manje slobode za njih?<\/p>\n","protected":false},"excerpt":{"rendered":"<p>Koliko \u010desto izvodite mali\u0161ane da se igraju napolju i istra\u017euju okolinu? Smatrate li da njihovo detinjstvo treba vi\u0161e da proti\u010de napolju nego u ku\u0107i, ili je to suvi\u0161e opasno za [&hellip;]<\/p>\n","protected":false},"author":5,"featured_media":9641,"comment_status":"open","ping_status":"open","sticky":false,"template":"","format":"standard","meta":{"_acf_changed":false,"footnotes":""},"categories":[20,21],"tags":[254,1193],"class_list":["post-15741","post","type-post","status-publish","format-standard","has-post-thumbnail","hentry","category-blog-posts","category-rani-razvoj","tag-deca","tag-detinjstvo"],"acf":[],"yoast_head":"<!-- This site is optimized with the Yoast SEO plugin v27.4 - https:\/\/yoast.com\/product\/yoast-seo-wordpress\/ -->\n<title>Da li je do\u0161ao kraj onom \u0161to se nekad zvalo detinjstvo? - Novak Djokovic Foundation<\/title>\n<meta name=\"robots\" content=\"index, follow, max-snippet:-1, max-image-preview:large, max-video-preview:-1\" \/>\n<link rel=\"canonical\" href=\"https:\/\/novakdjokovicfoundation.org\/sr\/da-li-je-dosao-kraj-onom-sto-se-nekad-zvalo-detinjstvo\/\" \/>\n<meta property=\"og:locale\" content=\"sr_RS\" \/>\n<meta property=\"og:type\" content=\"article\" \/>\n<meta property=\"og:title\" content=\"Da li je do\u0161ao kraj onom \u0161to se nekad zvalo detinjstvo? - Novak Djokovic Foundation\" \/>\n<meta property=\"og:description\" content=\"Koliko \u010desto izvodite mali\u0161ane da se igraju napolju i istra\u017euju okolinu? Smatrate li da njihovo detinjstvo treba vi\u0161e da proti\u010de napolju nego u ku\u0107i, ili je to suvi\u0161e opasno za [&hellip;]\" \/>\n<meta property=\"og:url\" content=\"https:\/\/novakdjokovicfoundation.org\/sr\/da-li-je-dosao-kraj-onom-sto-se-nekad-zvalo-detinjstvo\/\" \/>\n<meta property=\"og:site_name\" content=\"Novak Djokovic Foundation\" \/>\n<meta property=\"article:publisher\" content=\"https:\/\/www.facebook.com\/NovakDjokovicFoundation\" \/>\n<meta property=\"article:published_time\" content=\"2014-07-30T00:00:00+00:00\" \/>\n<meta property=\"og:image\" content=\"https:\/\/novakdjokovicfoundation.org\/wp-content\/uploads\/2023\/01\/children-2-3.jpg\" \/>\n\t<meta property=\"og:image:width\" content=\"1280\" \/>\n\t<meta property=\"og:image:height\" content=\"646\" \/>\n\t<meta property=\"og:image:type\" content=\"image\/jpeg\" \/>\n<meta name=\"author\" content=\"NDFAuthors\" \/>\n<meta name=\"twitter:card\" content=\"summary_large_image\" \/>\n<meta name=\"twitter:creator\" content=\"@novakfoundation\" \/>\n<meta name=\"twitter:site\" content=\"@novakfoundation\" \/>\n<meta name=\"twitter:label1\" content=\"\u041d\u0430\u043f\u0438\u0441\u0430\u043d\u043e \u043e\u0434\" \/>\n\t<meta name=\"twitter:data1\" content=\"NDFAuthors\" \/>\n\t<meta name=\"twitter:label2\" content=\"\u041f\u0440\u043e\u0446\u0435\u045a\u0435\u043d\u043e \u0432\u0440\u0435\u043c\u0435 \u0447\u0438\u0442\u0430\u045a\u0430\" \/>\n\t<meta name=\"twitter:data2\" content=\"5 \u043c\u0438\u043d\u0443\u0442\u0430\" \/>\n<script type=\"application\/ld+json\" class=\"yoast-schema-graph\">{\"@context\":\"https:\\\/\\\/schema.org\",\"@graph\":[{\"@type\":\"Article\",\"@id\":\"https:\\\/\\\/novakdjokovicfoundation.org\\\/sr\\\/da-li-je-dosao-kraj-onom-sto-se-nekad-zvalo-detinjstvo\\\/#article\",\"isPartOf\":{\"@id\":\"https:\\\/\\\/novakdjokovicfoundation.org\\\/sr\\\/da-li-je-dosao-kraj-onom-sto-se-nekad-zvalo-detinjstvo\\\/\"},\"author\":{\"name\":\"NDFAuthors\",\"@id\":\"https:\\\/\\\/novakdjokovicfoundation.org\\\/#\\\/schema\\\/person\\\/92d439ce9f161db2227d88016babb26d\"},\"headline\":\"Da li je do\u0161ao kraj onom \u0161to se nekad zvalo detinjstvo?\",\"datePublished\":\"2014-07-30T00:00:00+00:00\",\"mainEntityOfPage\":{\"@id\":\"https:\\\/\\\/novakdjokovicfoundation.org\\\/sr\\\/da-li-je-dosao-kraj-onom-sto-se-nekad-zvalo-detinjstvo\\\/\"},\"wordCount\":995,\"commentCount\":0,\"publisher\":{\"@id\":\"https:\\\/\\\/novakdjokovicfoundation.org\\\/#organization\"},\"image\":{\"@id\":\"https:\\\/\\\/novakdjokovicfoundation.org\\\/sr\\\/da-li-je-dosao-kraj-onom-sto-se-nekad-zvalo-detinjstvo\\\/#primaryimage\"},\"thumbnailUrl\":\"https:\\\/\\\/novakdjokovicfoundation.org\\\/wp-content\\\/uploads\\\/2023\\\/01\\\/children-2-3.jpg\",\"keywords\":[\"Deca\",\"Detinjstvo\"],\"articleSection\":[\"Blog posts\",\"Rani razvoj\"],\"inLanguage\":\"sr-RS\",\"potentialAction\":[{\"@type\":\"CommentAction\",\"name\":\"Comment\",\"target\":[\"https:\\\/\\\/novakdjokovicfoundation.org\\\/sr\\\/da-li-je-dosao-kraj-onom-sto-se-nekad-zvalo-detinjstvo\\\/#respond\"]}]},{\"@type\":\"WebPage\",\"@id\":\"https:\\\/\\\/novakdjokovicfoundation.org\\\/sr\\\/da-li-je-dosao-kraj-onom-sto-se-nekad-zvalo-detinjstvo\\\/\",\"url\":\"https:\\\/\\\/novakdjokovicfoundation.org\\\/sr\\\/da-li-je-dosao-kraj-onom-sto-se-nekad-zvalo-detinjstvo\\\/\",\"name\":\"Da li je do\u0161ao kraj onom \u0161to se nekad zvalo detinjstvo? - Novak Djokovic Foundation\",\"isPartOf\":{\"@id\":\"https:\\\/\\\/novakdjokovicfoundation.org\\\/#website\"},\"primaryImageOfPage\":{\"@id\":\"https:\\\/\\\/novakdjokovicfoundation.org\\\/sr\\\/da-li-je-dosao-kraj-onom-sto-se-nekad-zvalo-detinjstvo\\\/#primaryimage\"},\"image\":{\"@id\":\"https:\\\/\\\/novakdjokovicfoundation.org\\\/sr\\\/da-li-je-dosao-kraj-onom-sto-se-nekad-zvalo-detinjstvo\\\/#primaryimage\"},\"thumbnailUrl\":\"https:\\\/\\\/novakdjokovicfoundation.org\\\/wp-content\\\/uploads\\\/2023\\\/01\\\/children-2-3.jpg\",\"datePublished\":\"2014-07-30T00:00:00+00:00\",\"breadcrumb\":{\"@id\":\"https:\\\/\\\/novakdjokovicfoundation.org\\\/sr\\\/da-li-je-dosao-kraj-onom-sto-se-nekad-zvalo-detinjstvo\\\/#breadcrumb\"},\"inLanguage\":\"sr-RS\",\"potentialAction\":[{\"@type\":\"ReadAction\",\"target\":[\"https:\\\/\\\/novakdjokovicfoundation.org\\\/sr\\\/da-li-je-dosao-kraj-onom-sto-se-nekad-zvalo-detinjstvo\\\/\"]}]},{\"@type\":\"ImageObject\",\"inLanguage\":\"sr-RS\",\"@id\":\"https:\\\/\\\/novakdjokovicfoundation.org\\\/sr\\\/da-li-je-dosao-kraj-onom-sto-se-nekad-zvalo-detinjstvo\\\/#primaryimage\",\"url\":\"https:\\\/\\\/novakdjokovicfoundation.org\\\/wp-content\\\/uploads\\\/2023\\\/01\\\/children-2-3.jpg\",\"contentUrl\":\"https:\\\/\\\/novakdjokovicfoundation.org\\\/wp-content\\\/uploads\\\/2023\\\/01\\\/children-2-3.jpg\",\"width\":1280,\"height\":646},{\"@type\":\"BreadcrumbList\",\"@id\":\"https:\\\/\\\/novakdjokovicfoundation.org\\\/sr\\\/da-li-je-dosao-kraj-onom-sto-se-nekad-zvalo-detinjstvo\\\/#breadcrumb\",\"itemListElement\":[{\"@type\":\"ListItem\",\"position\":1,\"name\":\"Home\",\"item\":\"https:\\\/\\\/novakdjokovicfoundation.org\\\/sr\\\/\"},{\"@type\":\"ListItem\",\"position\":2,\"name\":\"Da li je do\u0161ao kraj onom \u0161to se nekad zvalo detinjstvo?\"}]},{\"@type\":\"WebSite\",\"@id\":\"https:\\\/\\\/novakdjokovicfoundation.org\\\/#website\",\"url\":\"https:\\\/\\\/novakdjokovicfoundation.org\\\/\",\"name\":\"Novak Djokovic Foundation\",\"description\":\"Believe in their dreams\",\"publisher\":{\"@id\":\"https:\\\/\\\/novakdjokovicfoundation.org\\\/#organization\"},\"potentialAction\":[{\"@type\":\"SearchAction\",\"target\":{\"@type\":\"EntryPoint\",\"urlTemplate\":\"https:\\\/\\\/novakdjokovicfoundation.org\\\/?s={search_term_string}\"},\"query-input\":{\"@type\":\"PropertyValueSpecification\",\"valueRequired\":true,\"valueName\":\"search_term_string\"}}],\"inLanguage\":\"sr-RS\"},{\"@type\":\"Organization\",\"@id\":\"https:\\\/\\\/novakdjokovicfoundation.org\\\/#organization\",\"name\":\"Novak Djokovic Foundation\",\"url\":\"https:\\\/\\\/novakdjokovicfoundation.org\\\/\",\"logo\":{\"@type\":\"ImageObject\",\"inLanguage\":\"sr-RS\",\"@id\":\"https:\\\/\\\/novakdjokovicfoundation.org\\\/#\\\/schema\\\/logo\\\/image\\\/\",\"url\":\"https:\\\/\\\/novakdjokovicfoundation.org\\\/wp-content\\\/uploads\\\/2024\\\/12\\\/NDF_Logo_BLUE.svg\",\"contentUrl\":\"https:\\\/\\\/novakdjokovicfoundation.org\\\/wp-content\\\/uploads\\\/2024\\\/12\\\/NDF_Logo_BLUE.svg\",\"width\":1,\"height\":1,\"caption\":\"Novak Djokovic Foundation\"},\"image\":{\"@id\":\"https:\\\/\\\/novakdjokovicfoundation.org\\\/#\\\/schema\\\/logo\\\/image\\\/\"},\"sameAs\":[\"https:\\\/\\\/www.facebook.com\\\/NovakDjokovicFoundation\",\"https:\\\/\\\/x.com\\\/novakfoundation\",\"https:\\\/\\\/www.instagram.com\\\/novakfoundation\"]},{\"@type\":\"Person\",\"@id\":\"https:\\\/\\\/novakdjokovicfoundation.org\\\/#\\\/schema\\\/person\\\/92d439ce9f161db2227d88016babb26d\",\"name\":\"NDFAuthors\",\"image\":{\"@type\":\"ImageObject\",\"inLanguage\":\"sr-RS\",\"@id\":\"https:\\\/\\\/secure.gravatar.com\\\/avatar\\\/a56dea238b3a98b3408ef9bffaa7226d71ec06e401c449ab94453fa6c470ef8c?s=96&d=mm&r=g\",\"url\":\"https:\\\/\\\/secure.gravatar.com\\\/avatar\\\/a56dea238b3a98b3408ef9bffaa7226d71ec06e401c449ab94453fa6c470ef8c?s=96&d=mm&r=g\",\"contentUrl\":\"https:\\\/\\\/secure.gravatar.com\\\/avatar\\\/a56dea238b3a98b3408ef9bffaa7226d71ec06e401c449ab94453fa6c470ef8c?s=96&d=mm&r=g\",\"caption\":\"NDFAuthors\"},\"url\":\"https:\\\/\\\/novakdjokovicfoundation.org\\\/sr\\\/author\\\/ndfauthors\\\/\"}]}<\/script>\n<!-- \/ Yoast SEO plugin. -->","yoast_head_json":{"title":"Da li je do\u0161ao kraj onom \u0161to se nekad zvalo detinjstvo? - Novak Djokovic Foundation","robots":{"index":"index","follow":"follow","max-snippet":"max-snippet:-1","max-image-preview":"max-image-preview:large","max-video-preview":"max-video-preview:-1"},"canonical":"https:\/\/novakdjokovicfoundation.org\/sr\/da-li-je-dosao-kraj-onom-sto-se-nekad-zvalo-detinjstvo\/","og_locale":"sr_RS","og_type":"article","og_title":"Da li je do\u0161ao kraj onom \u0161to se nekad zvalo detinjstvo? - Novak Djokovic Foundation","og_description":"Koliko \u010desto izvodite mali\u0161ane da se igraju napolju i istra\u017euju okolinu? Smatrate li da njihovo detinjstvo treba vi\u0161e da proti\u010de napolju nego u ku\u0107i, ili je to suvi\u0161e opasno za [&hellip;]","og_url":"https:\/\/novakdjokovicfoundation.org\/sr\/da-li-je-dosao-kraj-onom-sto-se-nekad-zvalo-detinjstvo\/","og_site_name":"Novak Djokovic Foundation","article_publisher":"https:\/\/www.facebook.com\/NovakDjokovicFoundation","article_published_time":"2014-07-30T00:00:00+00:00","og_image":[{"width":1280,"height":646,"url":"https:\/\/novakdjokovicfoundation.org\/wp-content\/uploads\/2023\/01\/children-2-3.jpg","type":"image\/jpeg"}],"author":"NDFAuthors","twitter_card":"summary_large_image","twitter_creator":"@novakfoundation","twitter_site":"@novakfoundation","twitter_misc":{"\u041d\u0430\u043f\u0438\u0441\u0430\u043d\u043e \u043e\u0434":"NDFAuthors","\u041f\u0440\u043e\u0446\u0435\u045a\u0435\u043d\u043e \u0432\u0440\u0435\u043c\u0435 \u0447\u0438\u0442\u0430\u045a\u0430":"5 \u043c\u0438\u043d\u0443\u0442\u0430"},"schema":{"@context":"https:\/\/schema.org","@graph":[{"@type":"Article","@id":"https:\/\/novakdjokovicfoundation.org\/sr\/da-li-je-dosao-kraj-onom-sto-se-nekad-zvalo-detinjstvo\/#article","isPartOf":{"@id":"https:\/\/novakdjokovicfoundation.org\/sr\/da-li-je-dosao-kraj-onom-sto-se-nekad-zvalo-detinjstvo\/"},"author":{"name":"NDFAuthors","@id":"https:\/\/novakdjokovicfoundation.org\/#\/schema\/person\/92d439ce9f161db2227d88016babb26d"},"headline":"Da li je do\u0161ao kraj onom \u0161to se nekad zvalo detinjstvo?","datePublished":"2014-07-30T00:00:00+00:00","mainEntityOfPage":{"@id":"https:\/\/novakdjokovicfoundation.org\/sr\/da-li-je-dosao-kraj-onom-sto-se-nekad-zvalo-detinjstvo\/"},"wordCount":995,"commentCount":0,"publisher":{"@id":"https:\/\/novakdjokovicfoundation.org\/#organization"},"image":{"@id":"https:\/\/novakdjokovicfoundation.org\/sr\/da-li-je-dosao-kraj-onom-sto-se-nekad-zvalo-detinjstvo\/#primaryimage"},"thumbnailUrl":"https:\/\/novakdjokovicfoundation.org\/wp-content\/uploads\/2023\/01\/children-2-3.jpg","keywords":["Deca","Detinjstvo"],"articleSection":["Blog posts","Rani razvoj"],"inLanguage":"sr-RS","potentialAction":[{"@type":"CommentAction","name":"Comment","target":["https:\/\/novakdjokovicfoundation.org\/sr\/da-li-je-dosao-kraj-onom-sto-se-nekad-zvalo-detinjstvo\/#respond"]}]},{"@type":"WebPage","@id":"https:\/\/novakdjokovicfoundation.org\/sr\/da-li-je-dosao-kraj-onom-sto-se-nekad-zvalo-detinjstvo\/","url":"https:\/\/novakdjokovicfoundation.org\/sr\/da-li-je-dosao-kraj-onom-sto-se-nekad-zvalo-detinjstvo\/","name":"Da li je do\u0161ao kraj onom \u0161to se nekad zvalo detinjstvo? - Novak Djokovic Foundation","isPartOf":{"@id":"https:\/\/novakdjokovicfoundation.org\/#website"},"primaryImageOfPage":{"@id":"https:\/\/novakdjokovicfoundation.org\/sr\/da-li-je-dosao-kraj-onom-sto-se-nekad-zvalo-detinjstvo\/#primaryimage"},"image":{"@id":"https:\/\/novakdjokovicfoundation.org\/sr\/da-li-je-dosao-kraj-onom-sto-se-nekad-zvalo-detinjstvo\/#primaryimage"},"thumbnailUrl":"https:\/\/novakdjokovicfoundation.org\/wp-content\/uploads\/2023\/01\/children-2-3.jpg","datePublished":"2014-07-30T00:00:00+00:00","breadcrumb":{"@id":"https:\/\/novakdjokovicfoundation.org\/sr\/da-li-je-dosao-kraj-onom-sto-se-nekad-zvalo-detinjstvo\/#breadcrumb"},"inLanguage":"sr-RS","potentialAction":[{"@type":"ReadAction","target":["https:\/\/novakdjokovicfoundation.org\/sr\/da-li-je-dosao-kraj-onom-sto-se-nekad-zvalo-detinjstvo\/"]}]},{"@type":"ImageObject","inLanguage":"sr-RS","@id":"https:\/\/novakdjokovicfoundation.org\/sr\/da-li-je-dosao-kraj-onom-sto-se-nekad-zvalo-detinjstvo\/#primaryimage","url":"https:\/\/novakdjokovicfoundation.org\/wp-content\/uploads\/2023\/01\/children-2-3.jpg","contentUrl":"https:\/\/novakdjokovicfoundation.org\/wp-content\/uploads\/2023\/01\/children-2-3.jpg","width":1280,"height":646},{"@type":"BreadcrumbList","@id":"https:\/\/novakdjokovicfoundation.org\/sr\/da-li-je-dosao-kraj-onom-sto-se-nekad-zvalo-detinjstvo\/#breadcrumb","itemListElement":[{"@type":"ListItem","position":1,"name":"Home","item":"https:\/\/novakdjokovicfoundation.org\/sr\/"},{"@type":"ListItem","position":2,"name":"Da li je do\u0161ao kraj onom \u0161to se nekad zvalo detinjstvo?"}]},{"@type":"WebSite","@id":"https:\/\/novakdjokovicfoundation.org\/#website","url":"https:\/\/novakdjokovicfoundation.org\/","name":"Novak Djokovic Foundation","description":"Believe in their dreams","publisher":{"@id":"https:\/\/novakdjokovicfoundation.org\/#organization"},"potentialAction":[{"@type":"SearchAction","target":{"@type":"EntryPoint","urlTemplate":"https:\/\/novakdjokovicfoundation.org\/?s={search_term_string}"},"query-input":{"@type":"PropertyValueSpecification","valueRequired":true,"valueName":"search_term_string"}}],"inLanguage":"sr-RS"},{"@type":"Organization","@id":"https:\/\/novakdjokovicfoundation.org\/#organization","name":"Novak Djokovic Foundation","url":"https:\/\/novakdjokovicfoundation.org\/","logo":{"@type":"ImageObject","inLanguage":"sr-RS","@id":"https:\/\/novakdjokovicfoundation.org\/#\/schema\/logo\/image\/","url":"https:\/\/novakdjokovicfoundation.org\/wp-content\/uploads\/2024\/12\/NDF_Logo_BLUE.svg","contentUrl":"https:\/\/novakdjokovicfoundation.org\/wp-content\/uploads\/2024\/12\/NDF_Logo_BLUE.svg","width":1,"height":1,"caption":"Novak Djokovic Foundation"},"image":{"@id":"https:\/\/novakdjokovicfoundation.org\/#\/schema\/logo\/image\/"},"sameAs":["https:\/\/www.facebook.com\/NovakDjokovicFoundation","https:\/\/x.com\/novakfoundation","https:\/\/www.instagram.com\/novakfoundation"]},{"@type":"Person","@id":"https:\/\/novakdjokovicfoundation.org\/#\/schema\/person\/92d439ce9f161db2227d88016babb26d","name":"NDFAuthors","image":{"@type":"ImageObject","inLanguage":"sr-RS","@id":"https:\/\/secure.gravatar.com\/avatar\/a56dea238b3a98b3408ef9bffaa7226d71ec06e401c449ab94453fa6c470ef8c?s=96&d=mm&r=g","url":"https:\/\/secure.gravatar.com\/avatar\/a56dea238b3a98b3408ef9bffaa7226d71ec06e401c449ab94453fa6c470ef8c?s=96&d=mm&r=g","contentUrl":"https:\/\/secure.gravatar.com\/avatar\/a56dea238b3a98b3408ef9bffaa7226d71ec06e401c449ab94453fa6c470ef8c?s=96&d=mm&r=g","caption":"NDFAuthors"},"url":"https:\/\/novakdjokovicfoundation.org\/sr\/author\/ndfauthors\/"}]}},"_links":{"self":[{"href":"https:\/\/novakdjokovicfoundation.org\/sr\/wp-json\/wp\/v2\/posts\/15741","targetHints":{"allow":["GET"]}}],"collection":[{"href":"https:\/\/novakdjokovicfoundation.org\/sr\/wp-json\/wp\/v2\/posts"}],"about":[{"href":"https:\/\/novakdjokovicfoundation.org\/sr\/wp-json\/wp\/v2\/types\/post"}],"author":[{"embeddable":true,"href":"https:\/\/novakdjokovicfoundation.org\/sr\/wp-json\/wp\/v2\/users\/5"}],"replies":[{"embeddable":true,"href":"https:\/\/novakdjokovicfoundation.org\/sr\/wp-json\/wp\/v2\/comments?post=15741"}],"version-history":[{"count":0,"href":"https:\/\/novakdjokovicfoundation.org\/sr\/wp-json\/wp\/v2\/posts\/15741\/revisions"}],"wp:featuredmedia":[{"embeddable":true,"href":"https:\/\/novakdjokovicfoundation.org\/sr\/wp-json\/wp\/v2\/media\/9641"}],"wp:attachment":[{"href":"https:\/\/novakdjokovicfoundation.org\/sr\/wp-json\/wp\/v2\/media?parent=15741"}],"wp:term":[{"taxonomy":"category","embeddable":true,"href":"https:\/\/novakdjokovicfoundation.org\/sr\/wp-json\/wp\/v2\/categories?post=15741"},{"taxonomy":"post_tag","embeddable":true,"href":"https:\/\/novakdjokovicfoundation.org\/sr\/wp-json\/wp\/v2\/tags?post=15741"}],"curies":[{"name":"wp","href":"https:\/\/api.w.org\/{rel}","templated":true}]}}