{"id":15729,"date":"2014-07-09T00:00:00","date_gmt":"2014-07-09T00:00:00","guid":{"rendered":"https:\/\/novakdjokovicfoundation.org\/deca-i-televizija-koliko-vremena-pred-tv-om-je-previse\/"},"modified":"2014-07-09T00:00:00","modified_gmt":"2014-07-09T00:00:00","slug":"deca-i-televizija-koliko-vremena-pred-tv-om-je-previse","status":"publish","type":"post","link":"https:\/\/novakdjokovicfoundation.org\/sr\/deca-i-televizija-koliko-vremena-pred-tv-om-je-previse\/","title":{"rendered":"Deca i televizija"},"content":{"rendered":"<p><em>Ameri\u010dka akademija pedijatara preporu\u010duje da deca mla\u0111a od dve godine ne treba uop\u0161te da gledaju televiziju, a starija od dve godine ne vi\u0161e od dva sata kvalitetnog programa<\/em><\/p>\n<p><!--more--><\/p>\n<p>Deca i televizija \u010desto idu zajedno i iako vreme provedeno ispred ekrana mo\u017ee slu\u017eiti u obrazovne svrhe, \u010desto mo\u017ee da se pretera. Tema vezana za gledanje televizije mora \u010desto da se obra\u0111uje, jer smo sada okru\u017eeni raznim medijima i \u010desto zaboravljamo pravu komunikaciju i odnose.<\/p>\n<p>Smatra se da su prve dve godine \u017eivota kriti\u010dne za normalan razvoj mozga i rano detinjstvo karakteri\u0161u nova dru\u0161tvena interakcija, izlo\u017eenost jeziku, razumevanje uloge pojedinca u dru\u0161tvu, samosvesnost i nebrojene prilike za ma\u0161tanje i kreativnost. U skladu sa tim, Ameri\u010dka akademija pedijatara je preporu\u010dila da deca mla\u0111a od dve godine ne treba uop\u0161te da gledaju televiziju, a ona starija od dve godine ne bi trebalo da gledaju vi\u0161e od dva sata kvalitetnog programa, kako televizija ne bi bila smetnja mentalnom, fizi\u010dkom i dru\u0161tvenom razvoju.<\/p>\n<p>Anketa Fondacije porodice Kajzer je 2003. god. pokazala da 68% dece mla\u0111e od dve godine gleda u \u201emedije sa ekranom\u201c svakog dana. Tako\u0111e je pokazala da bebe provode dva sata dnevno gledaju\u0107i u ekran, \u0161to je vi\u0161e vremena nego \u0161to provode \u010ditaju\u0107i ili dok im se \u010dita. To je va\u017eno jer su seksualni sadr\u017eaji i nasilje veliki deo dana\u0161nje televizije isto koliko i tele\u0161opovi i reklame za \u010dokoladu.<\/p>\n<p>Ipak, kako je pokazao Savet za medicinska istra\u017eivanja (SMI) 2013. god, televizija mo\u017ee i da obrazuje. Prou\u010davali su vi\u0161e od 11.000 dece \u0161kolskog uzrasta i otkrili da ne treba povezivati lo\u0161e pona\u0161anje sa gledanjem televizije. Prof. Hju Peri, predsedavaju\u0107i Odbora za neuronauke i mentalno zdravlje SMI-ja, izjavio je za BBC: \u201e\u017divimo u svetu kojim sve vi\u0161e dominira elektronska zabava i roditelji su sa razumevanjem zabrinuti za uticaj koji to mo\u017ee da ima na dobrobit i mentalno zdravlje njihove dece. Ova va\u017ena studija pokazuje da je veza izme\u0111u televizije, video igrica i zdravlja slo\u017eena i da na nju uti\u010du mnogi drugi dru\u0161tveni faktori, kao i faktori okru\u017eenja\u201c.<\/p>\n<p><a href=\"http:\/\/novakdjokovicfoundation.org\/wp-content\/uploads\/2014\/07\/girl-and-tv.jpg\"><img loading=\"lazy\" decoding=\"async\" class=\"aligncenter size-large wp-image-3403\" src=\"http:\/\/novakdjokovicfoundation.org\/wp-content\/uploads\/2014\/07\/girl-and-tv-508x338.jpg\" alt=\"girl-and-tv\" width=\"508\" height=\"338\" \/><\/a><\/p>\n<h2>Deca i televizija: efekti preteranog gledanja TV-a<\/h2>\n<p>Koji su onda ta\u010dno potencijalni efekti preteranog gledanja televizije? Evo \u0161est problema koji nastaju sa televizijom:<\/p>\n<ul>\n<li><strong>Gojaznost: <\/strong>\u0160to vi\u0161e va\u0161e dete gleda televiziju, ve\u0107i je rizik da \u0107e postati debelo. Deca koja svakog dana provode vi\u0161e od \u010detiri sata dnevno gledaju\u0107i televiziju pre \u0107e postati gojazna.<\/li>\n<li><strong>Neredovan san:<\/strong> Istra\u017eivanje objavljeno u \u010dasopisu Pedijatriks u aprilu 2014. god. pokazuje da \u0161to vi\u0161e deca gledaju televiziju, imaju tendenciju da manje spavaju. Za svaki sat gledanja TV-a, deca spavaju sedam minuta kra\u0107e tokom no\u0107i. Ovaj podatak ide u prilog narastaju\u0107em korpusu dokaza i literature u kojima se tvrdi da je preterano gledanje televizije u detinjstvu u najmanju ruku povezano, ako ne i da je uzrok lo\u0161ijeg zdravlja kako fizi\u010dkog tako i mentalnog.<\/li>\n<li><strong>Problemi sa pona\u0161anjem:<\/strong> Televizija ne pru\u017ea klju\u010dne povratne informacije koje su potrebne deci kada u\u010de primerenu upotrebu jezika. Previ\u0161e vremena provedenog ispred TV-a tako\u0111e uti\u010de na razvoj dru\u0161tvenih ve\u0161tina poput razumevanja posledica ne\u010dega ili prilago\u0111avanja pona\u0161anja u razli\u010ditim dru\u0161tvenim kontekstima.<\/li>\n<li><strong>Umanjeno akademsko postignu\u0107e:<\/strong> U\u010denici osnovnih \u0161kola koji imaju televizore u svojim sobama imaju tendenciju da poka\u017eu lo\u0161ije rezultate na testovima od onih koji nemaju televizore u svojim sobama.<\/li>\n<li><strong>Nasilje:<\/strong> Preterana izlo\u017eenost nasilju koje je u medijima mo\u017ee da smanji osetljivost dece prema nasilju. Televizija tako\u0111e oja\u010dava polnu ulogu i rasne stereotipe tako da se mo\u017ee dogoditi da deca to ponove u stvarnom \u017eivotu.<\/li>\n<li><strong>Manje vremena za igru:<\/strong> Preterano vreme provedeno ispred ekrana ostavlja manje vremena za igru, istra\u017eivanje fizi\u010dkog sveta i stvaranje, koji su neophodni kako bi se razmi\u0161ljalo van stereotipa i kako bi se bilo u stanju da se razvijaju kreativna re\u0161enja i novi na\u010dini da se odgovori na izazove u kasnijem \u017eivotu.<\/li>\n<\/ul>\n<p><a href=\"http:\/\/novakdjokovicfoundation.org\/wp-content\/uploads\/2014\/07\/family-time.jpg\"><img loading=\"lazy\" decoding=\"async\" class=\"aligncenter size-large wp-image-3404\" src=\"http:\/\/novakdjokovicfoundation.org\/wp-content\/uploads\/2014\/07\/family-time-508x397.jpg\" alt=\"family-time\" width=\"508\" height=\"397\" \/><\/a><\/p>\n<h2>5 prakti\u010dnih saveta za roditelje<\/h2>\n<p>\u0160ta treba da preduzmete po tom pitanju? Evo pet prakti\u010dnih saveta koji mo\u017eda deluju jednostavno, ali su u svakom slu\u010daju veoma va\u017eni i treba imati na umu:<\/p>\n<ul>\n<li><strong>Ograni\u010dite vreme provedeno ispred televizora:<\/strong> nemojte dr\u017eati televizor u spava\u0107oj sobi i za vreme obroka televizor bi trebalo da bude isklju\u010den. Vodite ra\u010duna TV programu i sadr\u017eajima i ograni\u010dite koliko i \u0161ta mo\u017ee da se gleda.<\/li>\n<li><strong>Gledajte televiziju sa svojim detetom<\/strong>: Tako im postaje jasno da je to \u0161to oni rade ili gledaju vama va\u017eno. Ukoliko nemate vremena da sedite zajedno, zapo\u010dnite neku drugu aktivnost u istoj sobi poput peglanja ili kuvanja ili pisanja, tako da oni znaju da ste i dalje tu.<\/li>\n<li><strong>Odaberite odre\u0111ene emisije<\/strong>: Odaberite i saglasite se o pojedina\u010dnim emisijama ili interaktivnom programu za decu, ne gledajte samo ono \u0161to je trenutno na programu i ugasite televizor kada se emisija zavr\u0161i.<\/li>\n<li><strong>Pomozite im da postanu kriti\u010dki nastrojeni<\/strong>: Poku\u0161ajte da ih podstaknete emisijama, raspravljajte o njima tako da rano mogu da razviju kriti\u010dki pogled i inovativno mi\u0161ljenje.<\/li>\n<li><strong>Pro\u0161irite televizijski sadr\u017eaj<\/strong>: Idite izvan onoga \u0161to su upravo videli na ekranu i donesite knjige ili po\u010dnite sa aktivnostima koje mogu da budu u vezi sa emisijom, koje mogu da budu obrazovnog karaktera i nastavite proces u\u010denja i istra\u017eivanja.<\/li>\n<\/ul>\n<p>[divider]<\/p>\n<p>Na\u0161 svet je pun zanimljivih aktivnosti u kojima deca mogu da u\u010destvuju, sa manje ili vi\u0161e nadzora, kada vreme odvojeno za porodicu to dozvoli. Njima su neophodni ti momenti slobode, relaksacije i kreativnosti, jer ih to podse\u0107a da je dru\u017eenje sa prijateljima i porodicom i dalje zna\u010dajno u dana\u0161njem dru\u0161tvu.<\/p>\n","protected":false},"excerpt":{"rendered":"<p>Ameri\u010dka akademija pedijatara preporu\u010duje da deca mla\u0111a od dve godine ne treba uop\u0161te da gledaju televiziju, a starija od dve godine ne vi\u0161e od dva sata kvalitetnog programa<\/p>\n","protected":false},"author":5,"featured_media":9598,"comment_status":"open","ping_status":"open","sticky":false,"template":"","format":"standard","meta":{"_acf_changed":false,"footnotes":""},"categories":[20,21],"tags":[254,1130],"class_list":["post-15729","post","type-post","status-publish","format-standard","has-post-thumbnail","hentry","category-blog-posts","category-rani-razvoj","tag-deca","tag-televizija"],"acf":[],"yoast_head":"<!-- This site is optimized with the Yoast SEO plugin v27.4 - https:\/\/yoast.com\/product\/yoast-seo-wordpress\/ -->\n<title>Deca i televizija - Novak Djokovic Foundation<\/title>\n<meta name=\"robots\" content=\"index, follow, max-snippet:-1, max-image-preview:large, max-video-preview:-1\" \/>\n<link rel=\"canonical\" href=\"https:\/\/novakdjokovicfoundation.org\/sr\/deca-i-televizija-koliko-vremena-pred-tv-om-je-previse\/\" \/>\n<meta property=\"og:locale\" content=\"sr_RS\" \/>\n<meta property=\"og:type\" content=\"article\" \/>\n<meta property=\"og:title\" content=\"Deca i televizija - Novak Djokovic Foundation\" \/>\n<meta property=\"og:description\" content=\"Ameri\u010dka akademija pedijatara preporu\u010duje da deca mla\u0111a od dve godine ne treba uop\u0161te da gledaju televiziju, a starija od dve godine ne vi\u0161e od dva sata kvalitetnog programa\" \/>\n<meta property=\"og:url\" content=\"https:\/\/novakdjokovicfoundation.org\/sr\/deca-i-televizija-koliko-vremena-pred-tv-om-je-previse\/\" \/>\n<meta property=\"og:site_name\" content=\"Novak Djokovic Foundation\" \/>\n<meta property=\"article:publisher\" content=\"https:\/\/www.facebook.com\/NovakDjokovicFoundation\" \/>\n<meta property=\"article:published_time\" content=\"2014-07-09T00:00:00+00:00\" \/>\n<meta property=\"og:image\" content=\"https:\/\/novakdjokovicfoundation.org\/wp-content\/uploads\/2023\/01\/children-and-tv-2-3.jpg\" \/>\n\t<meta property=\"og:image:width\" content=\"1000\" \/>\n\t<meta property=\"og:image:height\" content=\"667\" \/>\n\t<meta property=\"og:image:type\" content=\"image\/jpeg\" \/>\n<meta name=\"author\" content=\"NDFAuthors\" \/>\n<meta name=\"twitter:card\" content=\"summary_large_image\" \/>\n<meta name=\"twitter:creator\" content=\"@novakfoundation\" \/>\n<meta name=\"twitter:site\" content=\"@novakfoundation\" \/>\n<meta name=\"twitter:label1\" content=\"\u041d\u0430\u043f\u0438\u0441\u0430\u043d\u043e \u043e\u0434\" \/>\n\t<meta name=\"twitter:data1\" content=\"NDFAuthors\" \/>\n\t<meta name=\"twitter:label2\" content=\"\u041f\u0440\u043e\u0446\u0435\u045a\u0435\u043d\u043e \u0432\u0440\u0435\u043c\u0435 \u0447\u0438\u0442\u0430\u045a\u0430\" \/>\n\t<meta name=\"twitter:data2\" content=\"5 \u043c\u0438\u043d\u0443\u0442\u0430\" \/>\n<script type=\"application\/ld+json\" class=\"yoast-schema-graph\">{\"@context\":\"https:\\\/\\\/schema.org\",\"@graph\":[{\"@type\":\"Article\",\"@id\":\"https:\\\/\\\/novakdjokovicfoundation.org\\\/sr\\\/deca-i-televizija-koliko-vremena-pred-tv-om-je-previse\\\/#article\",\"isPartOf\":{\"@id\":\"https:\\\/\\\/novakdjokovicfoundation.org\\\/sr\\\/deca-i-televizija-koliko-vremena-pred-tv-om-je-previse\\\/\"},\"author\":{\"name\":\"NDFAuthors\",\"@id\":\"https:\\\/\\\/novakdjokovicfoundation.org\\\/#\\\/schema\\\/person\\\/92d439ce9f161db2227d88016babb26d\"},\"headline\":\"Deca i televizija\",\"datePublished\":\"2014-07-09T00:00:00+00:00\",\"mainEntityOfPage\":{\"@id\":\"https:\\\/\\\/novakdjokovicfoundation.org\\\/sr\\\/deca-i-televizija-koliko-vremena-pred-tv-om-je-previse\\\/\"},\"wordCount\":991,\"commentCount\":0,\"publisher\":{\"@id\":\"https:\\\/\\\/novakdjokovicfoundation.org\\\/#organization\"},\"image\":{\"@id\":\"https:\\\/\\\/novakdjokovicfoundation.org\\\/sr\\\/deca-i-televizija-koliko-vremena-pred-tv-om-je-previse\\\/#primaryimage\"},\"thumbnailUrl\":\"https:\\\/\\\/novakdjokovicfoundation.org\\\/wp-content\\\/uploads\\\/2023\\\/01\\\/children-and-tv-2-3.jpg\",\"keywords\":[\"Deca\",\"Televizija\"],\"articleSection\":[\"Blog posts\",\"Rani razvoj\"],\"inLanguage\":\"sr-RS\",\"potentialAction\":[{\"@type\":\"CommentAction\",\"name\":\"Comment\",\"target\":[\"https:\\\/\\\/novakdjokovicfoundation.org\\\/sr\\\/deca-i-televizija-koliko-vremena-pred-tv-om-je-previse\\\/#respond\"]}]},{\"@type\":\"WebPage\",\"@id\":\"https:\\\/\\\/novakdjokovicfoundation.org\\\/sr\\\/deca-i-televizija-koliko-vremena-pred-tv-om-je-previse\\\/\",\"url\":\"https:\\\/\\\/novakdjokovicfoundation.org\\\/sr\\\/deca-i-televizija-koliko-vremena-pred-tv-om-je-previse\\\/\",\"name\":\"Deca i televizija - Novak Djokovic Foundation\",\"isPartOf\":{\"@id\":\"https:\\\/\\\/novakdjokovicfoundation.org\\\/#website\"},\"primaryImageOfPage\":{\"@id\":\"https:\\\/\\\/novakdjokovicfoundation.org\\\/sr\\\/deca-i-televizija-koliko-vremena-pred-tv-om-je-previse\\\/#primaryimage\"},\"image\":{\"@id\":\"https:\\\/\\\/novakdjokovicfoundation.org\\\/sr\\\/deca-i-televizija-koliko-vremena-pred-tv-om-je-previse\\\/#primaryimage\"},\"thumbnailUrl\":\"https:\\\/\\\/novakdjokovicfoundation.org\\\/wp-content\\\/uploads\\\/2023\\\/01\\\/children-and-tv-2-3.jpg\",\"datePublished\":\"2014-07-09T00:00:00+00:00\",\"breadcrumb\":{\"@id\":\"https:\\\/\\\/novakdjokovicfoundation.org\\\/sr\\\/deca-i-televizija-koliko-vremena-pred-tv-om-je-previse\\\/#breadcrumb\"},\"inLanguage\":\"sr-RS\",\"potentialAction\":[{\"@type\":\"ReadAction\",\"target\":[\"https:\\\/\\\/novakdjokovicfoundation.org\\\/sr\\\/deca-i-televizija-koliko-vremena-pred-tv-om-je-previse\\\/\"]}]},{\"@type\":\"ImageObject\",\"inLanguage\":\"sr-RS\",\"@id\":\"https:\\\/\\\/novakdjokovicfoundation.org\\\/sr\\\/deca-i-televizija-koliko-vremena-pred-tv-om-je-previse\\\/#primaryimage\",\"url\":\"https:\\\/\\\/novakdjokovicfoundation.org\\\/wp-content\\\/uploads\\\/2023\\\/01\\\/children-and-tv-2-3.jpg\",\"contentUrl\":\"https:\\\/\\\/novakdjokovicfoundation.org\\\/wp-content\\\/uploads\\\/2023\\\/01\\\/children-and-tv-2-3.jpg\",\"width\":1000,\"height\":667},{\"@type\":\"BreadcrumbList\",\"@id\":\"https:\\\/\\\/novakdjokovicfoundation.org\\\/sr\\\/deca-i-televizija-koliko-vremena-pred-tv-om-je-previse\\\/#breadcrumb\",\"itemListElement\":[{\"@type\":\"ListItem\",\"position\":1,\"name\":\"Home\",\"item\":\"https:\\\/\\\/novakdjokovicfoundation.org\\\/sr\\\/\"},{\"@type\":\"ListItem\",\"position\":2,\"name\":\"Deca i televizija\"}]},{\"@type\":\"WebSite\",\"@id\":\"https:\\\/\\\/novakdjokovicfoundation.org\\\/#website\",\"url\":\"https:\\\/\\\/novakdjokovicfoundation.org\\\/\",\"name\":\"Novak Djokovic Foundation\",\"description\":\"Believe in their dreams\",\"publisher\":{\"@id\":\"https:\\\/\\\/novakdjokovicfoundation.org\\\/#organization\"},\"potentialAction\":[{\"@type\":\"SearchAction\",\"target\":{\"@type\":\"EntryPoint\",\"urlTemplate\":\"https:\\\/\\\/novakdjokovicfoundation.org\\\/?s={search_term_string}\"},\"query-input\":{\"@type\":\"PropertyValueSpecification\",\"valueRequired\":true,\"valueName\":\"search_term_string\"}}],\"inLanguage\":\"sr-RS\"},{\"@type\":\"Organization\",\"@id\":\"https:\\\/\\\/novakdjokovicfoundation.org\\\/#organization\",\"name\":\"Novak Djokovic Foundation\",\"url\":\"https:\\\/\\\/novakdjokovicfoundation.org\\\/\",\"logo\":{\"@type\":\"ImageObject\",\"inLanguage\":\"sr-RS\",\"@id\":\"https:\\\/\\\/novakdjokovicfoundation.org\\\/#\\\/schema\\\/logo\\\/image\\\/\",\"url\":\"https:\\\/\\\/novakdjokovicfoundation.org\\\/wp-content\\\/uploads\\\/2024\\\/12\\\/NDF_Logo_BLUE.svg\",\"contentUrl\":\"https:\\\/\\\/novakdjokovicfoundation.org\\\/wp-content\\\/uploads\\\/2024\\\/12\\\/NDF_Logo_BLUE.svg\",\"width\":1,\"height\":1,\"caption\":\"Novak Djokovic Foundation\"},\"image\":{\"@id\":\"https:\\\/\\\/novakdjokovicfoundation.org\\\/#\\\/schema\\\/logo\\\/image\\\/\"},\"sameAs\":[\"https:\\\/\\\/www.facebook.com\\\/NovakDjokovicFoundation\",\"https:\\\/\\\/x.com\\\/novakfoundation\",\"https:\\\/\\\/www.instagram.com\\\/novakfoundation\"]},{\"@type\":\"Person\",\"@id\":\"https:\\\/\\\/novakdjokovicfoundation.org\\\/#\\\/schema\\\/person\\\/92d439ce9f161db2227d88016babb26d\",\"name\":\"NDFAuthors\",\"image\":{\"@type\":\"ImageObject\",\"inLanguage\":\"sr-RS\",\"@id\":\"https:\\\/\\\/secure.gravatar.com\\\/avatar\\\/a56dea238b3a98b3408ef9bffaa7226d71ec06e401c449ab94453fa6c470ef8c?s=96&d=mm&r=g\",\"url\":\"https:\\\/\\\/secure.gravatar.com\\\/avatar\\\/a56dea238b3a98b3408ef9bffaa7226d71ec06e401c449ab94453fa6c470ef8c?s=96&d=mm&r=g\",\"contentUrl\":\"https:\\\/\\\/secure.gravatar.com\\\/avatar\\\/a56dea238b3a98b3408ef9bffaa7226d71ec06e401c449ab94453fa6c470ef8c?s=96&d=mm&r=g\",\"caption\":\"NDFAuthors\"},\"url\":\"https:\\\/\\\/novakdjokovicfoundation.org\\\/sr\\\/author\\\/ndfauthors\\\/\"}]}<\/script>\n<!-- \/ Yoast SEO plugin. -->","yoast_head_json":{"title":"Deca i televizija - Novak Djokovic Foundation","robots":{"index":"index","follow":"follow","max-snippet":"max-snippet:-1","max-image-preview":"max-image-preview:large","max-video-preview":"max-video-preview:-1"},"canonical":"https:\/\/novakdjokovicfoundation.org\/sr\/deca-i-televizija-koliko-vremena-pred-tv-om-je-previse\/","og_locale":"sr_RS","og_type":"article","og_title":"Deca i televizija - Novak Djokovic Foundation","og_description":"Ameri\u010dka akademija pedijatara preporu\u010duje da deca mla\u0111a od dve godine ne treba uop\u0161te da gledaju televiziju, a starija od dve godine ne vi\u0161e od dva sata kvalitetnog programa","og_url":"https:\/\/novakdjokovicfoundation.org\/sr\/deca-i-televizija-koliko-vremena-pred-tv-om-je-previse\/","og_site_name":"Novak Djokovic Foundation","article_publisher":"https:\/\/www.facebook.com\/NovakDjokovicFoundation","article_published_time":"2014-07-09T00:00:00+00:00","og_image":[{"width":1000,"height":667,"url":"https:\/\/novakdjokovicfoundation.org\/wp-content\/uploads\/2023\/01\/children-and-tv-2-3.jpg","type":"image\/jpeg"}],"author":"NDFAuthors","twitter_card":"summary_large_image","twitter_creator":"@novakfoundation","twitter_site":"@novakfoundation","twitter_misc":{"\u041d\u0430\u043f\u0438\u0441\u0430\u043d\u043e \u043e\u0434":"NDFAuthors","\u041f\u0440\u043e\u0446\u0435\u045a\u0435\u043d\u043e \u0432\u0440\u0435\u043c\u0435 \u0447\u0438\u0442\u0430\u045a\u0430":"5 \u043c\u0438\u043d\u0443\u0442\u0430"},"schema":{"@context":"https:\/\/schema.org","@graph":[{"@type":"Article","@id":"https:\/\/novakdjokovicfoundation.org\/sr\/deca-i-televizija-koliko-vremena-pred-tv-om-je-previse\/#article","isPartOf":{"@id":"https:\/\/novakdjokovicfoundation.org\/sr\/deca-i-televizija-koliko-vremena-pred-tv-om-je-previse\/"},"author":{"name":"NDFAuthors","@id":"https:\/\/novakdjokovicfoundation.org\/#\/schema\/person\/92d439ce9f161db2227d88016babb26d"},"headline":"Deca i televizija","datePublished":"2014-07-09T00:00:00+00:00","mainEntityOfPage":{"@id":"https:\/\/novakdjokovicfoundation.org\/sr\/deca-i-televizija-koliko-vremena-pred-tv-om-je-previse\/"},"wordCount":991,"commentCount":0,"publisher":{"@id":"https:\/\/novakdjokovicfoundation.org\/#organization"},"image":{"@id":"https:\/\/novakdjokovicfoundation.org\/sr\/deca-i-televizija-koliko-vremena-pred-tv-om-je-previse\/#primaryimage"},"thumbnailUrl":"https:\/\/novakdjokovicfoundation.org\/wp-content\/uploads\/2023\/01\/children-and-tv-2-3.jpg","keywords":["Deca","Televizija"],"articleSection":["Blog posts","Rani razvoj"],"inLanguage":"sr-RS","potentialAction":[{"@type":"CommentAction","name":"Comment","target":["https:\/\/novakdjokovicfoundation.org\/sr\/deca-i-televizija-koliko-vremena-pred-tv-om-je-previse\/#respond"]}]},{"@type":"WebPage","@id":"https:\/\/novakdjokovicfoundation.org\/sr\/deca-i-televizija-koliko-vremena-pred-tv-om-je-previse\/","url":"https:\/\/novakdjokovicfoundation.org\/sr\/deca-i-televizija-koliko-vremena-pred-tv-om-je-previse\/","name":"Deca i televizija - Novak Djokovic Foundation","isPartOf":{"@id":"https:\/\/novakdjokovicfoundation.org\/#website"},"primaryImageOfPage":{"@id":"https:\/\/novakdjokovicfoundation.org\/sr\/deca-i-televizija-koliko-vremena-pred-tv-om-je-previse\/#primaryimage"},"image":{"@id":"https:\/\/novakdjokovicfoundation.org\/sr\/deca-i-televizija-koliko-vremena-pred-tv-om-je-previse\/#primaryimage"},"thumbnailUrl":"https:\/\/novakdjokovicfoundation.org\/wp-content\/uploads\/2023\/01\/children-and-tv-2-3.jpg","datePublished":"2014-07-09T00:00:00+00:00","breadcrumb":{"@id":"https:\/\/novakdjokovicfoundation.org\/sr\/deca-i-televizija-koliko-vremena-pred-tv-om-je-previse\/#breadcrumb"},"inLanguage":"sr-RS","potentialAction":[{"@type":"ReadAction","target":["https:\/\/novakdjokovicfoundation.org\/sr\/deca-i-televizija-koliko-vremena-pred-tv-om-je-previse\/"]}]},{"@type":"ImageObject","inLanguage":"sr-RS","@id":"https:\/\/novakdjokovicfoundation.org\/sr\/deca-i-televizija-koliko-vremena-pred-tv-om-je-previse\/#primaryimage","url":"https:\/\/novakdjokovicfoundation.org\/wp-content\/uploads\/2023\/01\/children-and-tv-2-3.jpg","contentUrl":"https:\/\/novakdjokovicfoundation.org\/wp-content\/uploads\/2023\/01\/children-and-tv-2-3.jpg","width":1000,"height":667},{"@type":"BreadcrumbList","@id":"https:\/\/novakdjokovicfoundation.org\/sr\/deca-i-televizija-koliko-vremena-pred-tv-om-je-previse\/#breadcrumb","itemListElement":[{"@type":"ListItem","position":1,"name":"Home","item":"https:\/\/novakdjokovicfoundation.org\/sr\/"},{"@type":"ListItem","position":2,"name":"Deca i televizija"}]},{"@type":"WebSite","@id":"https:\/\/novakdjokovicfoundation.org\/#website","url":"https:\/\/novakdjokovicfoundation.org\/","name":"Novak Djokovic Foundation","description":"Believe in their dreams","publisher":{"@id":"https:\/\/novakdjokovicfoundation.org\/#organization"},"potentialAction":[{"@type":"SearchAction","target":{"@type":"EntryPoint","urlTemplate":"https:\/\/novakdjokovicfoundation.org\/?s={search_term_string}"},"query-input":{"@type":"PropertyValueSpecification","valueRequired":true,"valueName":"search_term_string"}}],"inLanguage":"sr-RS"},{"@type":"Organization","@id":"https:\/\/novakdjokovicfoundation.org\/#organization","name":"Novak Djokovic Foundation","url":"https:\/\/novakdjokovicfoundation.org\/","logo":{"@type":"ImageObject","inLanguage":"sr-RS","@id":"https:\/\/novakdjokovicfoundation.org\/#\/schema\/logo\/image\/","url":"https:\/\/novakdjokovicfoundation.org\/wp-content\/uploads\/2024\/12\/NDF_Logo_BLUE.svg","contentUrl":"https:\/\/novakdjokovicfoundation.org\/wp-content\/uploads\/2024\/12\/NDF_Logo_BLUE.svg","width":1,"height":1,"caption":"Novak Djokovic Foundation"},"image":{"@id":"https:\/\/novakdjokovicfoundation.org\/#\/schema\/logo\/image\/"},"sameAs":["https:\/\/www.facebook.com\/NovakDjokovicFoundation","https:\/\/x.com\/novakfoundation","https:\/\/www.instagram.com\/novakfoundation"]},{"@type":"Person","@id":"https:\/\/novakdjokovicfoundation.org\/#\/schema\/person\/92d439ce9f161db2227d88016babb26d","name":"NDFAuthors","image":{"@type":"ImageObject","inLanguage":"sr-RS","@id":"https:\/\/secure.gravatar.com\/avatar\/a56dea238b3a98b3408ef9bffaa7226d71ec06e401c449ab94453fa6c470ef8c?s=96&d=mm&r=g","url":"https:\/\/secure.gravatar.com\/avatar\/a56dea238b3a98b3408ef9bffaa7226d71ec06e401c449ab94453fa6c470ef8c?s=96&d=mm&r=g","contentUrl":"https:\/\/secure.gravatar.com\/avatar\/a56dea238b3a98b3408ef9bffaa7226d71ec06e401c449ab94453fa6c470ef8c?s=96&d=mm&r=g","caption":"NDFAuthors"},"url":"https:\/\/novakdjokovicfoundation.org\/sr\/author\/ndfauthors\/"}]}},"_links":{"self":[{"href":"https:\/\/novakdjokovicfoundation.org\/sr\/wp-json\/wp\/v2\/posts\/15729","targetHints":{"allow":["GET"]}}],"collection":[{"href":"https:\/\/novakdjokovicfoundation.org\/sr\/wp-json\/wp\/v2\/posts"}],"about":[{"href":"https:\/\/novakdjokovicfoundation.org\/sr\/wp-json\/wp\/v2\/types\/post"}],"author":[{"embeddable":true,"href":"https:\/\/novakdjokovicfoundation.org\/sr\/wp-json\/wp\/v2\/users\/5"}],"replies":[{"embeddable":true,"href":"https:\/\/novakdjokovicfoundation.org\/sr\/wp-json\/wp\/v2\/comments?post=15729"}],"version-history":[{"count":0,"href":"https:\/\/novakdjokovicfoundation.org\/sr\/wp-json\/wp\/v2\/posts\/15729\/revisions"}],"wp:featuredmedia":[{"embeddable":true,"href":"https:\/\/novakdjokovicfoundation.org\/sr\/wp-json\/wp\/v2\/media\/9598"}],"wp:attachment":[{"href":"https:\/\/novakdjokovicfoundation.org\/sr\/wp-json\/wp\/v2\/media?parent=15729"}],"wp:term":[{"taxonomy":"category","embeddable":true,"href":"https:\/\/novakdjokovicfoundation.org\/sr\/wp-json\/wp\/v2\/categories?post=15729"},{"taxonomy":"post_tag","embeddable":true,"href":"https:\/\/novakdjokovicfoundation.org\/sr\/wp-json\/wp\/v2\/tags?post=15729"}],"curies":[{"name":"wp","href":"https:\/\/api.w.org\/{rel}","templated":true}]}}