{"id":15712,"date":"2014-05-23T00:00:00","date_gmt":"2014-05-23T00:00:00","guid":{"rendered":"https:\/\/novakdjokovicfoundation.org\/budite-humani-i-pomozite-srpskom-narodu\/"},"modified":"2014-05-23T00:00:00","modified_gmt":"2014-05-23T00:00:00","slug":"budite-humani-i-pomozite-srpskom-narodu","status":"publish","type":"post","link":"https:\/\/novakdjokovicfoundation.org\/sr\/budite-humani-i-pomozite-srpskom-narodu\/","title":{"rendered":"Budite humani i pomozite srpskom narodu"},"content":{"rendered":"<p>Pogled iz Amerike: Ra\u0161irite vest, budite humani i pomozite srpskom narodu.<\/p>\n<p><!--more--><\/p>\n<p>Srbija, Bosna i Hercegovina i Hrvatska se ovih dana suo\u010davaju sa jednom od najgorih poplava koje su ikada zabele\u017eene na tlu jugoisto\u010dne Evrope. Takva prirodna katastrofa se ne pamti na ovim prostorima u poslednjih 130 godina. Me\u0111utim, ukoliko \u017eivite u Americi, mo\u017eda uop\u0161te ni ne znate \u0161ta se trenutno de\u0161ava na Balkanu.<\/p>\n<blockquote><p>U Srbiji je poplava biblijskih razmera. Imam potrebu da ukazujem na to gde god je to mogu\u0107e, jer glavni svetski mediji kao \u0161to su CNN i BBC nedovoljno izve\u0161tavaju o onome \u0161ta se de\u0161ava u Srbiji i Bosni. Ovo je jedna od najgorih poplava ikad vi\u0111enih, mnogi gradovi su evakuisani, pola zemlje mo\u017eda ne\u0107e imati struju. To mora da se poka\u017ee svetu. Treba nam pomo\u0107.<\/p><\/blockquote>\n<p>rekao je \u0110okovi\u0107 u svom intervjuu jo\u0161 tokom teniskog turnira u Rimu.<\/p>\n<p>U SAD lokalne televizijske i radio stanice fokusiraju se na pri\u010de koje su va\u017ene za njihov grad i okolno podru\u010dje. Samim tim, nije za o\u010dekivati da posvete 30-minutni program kriznim situacijama koje se de\u0161avaju u zemljama udaljenim nekoliko hiljada kilometara. Me\u0111utim, dok sam gledala vesti u udarnom terminu na jednoj poznatoj televiziji pro\u0161log petka, saznala sam o broju \u017ertava u rudniku u Turskoj, po\u017earima u Kaliforniji i nestalim devoj\u010dicama iz Nigerije.<\/p>\n<p>Mada sve ove pri\u010de zaslu\u017euju da se o njima izve\u0161tava kako bi se skrenula pa\u017enja na ljude koji su ugro\u017eeni i kojima je potrebna pomo\u0107, na\u017ealost nije bilo ni jedne re\u010di o rekordnoj koli\u010dini padavina koje su prouzrokovale katastrofalne poplave u Srbiji.<\/p>\n<div id=\"attachment_2901\" style=\"width: 1034px\" class=\"wp-caption aligncenter\"><img loading=\"lazy\" decoding=\"async\" aria-describedby=\"caption-attachment-2901\" class=\"wp-image-2901 size-full\" src=\"http:\/\/novakdjokovicfoundation.org\/wp-content\/uploads\/2014\/05\/potpoljen-auto.jpg\" alt=\"pomozite srpskom narodu\" width=\"1024\" height=\"728\" \/><p id=\"caption-attachment-2901\" class=\"wp-caption-text\">source: <a href=\"https:\/\/twitter.com\/Reuters\/status\/468811130131865600\" target=\"_blank\" rel=\"noopener\">twitter<\/a><\/p><\/div>\n<p>Nedavno sam \u010ditala vesti na nekoliko veoma pose\u0107enih sajtova. Na jednom od njih sam prona\u0161la \u201eudarne vesti\u201c iz razli\u010ditih krajeva zemljine kugle o Olimpijskom jedrenju, izborima u Ukrajini, Krimu, obalskoj stra\u017ei u Ju\u017enoj Koreji, izme\u0111u ostalog. Na drugom sajtu, pak, trebalo mi je dosta vremena da prona\u0111em najnovije vesti o poplavama. Kada sam ih kona\u010dno prona\u0161la, naslov \u010dlanka se skroz i samo odnosio na elektranu kojoj preti opasnost od poplave.<\/p>\n<p>Tek kada sam do\u0161la do kraja \u010dlanka na\u0161la sam vesti o razaranjima i \u0161teti koje su poplave do sada prouzrokovale&#8230;Volela bih da vi\u0161e Amerikanaca zna koliko je ku\u0107a i \u0161kola u Srbiji uni\u0161teno i koliko ljudi se bori da prona\u0111e vodu za pi\u0107e.<\/p>\n<p>\u010cinim sve \u0161to mogu da \u0161to vi\u0161e ljudi sazna o stra\u0161nim posledicama poplava. Kada sam svoju majku upitala da li je \u010dula za poplave (na \u0161ta mi je negativno odgovorila), informisala sam je o onome \u0161to se de\u0161ava na na drugoj strani sveta, u Srbiji, Bosni i Hrvatskoj.<\/p>\n<p><strong>Mediji ne izve\u0161tavaju dovoljno o ovoj humanitarnoj krizi, ali ja nastojim da to promenim. Zato vas molim da i vi u\u010dinite isto: Ra\u0161irite vest, budite humani i pomozite.<\/strong><\/p>\n<p>Pomozite ugro\u017eenima u poplavama. Va\u0161e donacije mo\u017eete da uplatite na ra\u010dun koji se nalazi na stranici: <a href=\"http:\/\/www.novakdjokovicfoundation.org\/donate.12.html\" target=\"_blank\" rel=\"noopener\">http:\/\/www.novakdjokovicfoundation.org\/donate.12.html<\/a><\/p>\n","protected":false},"excerpt":{"rendered":"<p>Pogled iz Amerike: Ra\u0161irite vest, budite humani i pomozite srpskom narodu.<\/p>\n","protected":false},"author":5,"featured_media":15713,"comment_status":"open","ping_status":"open","sticky":false,"template":"","format":"standard","meta":{"_acf_changed":false,"footnotes":""},"categories":[20,10,31],"tags":[1306,1294,625,1303,1304,1305,1300],"class_list":["post-15712","post","type-post","status-publish","format-standard","has-post-thumbnail","hentry","category-blog-posts","category-rana-podrska","category-roditeljstvo","tag-humanitarna-pomoc","tag-pomoc","tag-poplave","tag-poplave-na-balkanu","tag-poplave-u-bosni","tag-poplave-u-hrvatskoj","tag-poplave-u-srbiji"],"acf":[],"yoast_head":"<!-- This site is optimized with the Yoast SEO plugin v27.4 - https:\/\/yoast.com\/product\/yoast-seo-wordpress\/ -->\n<title>Budite humani i pomozite srpskom narodu - Novak Djokovic Foundation<\/title>\n<meta name=\"robots\" content=\"index, follow, max-snippet:-1, max-image-preview:large, max-video-preview:-1\" \/>\n<link rel=\"canonical\" href=\"https:\/\/novakdjokovicfoundation.org\/sr\/budite-humani-i-pomozite-srpskom-narodu\/\" \/>\n<meta property=\"og:locale\" content=\"sr_RS\" \/>\n<meta property=\"og:type\" content=\"article\" \/>\n<meta property=\"og:title\" content=\"Budite humani i pomozite srpskom narodu - Novak Djokovic Foundation\" \/>\n<meta property=\"og:description\" content=\"Pogled iz Amerike: Ra\u0161irite vest, budite humani i pomozite srpskom narodu.\" \/>\n<meta property=\"og:url\" content=\"https:\/\/novakdjokovicfoundation.org\/sr\/budite-humani-i-pomozite-srpskom-narodu\/\" \/>\n<meta property=\"og:site_name\" content=\"Novak Djokovic Foundation\" \/>\n<meta property=\"article:publisher\" content=\"https:\/\/www.facebook.com\/NovakDjokovicFoundation\" \/>\n<meta property=\"article:published_time\" content=\"2014-05-23T00:00:00+00:00\" \/>\n<meta property=\"og:image\" content=\"https:\/\/novakdjokovicfoundation.org\/wp-content\/uploads\/2023\/02\/poplave-na-balkanu2.jpg\" \/>\n\t<meta property=\"og:image:width\" content=\"670\" \/>\n\t<meta property=\"og:image:height\" content=\"342\" \/>\n\t<meta property=\"og:image:type\" content=\"image\/jpeg\" \/>\n<meta name=\"author\" content=\"NDFAuthors\" \/>\n<meta name=\"twitter:card\" content=\"summary_large_image\" \/>\n<meta name=\"twitter:creator\" content=\"@novakfoundation\" \/>\n<meta name=\"twitter:site\" content=\"@novakfoundation\" \/>\n<meta name=\"twitter:label1\" content=\"\u041d\u0430\u043f\u0438\u0441\u0430\u043d\u043e \u043e\u0434\" \/>\n\t<meta name=\"twitter:data1\" content=\"NDFAuthors\" \/>\n\t<meta name=\"twitter:label2\" content=\"\u041f\u0440\u043e\u0446\u0435\u045a\u0435\u043d\u043e \u0432\u0440\u0435\u043c\u0435 \u0447\u0438\u0442\u0430\u045a\u0430\" \/>\n\t<meta name=\"twitter:data2\" content=\"3 \u043c\u0438\u043d\u0443\u0442\u0430\" \/>\n<script type=\"application\/ld+json\" class=\"yoast-schema-graph\">{\"@context\":\"https:\\\/\\\/schema.org\",\"@graph\":[{\"@type\":\"Article\",\"@id\":\"https:\\\/\\\/novakdjokovicfoundation.org\\\/sr\\\/budite-humani-i-pomozite-srpskom-narodu\\\/#article\",\"isPartOf\":{\"@id\":\"https:\\\/\\\/novakdjokovicfoundation.org\\\/sr\\\/budite-humani-i-pomozite-srpskom-narodu\\\/\"},\"author\":{\"name\":\"NDFAuthors\",\"@id\":\"https:\\\/\\\/novakdjokovicfoundation.org\\\/#\\\/schema\\\/person\\\/92d439ce9f161db2227d88016babb26d\"},\"headline\":\"Budite humani i pomozite srpskom narodu\",\"datePublished\":\"2014-05-23T00:00:00+00:00\",\"mainEntityOfPage\":{\"@id\":\"https:\\\/\\\/novakdjokovicfoundation.org\\\/sr\\\/budite-humani-i-pomozite-srpskom-narodu\\\/\"},\"wordCount\":537,\"commentCount\":0,\"publisher\":{\"@id\":\"https:\\\/\\\/novakdjokovicfoundation.org\\\/#organization\"},\"image\":{\"@id\":\"https:\\\/\\\/novakdjokovicfoundation.org\\\/sr\\\/budite-humani-i-pomozite-srpskom-narodu\\\/#primaryimage\"},\"thumbnailUrl\":\"https:\\\/\\\/novakdjokovicfoundation.org\\\/wp-content\\\/uploads\\\/2023\\\/02\\\/poplave-na-balkanu2.jpg\",\"keywords\":[\"humanitarna pomo\u0107\",\"pomo\u0107\",\"Poplave\",\"poplave na balkanu\",\"poplave u bosni\",\"poplave u hrvatskoj\",\"poplave u Srbiji\"],\"articleSection\":[\"Blog posts\",\"Rana podr\u0161ka\",\"Roditeljstvo\"],\"inLanguage\":\"sr-RS\",\"potentialAction\":[{\"@type\":\"CommentAction\",\"name\":\"Comment\",\"target\":[\"https:\\\/\\\/novakdjokovicfoundation.org\\\/sr\\\/budite-humani-i-pomozite-srpskom-narodu\\\/#respond\"]}]},{\"@type\":\"WebPage\",\"@id\":\"https:\\\/\\\/novakdjokovicfoundation.org\\\/sr\\\/budite-humani-i-pomozite-srpskom-narodu\\\/\",\"url\":\"https:\\\/\\\/novakdjokovicfoundation.org\\\/sr\\\/budite-humani-i-pomozite-srpskom-narodu\\\/\",\"name\":\"Budite humani i pomozite srpskom narodu - Novak Djokovic Foundation\",\"isPartOf\":{\"@id\":\"https:\\\/\\\/novakdjokovicfoundation.org\\\/#website\"},\"primaryImageOfPage\":{\"@id\":\"https:\\\/\\\/novakdjokovicfoundation.org\\\/sr\\\/budite-humani-i-pomozite-srpskom-narodu\\\/#primaryimage\"},\"image\":{\"@id\":\"https:\\\/\\\/novakdjokovicfoundation.org\\\/sr\\\/budite-humani-i-pomozite-srpskom-narodu\\\/#primaryimage\"},\"thumbnailUrl\":\"https:\\\/\\\/novakdjokovicfoundation.org\\\/wp-content\\\/uploads\\\/2023\\\/02\\\/poplave-na-balkanu2.jpg\",\"datePublished\":\"2014-05-23T00:00:00+00:00\",\"breadcrumb\":{\"@id\":\"https:\\\/\\\/novakdjokovicfoundation.org\\\/sr\\\/budite-humani-i-pomozite-srpskom-narodu\\\/#breadcrumb\"},\"inLanguage\":\"sr-RS\",\"potentialAction\":[{\"@type\":\"ReadAction\",\"target\":[\"https:\\\/\\\/novakdjokovicfoundation.org\\\/sr\\\/budite-humani-i-pomozite-srpskom-narodu\\\/\"]}]},{\"@type\":\"ImageObject\",\"inLanguage\":\"sr-RS\",\"@id\":\"https:\\\/\\\/novakdjokovicfoundation.org\\\/sr\\\/budite-humani-i-pomozite-srpskom-narodu\\\/#primaryimage\",\"url\":\"https:\\\/\\\/novakdjokovicfoundation.org\\\/wp-content\\\/uploads\\\/2023\\\/02\\\/poplave-na-balkanu2.jpg\",\"contentUrl\":\"https:\\\/\\\/novakdjokovicfoundation.org\\\/wp-content\\\/uploads\\\/2023\\\/02\\\/poplave-na-balkanu2.jpg\",\"width\":670,\"height\":342},{\"@type\":\"BreadcrumbList\",\"@id\":\"https:\\\/\\\/novakdjokovicfoundation.org\\\/sr\\\/budite-humani-i-pomozite-srpskom-narodu\\\/#breadcrumb\",\"itemListElement\":[{\"@type\":\"ListItem\",\"position\":1,\"name\":\"Home\",\"item\":\"https:\\\/\\\/novakdjokovicfoundation.org\\\/sr\\\/\"},{\"@type\":\"ListItem\",\"position\":2,\"name\":\"Budite humani i pomozite srpskom narodu\"}]},{\"@type\":\"WebSite\",\"@id\":\"https:\\\/\\\/novakdjokovicfoundation.org\\\/#website\",\"url\":\"https:\\\/\\\/novakdjokovicfoundation.org\\\/\",\"name\":\"Novak Djokovic Foundation\",\"description\":\"Believe in their dreams\",\"publisher\":{\"@id\":\"https:\\\/\\\/novakdjokovicfoundation.org\\\/#organization\"},\"potentialAction\":[{\"@type\":\"SearchAction\",\"target\":{\"@type\":\"EntryPoint\",\"urlTemplate\":\"https:\\\/\\\/novakdjokovicfoundation.org\\\/?s={search_term_string}\"},\"query-input\":{\"@type\":\"PropertyValueSpecification\",\"valueRequired\":true,\"valueName\":\"search_term_string\"}}],\"inLanguage\":\"sr-RS\"},{\"@type\":\"Organization\",\"@id\":\"https:\\\/\\\/novakdjokovicfoundation.org\\\/#organization\",\"name\":\"Novak Djokovic Foundation\",\"url\":\"https:\\\/\\\/novakdjokovicfoundation.org\\\/\",\"logo\":{\"@type\":\"ImageObject\",\"inLanguage\":\"sr-RS\",\"@id\":\"https:\\\/\\\/novakdjokovicfoundation.org\\\/#\\\/schema\\\/logo\\\/image\\\/\",\"url\":\"https:\\\/\\\/novakdjokovicfoundation.org\\\/wp-content\\\/uploads\\\/2024\\\/12\\\/NDF_Logo_BLUE.svg\",\"contentUrl\":\"https:\\\/\\\/novakdjokovicfoundation.org\\\/wp-content\\\/uploads\\\/2024\\\/12\\\/NDF_Logo_BLUE.svg\",\"width\":1,\"height\":1,\"caption\":\"Novak Djokovic Foundation\"},\"image\":{\"@id\":\"https:\\\/\\\/novakdjokovicfoundation.org\\\/#\\\/schema\\\/logo\\\/image\\\/\"},\"sameAs\":[\"https:\\\/\\\/www.facebook.com\\\/NovakDjokovicFoundation\",\"https:\\\/\\\/x.com\\\/novakfoundation\",\"https:\\\/\\\/www.instagram.com\\\/novakfoundation\"]},{\"@type\":\"Person\",\"@id\":\"https:\\\/\\\/novakdjokovicfoundation.org\\\/#\\\/schema\\\/person\\\/92d439ce9f161db2227d88016babb26d\",\"name\":\"NDFAuthors\",\"image\":{\"@type\":\"ImageObject\",\"inLanguage\":\"sr-RS\",\"@id\":\"https:\\\/\\\/secure.gravatar.com\\\/avatar\\\/a56dea238b3a98b3408ef9bffaa7226d71ec06e401c449ab94453fa6c470ef8c?s=96&d=mm&r=g\",\"url\":\"https:\\\/\\\/secure.gravatar.com\\\/avatar\\\/a56dea238b3a98b3408ef9bffaa7226d71ec06e401c449ab94453fa6c470ef8c?s=96&d=mm&r=g\",\"contentUrl\":\"https:\\\/\\\/secure.gravatar.com\\\/avatar\\\/a56dea238b3a98b3408ef9bffaa7226d71ec06e401c449ab94453fa6c470ef8c?s=96&d=mm&r=g\",\"caption\":\"NDFAuthors\"},\"url\":\"https:\\\/\\\/novakdjokovicfoundation.org\\\/sr\\\/author\\\/ndfauthors\\\/\"}]}<\/script>\n<!-- \/ Yoast SEO plugin. -->","yoast_head_json":{"title":"Budite humani i pomozite srpskom narodu - Novak Djokovic Foundation","robots":{"index":"index","follow":"follow","max-snippet":"max-snippet:-1","max-image-preview":"max-image-preview:large","max-video-preview":"max-video-preview:-1"},"canonical":"https:\/\/novakdjokovicfoundation.org\/sr\/budite-humani-i-pomozite-srpskom-narodu\/","og_locale":"sr_RS","og_type":"article","og_title":"Budite humani i pomozite srpskom narodu - Novak Djokovic Foundation","og_description":"Pogled iz Amerike: Ra\u0161irite vest, budite humani i pomozite srpskom narodu.","og_url":"https:\/\/novakdjokovicfoundation.org\/sr\/budite-humani-i-pomozite-srpskom-narodu\/","og_site_name":"Novak Djokovic Foundation","article_publisher":"https:\/\/www.facebook.com\/NovakDjokovicFoundation","article_published_time":"2014-05-23T00:00:00+00:00","og_image":[{"width":670,"height":342,"url":"https:\/\/novakdjokovicfoundation.org\/wp-content\/uploads\/2023\/02\/poplave-na-balkanu2.jpg","type":"image\/jpeg"}],"author":"NDFAuthors","twitter_card":"summary_large_image","twitter_creator":"@novakfoundation","twitter_site":"@novakfoundation","twitter_misc":{"\u041d\u0430\u043f\u0438\u0441\u0430\u043d\u043e \u043e\u0434":"NDFAuthors","\u041f\u0440\u043e\u0446\u0435\u045a\u0435\u043d\u043e \u0432\u0440\u0435\u043c\u0435 \u0447\u0438\u0442\u0430\u045a\u0430":"3 \u043c\u0438\u043d\u0443\u0442\u0430"},"schema":{"@context":"https:\/\/schema.org","@graph":[{"@type":"Article","@id":"https:\/\/novakdjokovicfoundation.org\/sr\/budite-humani-i-pomozite-srpskom-narodu\/#article","isPartOf":{"@id":"https:\/\/novakdjokovicfoundation.org\/sr\/budite-humani-i-pomozite-srpskom-narodu\/"},"author":{"name":"NDFAuthors","@id":"https:\/\/novakdjokovicfoundation.org\/#\/schema\/person\/92d439ce9f161db2227d88016babb26d"},"headline":"Budite humani i pomozite srpskom narodu","datePublished":"2014-05-23T00:00:00+00:00","mainEntityOfPage":{"@id":"https:\/\/novakdjokovicfoundation.org\/sr\/budite-humani-i-pomozite-srpskom-narodu\/"},"wordCount":537,"commentCount":0,"publisher":{"@id":"https:\/\/novakdjokovicfoundation.org\/#organization"},"image":{"@id":"https:\/\/novakdjokovicfoundation.org\/sr\/budite-humani-i-pomozite-srpskom-narodu\/#primaryimage"},"thumbnailUrl":"https:\/\/novakdjokovicfoundation.org\/wp-content\/uploads\/2023\/02\/poplave-na-balkanu2.jpg","keywords":["humanitarna pomo\u0107","pomo\u0107","Poplave","poplave na balkanu","poplave u bosni","poplave u hrvatskoj","poplave u Srbiji"],"articleSection":["Blog posts","Rana podr\u0161ka","Roditeljstvo"],"inLanguage":"sr-RS","potentialAction":[{"@type":"CommentAction","name":"Comment","target":["https:\/\/novakdjokovicfoundation.org\/sr\/budite-humani-i-pomozite-srpskom-narodu\/#respond"]}]},{"@type":"WebPage","@id":"https:\/\/novakdjokovicfoundation.org\/sr\/budite-humani-i-pomozite-srpskom-narodu\/","url":"https:\/\/novakdjokovicfoundation.org\/sr\/budite-humani-i-pomozite-srpskom-narodu\/","name":"Budite humani i pomozite srpskom narodu - Novak Djokovic Foundation","isPartOf":{"@id":"https:\/\/novakdjokovicfoundation.org\/#website"},"primaryImageOfPage":{"@id":"https:\/\/novakdjokovicfoundation.org\/sr\/budite-humani-i-pomozite-srpskom-narodu\/#primaryimage"},"image":{"@id":"https:\/\/novakdjokovicfoundation.org\/sr\/budite-humani-i-pomozite-srpskom-narodu\/#primaryimage"},"thumbnailUrl":"https:\/\/novakdjokovicfoundation.org\/wp-content\/uploads\/2023\/02\/poplave-na-balkanu2.jpg","datePublished":"2014-05-23T00:00:00+00:00","breadcrumb":{"@id":"https:\/\/novakdjokovicfoundation.org\/sr\/budite-humani-i-pomozite-srpskom-narodu\/#breadcrumb"},"inLanguage":"sr-RS","potentialAction":[{"@type":"ReadAction","target":["https:\/\/novakdjokovicfoundation.org\/sr\/budite-humani-i-pomozite-srpskom-narodu\/"]}]},{"@type":"ImageObject","inLanguage":"sr-RS","@id":"https:\/\/novakdjokovicfoundation.org\/sr\/budite-humani-i-pomozite-srpskom-narodu\/#primaryimage","url":"https:\/\/novakdjokovicfoundation.org\/wp-content\/uploads\/2023\/02\/poplave-na-balkanu2.jpg","contentUrl":"https:\/\/novakdjokovicfoundation.org\/wp-content\/uploads\/2023\/02\/poplave-na-balkanu2.jpg","width":670,"height":342},{"@type":"BreadcrumbList","@id":"https:\/\/novakdjokovicfoundation.org\/sr\/budite-humani-i-pomozite-srpskom-narodu\/#breadcrumb","itemListElement":[{"@type":"ListItem","position":1,"name":"Home","item":"https:\/\/novakdjokovicfoundation.org\/sr\/"},{"@type":"ListItem","position":2,"name":"Budite humani i pomozite srpskom narodu"}]},{"@type":"WebSite","@id":"https:\/\/novakdjokovicfoundation.org\/#website","url":"https:\/\/novakdjokovicfoundation.org\/","name":"Novak Djokovic Foundation","description":"Believe in their dreams","publisher":{"@id":"https:\/\/novakdjokovicfoundation.org\/#organization"},"potentialAction":[{"@type":"SearchAction","target":{"@type":"EntryPoint","urlTemplate":"https:\/\/novakdjokovicfoundation.org\/?s={search_term_string}"},"query-input":{"@type":"PropertyValueSpecification","valueRequired":true,"valueName":"search_term_string"}}],"inLanguage":"sr-RS"},{"@type":"Organization","@id":"https:\/\/novakdjokovicfoundation.org\/#organization","name":"Novak Djokovic Foundation","url":"https:\/\/novakdjokovicfoundation.org\/","logo":{"@type":"ImageObject","inLanguage":"sr-RS","@id":"https:\/\/novakdjokovicfoundation.org\/#\/schema\/logo\/image\/","url":"https:\/\/novakdjokovicfoundation.org\/wp-content\/uploads\/2024\/12\/NDF_Logo_BLUE.svg","contentUrl":"https:\/\/novakdjokovicfoundation.org\/wp-content\/uploads\/2024\/12\/NDF_Logo_BLUE.svg","width":1,"height":1,"caption":"Novak Djokovic Foundation"},"image":{"@id":"https:\/\/novakdjokovicfoundation.org\/#\/schema\/logo\/image\/"},"sameAs":["https:\/\/www.facebook.com\/NovakDjokovicFoundation","https:\/\/x.com\/novakfoundation","https:\/\/www.instagram.com\/novakfoundation"]},{"@type":"Person","@id":"https:\/\/novakdjokovicfoundation.org\/#\/schema\/person\/92d439ce9f161db2227d88016babb26d","name":"NDFAuthors","image":{"@type":"ImageObject","inLanguage":"sr-RS","@id":"https:\/\/secure.gravatar.com\/avatar\/a56dea238b3a98b3408ef9bffaa7226d71ec06e401c449ab94453fa6c470ef8c?s=96&d=mm&r=g","url":"https:\/\/secure.gravatar.com\/avatar\/a56dea238b3a98b3408ef9bffaa7226d71ec06e401c449ab94453fa6c470ef8c?s=96&d=mm&r=g","contentUrl":"https:\/\/secure.gravatar.com\/avatar\/a56dea238b3a98b3408ef9bffaa7226d71ec06e401c449ab94453fa6c470ef8c?s=96&d=mm&r=g","caption":"NDFAuthors"},"url":"https:\/\/novakdjokovicfoundation.org\/sr\/author\/ndfauthors\/"}]}},"_links":{"self":[{"href":"https:\/\/novakdjokovicfoundation.org\/sr\/wp-json\/wp\/v2\/posts\/15712","targetHints":{"allow":["GET"]}}],"collection":[{"href":"https:\/\/novakdjokovicfoundation.org\/sr\/wp-json\/wp\/v2\/posts"}],"about":[{"href":"https:\/\/novakdjokovicfoundation.org\/sr\/wp-json\/wp\/v2\/types\/post"}],"author":[{"embeddable":true,"href":"https:\/\/novakdjokovicfoundation.org\/sr\/wp-json\/wp\/v2\/users\/5"}],"replies":[{"embeddable":true,"href":"https:\/\/novakdjokovicfoundation.org\/sr\/wp-json\/wp\/v2\/comments?post=15712"}],"version-history":[{"count":0,"href":"https:\/\/novakdjokovicfoundation.org\/sr\/wp-json\/wp\/v2\/posts\/15712\/revisions"}],"wp:featuredmedia":[{"embeddable":true,"href":"https:\/\/novakdjokovicfoundation.org\/sr\/wp-json\/wp\/v2\/media\/15713"}],"wp:attachment":[{"href":"https:\/\/novakdjokovicfoundation.org\/sr\/wp-json\/wp\/v2\/media?parent=15712"}],"wp:term":[{"taxonomy":"category","embeddable":true,"href":"https:\/\/novakdjokovicfoundation.org\/sr\/wp-json\/wp\/v2\/categories?post=15712"},{"taxonomy":"post_tag","embeddable":true,"href":"https:\/\/novakdjokovicfoundation.org\/sr\/wp-json\/wp\/v2\/tags?post=15712"}],"curies":[{"name":"wp","href":"https:\/\/api.w.org\/{rel}","templated":true}]}}