{"id":15705,"date":"2014-04-30T00:00:00","date_gmt":"2014-04-30T00:00:00","guid":{"rendered":"https:\/\/novakdjokovicfoundation.org\/nahranipsa-ulepsaj-sebi-i-drugome-dan\/"},"modified":"2014-04-30T00:00:00","modified_gmt":"2014-04-30T00:00:00","slug":"nahranipsa-ulepsaj-sebi-i-drugome-dan","status":"publish","type":"post","link":"https:\/\/novakdjokovicfoundation.org\/sr\/nahranipsa-ulepsaj-sebi-i-drugome-dan\/","title":{"rendered":"Nahrani psa kampanja"},"content":{"rendered":"<p><em>Od samog po\u010detka \u017eelela sam da akcija\u00a0<strong>Nahrani Psa<\/strong>\u00a0bude druga\u010dija.<\/em><\/p>\n<p><!--more--><\/p>\n<p>Svako jutro i popodne \u0161etam moju pekinezerku Soukie. Ona ima \u017eivot iz snova; apsolutnu ljubav i pa\u017enju mog de\u010dka i mene, fino se hrani, kupam je redovno, uvek miri\u0161e lepo, a tu su i jaknice, bundice, patike, haljinice i svakojake ogrlice. U njenom slu\u010daju, fraza \u201cpse\u0107i \u017eivot\u201d ima potpuno suprotno zna\u010denje.<\/p>\n<p>I dok tako \u0161etamo, oko Neimarskog parka, gotovo uvek naletimo na mr\u0161avog napu\u0161tenog psa tu\u017enog pogleda. Gleda pse\u0107im okicama u Soukie, pa u mene, kao da moli za malo pa\u017enje i ljubavi. Pri\u0111emo mu uvek. Omiri\u0161e Soukie, a meni poljubi ruku. Nije zavidan, samo je tu\u017ean \u0161to nema svog \u010doveka. Pitam se o \u010demu li razmi\u0161lja kada svakodnevno pored njega pro\u0111e stotine ljudi sa svojim psima. Kako je to ne pripadati nikome? Nemati pomo\u0107? Nemati krov nad glavom? Moliti za par\u010de hleba?<\/p>\n<p>Soukie i ja ubrzano odlazimo do obli\u017enje prodavnice i kupujemo parizer. Vra\u0107amo se kod na\u0161eg drugara. Presre\u0107an je! Sre\u0107na sam \u0161to sam mu na trenutak olak\u0161ala \u017eivot, ali srce mi se kida dok ga gledam kako u sekundi lju\u0161ti 400 grama parizera. <strong>Da li je hrana sve \u0161to mogu u ovom momentu da mu pru\u017eim?<\/strong><\/p>\n<p><a href=\"http:\/\/novakdjokovicfoundation.org\/wp-content\/uploads\/2014\/04\/8731072852_34ffcf01e9_b.jpg\"><img loading=\"lazy\" decoding=\"async\" class=\"aligncenter size-large wp-image-2651\" src=\"http:\/\/novakdjokovicfoundation.org\/wp-content\/uploads\/2014\/04\/8731072852_34ffcf01e9_b-508x381.jpg\" alt=\"8731072852_34ffcf01e9_b\" width=\"508\" height=\"381\" \/><\/a><\/p>\n<p>Tu ideju ra\u0111a dugo \u010duvana \u017eelja da pomognem \u017eivotinjama. Spajam znanje o dru\u0161tvenim mre\u017eama i aktuelne internet trendove sa ljubavlju prema napu\u0161tenim psima. U glavi se ra\u0111a hashtag <strong>#NahraniPsa<\/strong> i prva Instagram fotografija. A onda i pitanje: \u201c<strong>Hej! Pa ako smo ovo nas dve uradile &#8211; to mo\u017ee svako!<\/strong>\u201d. Ne mogu vam objasniti kojom brzinom sam otr\u010dala do stana u strahu da mi ideja ne ispari iz glave. Odmah sam sela za komp i nastala je Facebook stranica\u00a0<strong><a href=\"https:\/\/www.facebook.com\/NahraniPsa\">Nahrani Psa<\/a><\/strong>.<\/p>\n<p>Od samog po\u010detka \u017eelela sam da akcija <strong>NahraniPsa<\/strong> bude druga\u010dija. \u017divimo u vremenu koje nije ba\u0161 predivno. Mnogi od nas ne mogu da izdvoje novac, ali zato skoro svi mogu da odvoje ostatke od ru\u010dka, koje ina\u010de bacaju, i malo vode iznesu nekom izgladnelom psu. U principu, akcija je fokusirana na pse, ali cilj nam je da razvijanjem plemenitosti prema napu\u0161tenim psima, razvijamo i plemenitost prema svim \u017eivotinjama. \u010covek koji poma\u017ee psima, pomaga\u0107e i drugim \u017eivotinjama.<\/p>\n<p><strong>Ljudi koji poma\u017eu napu\u0161tenim \u017eivotinjama<\/strong> &#8211; <strong>oni su istinski heroji dana\u0161njice<\/strong>. Mnogi se odri\u010du polovine ili celog obroka kada vide gladne okice psa na ulici. postoje i oni koji u gepeku automobila ili u torbi imaju uvek ne\u0161to granula. Akcija NahraniPsa omogu\u0107ila je meni, ali i svima koji aktivno u\u010destvuju u njoj da verujemo u dobrotu ljudi.<\/p>\n<p>Pored hranjenja pasa, na\u0161a akcija poma\u017ee napu\u0161tenim psima u zaista te\u0161kom polo\u017eaju. Na primer, pre oko dva meseca javila nam se devojka koja je sa ulice pokupila psa sa slomljenom ki\u010dmom. Veterinar je rekao da psa treba uspavati jer \u0107e se mu\u010diti sa bolovima, ali devojka nije \u017eelela ni da \u010duje. Dovela je psa, kome je dala ime Balu, ku\u0107i i obratila se akciji NahraniPsa za pomo\u0107. Za oko mesec dana prikupljena su sredstva za Baluova kolica, lekove i ostale potrebe. Najfascinantnije od svega je da je Balu, pored Andreine ljubavi i pa\u017enje, po\u010deo da hoda i bez kolica! Pogledajte <a href=\"https:\/\/www.facebook.com\/photo.php?v=310856335728382&amp;set=vb.100004120533542&amp;type=2&amp;theater\" target=\"_blank\" rel=\"noopener\">video<\/a>.<\/p>\n<p>To su stvari zbog kojih se \u017eivi. <strong>Ose\u0107aj da ste nemo\u0107nom bi\u0107u pomogli je neprocenjiv. <\/strong>Krenete ujutru u \u0161kolu, dan je siv, a onda naletite na malog krznatog prijatelja. Date mu ne\u0161to hrane. On zama\u0161e repom &#8211; dan vam je odmah sun\u010dan!<\/p>\n<p><a href=\"http:\/\/novakdjokovicfoundation.org\/wp-content\/uploads\/2014\/04\/6186718419_b5c3849df2_b.jpg\"><img loading=\"lazy\" decoding=\"async\" class=\"aligncenter size-large wp-image-2662\" src=\"http:\/\/novakdjokovicfoundation.org\/wp-content\/uploads\/2014\/04\/6186718419_b5c3849df2_b-508x338.jpg\" alt=\"6186718419_b5c3849df2_b\" width=\"508\" height=\"338\" \/><\/a><\/p>\n<p>&nbsp;<\/p>\n<p>&nbsp;<\/p>\n<h3>Foto krediti:<\/h3>\n<p>Slika 1.\u00a0<a style=\"color: #b31212;\" href=\"http:\/\/www.flickr.com\/photos\/25866036@N05\/\" target=\"_blank\" rel=\"nofollow noopener\">rollanb<\/a><span style=\"color: #222222;\">\u00a0\/\u00a0<\/span><a style=\"color: #9c1010;\" href=\"http:\/\/www.flickr.com\/photos\/rollanb\/3545177630\/\" target=\"_blank\" rel=\"nofollow noopener\">photo on flickr<\/a><br \/>\nSlika 2. London zove &#8211;\u00a0<a class=\"author\" style=\"color: #000000;\" href=\"http:\/\/www.flickr.com\/photos\/thomasleuthard\/\" target=\"_blank\" rel=\"noopener\">Thomas Leuthard<\/a><br \/>\nSlika 3. Pas &#8211;\u00a0<a class=\"author\" style=\"color: #000000;\" href=\"http:\/\/www.flickr.com\/photos\/cubmundo\/\" target=\"_blank\" rel=\"noopener\">Cubmundo<\/a><\/p>\n","protected":false},"excerpt":{"rendered":"<p>Od samog po\u010detka \u017eelela sam da akcija\u00a0Nahrani Psa\u00a0bude druga\u010dija.<\/p>\n","protected":false},"author":5,"featured_media":0,"comment_status":"open","ping_status":"open","sticky":false,"template":"","format":"standard","meta":{"_acf_changed":false,"footnotes":""},"categories":[10],"tags":[1285,1286,1287,1127,1282,1283,1284],"class_list":["post-15705","post","type-post","status-publish","format-standard","hentry","category-rana-podrska","tag-akcija","tag-heroji-danasnjice","tag-inspirativne-price","tag-lepe-vesti","tag-pomagati","tag-psi","tag-zivotinje"],"acf":[],"yoast_head":"<!-- This site is optimized with the Yoast SEO plugin v27.4 - https:\/\/yoast.com\/product\/yoast-seo-wordpress\/ -->\n<title>Nahrani psa kampanja - Novak Djokovic Foundation<\/title>\n<meta name=\"robots\" content=\"index, follow, max-snippet:-1, max-image-preview:large, max-video-preview:-1\" \/>\n<link rel=\"canonical\" href=\"https:\/\/novakdjokovicfoundation.org\/sr\/nahranipsa-ulepsaj-sebi-i-drugome-dan\/\" \/>\n<meta property=\"og:locale\" content=\"sr_RS\" \/>\n<meta property=\"og:type\" content=\"article\" \/>\n<meta property=\"og:title\" content=\"Nahrani psa kampanja - Novak Djokovic Foundation\" \/>\n<meta property=\"og:description\" content=\"Od samog po\u010detka \u017eelela sam da akcija\u00a0Nahrani Psa\u00a0bude druga\u010dija.\" \/>\n<meta property=\"og:url\" content=\"https:\/\/novakdjokovicfoundation.org\/sr\/nahranipsa-ulepsaj-sebi-i-drugome-dan\/\" \/>\n<meta property=\"og:site_name\" content=\"Novak Djokovic Foundation\" \/>\n<meta property=\"article:publisher\" content=\"https:\/\/www.facebook.com\/NovakDjokovicFoundation\" \/>\n<meta property=\"article:published_time\" content=\"2014-04-30T00:00:00+00:00\" \/>\n<meta property=\"og:image\" content=\"http:\/\/novakdjokovicfoundation.org\/wp-content\/uploads\/2014\/04\/8731072852_34ffcf01e9_b-508x381.jpg\" \/>\n<meta name=\"author\" content=\"NDFAuthors\" \/>\n<meta name=\"twitter:card\" content=\"summary_large_image\" \/>\n<meta name=\"twitter:creator\" content=\"@novakfoundation\" \/>\n<meta name=\"twitter:site\" content=\"@novakfoundation\" \/>\n<meta name=\"twitter:label1\" content=\"\u041d\u0430\u043f\u0438\u0441\u0430\u043d\u043e \u043e\u0434\" \/>\n\t<meta name=\"twitter:data1\" content=\"NDFAuthors\" \/>\n\t<meta name=\"twitter:label2\" content=\"\u041f\u0440\u043e\u0446\u0435\u045a\u0435\u043d\u043e \u0432\u0440\u0435\u043c\u0435 \u0447\u0438\u0442\u0430\u045a\u0430\" \/>\n\t<meta name=\"twitter:data2\" content=\"3 \u043c\u0438\u043d\u0443\u0442\u0430\" \/>\n<script type=\"application\/ld+json\" class=\"yoast-schema-graph\">{\"@context\":\"https:\\\/\\\/schema.org\",\"@graph\":[{\"@type\":\"Article\",\"@id\":\"https:\\\/\\\/novakdjokovicfoundation.org\\\/sr\\\/nahranipsa-ulepsaj-sebi-i-drugome-dan\\\/#article\",\"isPartOf\":{\"@id\":\"https:\\\/\\\/novakdjokovicfoundation.org\\\/sr\\\/nahranipsa-ulepsaj-sebi-i-drugome-dan\\\/\"},\"author\":{\"name\":\"NDFAuthors\",\"@id\":\"https:\\\/\\\/novakdjokovicfoundation.org\\\/#\\\/schema\\\/person\\\/92d439ce9f161db2227d88016babb26d\"},\"headline\":\"Nahrani psa kampanja\",\"datePublished\":\"2014-04-30T00:00:00+00:00\",\"mainEntityOfPage\":{\"@id\":\"https:\\\/\\\/novakdjokovicfoundation.org\\\/sr\\\/nahranipsa-ulepsaj-sebi-i-drugome-dan\\\/\"},\"wordCount\":640,\"commentCount\":0,\"publisher\":{\"@id\":\"https:\\\/\\\/novakdjokovicfoundation.org\\\/#organization\"},\"image\":{\"@id\":\"https:\\\/\\\/novakdjokovicfoundation.org\\\/sr\\\/nahranipsa-ulepsaj-sebi-i-drugome-dan\\\/#primaryimage\"},\"thumbnailUrl\":\"http:\\\/\\\/novakdjokovicfoundation.org\\\/wp-content\\\/uploads\\\/2014\\\/04\\\/8731072852_34ffcf01e9_b-508x381.jpg\",\"keywords\":[\"akcija\",\"heroji dana\u0161njice\",\"inspirativne price\",\"lepe vesti\",\"pomagati\",\"psi\",\"\u017eivotinje\"],\"articleSection\":[\"Rana podr\u0161ka\"],\"inLanguage\":\"sr-RS\",\"potentialAction\":[{\"@type\":\"CommentAction\",\"name\":\"Comment\",\"target\":[\"https:\\\/\\\/novakdjokovicfoundation.org\\\/sr\\\/nahranipsa-ulepsaj-sebi-i-drugome-dan\\\/#respond\"]}]},{\"@type\":\"WebPage\",\"@id\":\"https:\\\/\\\/novakdjokovicfoundation.org\\\/sr\\\/nahranipsa-ulepsaj-sebi-i-drugome-dan\\\/\",\"url\":\"https:\\\/\\\/novakdjokovicfoundation.org\\\/sr\\\/nahranipsa-ulepsaj-sebi-i-drugome-dan\\\/\",\"name\":\"Nahrani psa kampanja - Novak Djokovic Foundation\",\"isPartOf\":{\"@id\":\"https:\\\/\\\/novakdjokovicfoundation.org\\\/#website\"},\"primaryImageOfPage\":{\"@id\":\"https:\\\/\\\/novakdjokovicfoundation.org\\\/sr\\\/nahranipsa-ulepsaj-sebi-i-drugome-dan\\\/#primaryimage\"},\"image\":{\"@id\":\"https:\\\/\\\/novakdjokovicfoundation.org\\\/sr\\\/nahranipsa-ulepsaj-sebi-i-drugome-dan\\\/#primaryimage\"},\"thumbnailUrl\":\"http:\\\/\\\/novakdjokovicfoundation.org\\\/wp-content\\\/uploads\\\/2014\\\/04\\\/8731072852_34ffcf01e9_b-508x381.jpg\",\"datePublished\":\"2014-04-30T00:00:00+00:00\",\"breadcrumb\":{\"@id\":\"https:\\\/\\\/novakdjokovicfoundation.org\\\/sr\\\/nahranipsa-ulepsaj-sebi-i-drugome-dan\\\/#breadcrumb\"},\"inLanguage\":\"sr-RS\",\"potentialAction\":[{\"@type\":\"ReadAction\",\"target\":[\"https:\\\/\\\/novakdjokovicfoundation.org\\\/sr\\\/nahranipsa-ulepsaj-sebi-i-drugome-dan\\\/\"]}]},{\"@type\":\"ImageObject\",\"inLanguage\":\"sr-RS\",\"@id\":\"https:\\\/\\\/novakdjokovicfoundation.org\\\/sr\\\/nahranipsa-ulepsaj-sebi-i-drugome-dan\\\/#primaryimage\",\"url\":\"http:\\\/\\\/novakdjokovicfoundation.org\\\/wp-content\\\/uploads\\\/2014\\\/04\\\/8731072852_34ffcf01e9_b-508x381.jpg\",\"contentUrl\":\"http:\\\/\\\/novakdjokovicfoundation.org\\\/wp-content\\\/uploads\\\/2014\\\/04\\\/8731072852_34ffcf01e9_b-508x381.jpg\"},{\"@type\":\"BreadcrumbList\",\"@id\":\"https:\\\/\\\/novakdjokovicfoundation.org\\\/sr\\\/nahranipsa-ulepsaj-sebi-i-drugome-dan\\\/#breadcrumb\",\"itemListElement\":[{\"@type\":\"ListItem\",\"position\":1,\"name\":\"Home\",\"item\":\"https:\\\/\\\/novakdjokovicfoundation.org\\\/sr\\\/\"},{\"@type\":\"ListItem\",\"position\":2,\"name\":\"Nahrani psa kampanja\"}]},{\"@type\":\"WebSite\",\"@id\":\"https:\\\/\\\/novakdjokovicfoundation.org\\\/#website\",\"url\":\"https:\\\/\\\/novakdjokovicfoundation.org\\\/\",\"name\":\"Novak Djokovic Foundation\",\"description\":\"Believe in their dreams\",\"publisher\":{\"@id\":\"https:\\\/\\\/novakdjokovicfoundation.org\\\/#organization\"},\"potentialAction\":[{\"@type\":\"SearchAction\",\"target\":{\"@type\":\"EntryPoint\",\"urlTemplate\":\"https:\\\/\\\/novakdjokovicfoundation.org\\\/?s={search_term_string}\"},\"query-input\":{\"@type\":\"PropertyValueSpecification\",\"valueRequired\":true,\"valueName\":\"search_term_string\"}}],\"inLanguage\":\"sr-RS\"},{\"@type\":\"Organization\",\"@id\":\"https:\\\/\\\/novakdjokovicfoundation.org\\\/#organization\",\"name\":\"Novak Djokovic Foundation\",\"url\":\"https:\\\/\\\/novakdjokovicfoundation.org\\\/\",\"logo\":{\"@type\":\"ImageObject\",\"inLanguage\":\"sr-RS\",\"@id\":\"https:\\\/\\\/novakdjokovicfoundation.org\\\/#\\\/schema\\\/logo\\\/image\\\/\",\"url\":\"https:\\\/\\\/novakdjokovicfoundation.org\\\/wp-content\\\/uploads\\\/2024\\\/12\\\/NDF_Logo_BLUE.svg\",\"contentUrl\":\"https:\\\/\\\/novakdjokovicfoundation.org\\\/wp-content\\\/uploads\\\/2024\\\/12\\\/NDF_Logo_BLUE.svg\",\"width\":1,\"height\":1,\"caption\":\"Novak Djokovic Foundation\"},\"image\":{\"@id\":\"https:\\\/\\\/novakdjokovicfoundation.org\\\/#\\\/schema\\\/logo\\\/image\\\/\"},\"sameAs\":[\"https:\\\/\\\/www.facebook.com\\\/NovakDjokovicFoundation\",\"https:\\\/\\\/x.com\\\/novakfoundation\",\"https:\\\/\\\/www.instagram.com\\\/novakfoundation\"]},{\"@type\":\"Person\",\"@id\":\"https:\\\/\\\/novakdjokovicfoundation.org\\\/#\\\/schema\\\/person\\\/92d439ce9f161db2227d88016babb26d\",\"name\":\"NDFAuthors\",\"image\":{\"@type\":\"ImageObject\",\"inLanguage\":\"sr-RS\",\"@id\":\"https:\\\/\\\/secure.gravatar.com\\\/avatar\\\/a56dea238b3a98b3408ef9bffaa7226d71ec06e401c449ab94453fa6c470ef8c?s=96&d=mm&r=g\",\"url\":\"https:\\\/\\\/secure.gravatar.com\\\/avatar\\\/a56dea238b3a98b3408ef9bffaa7226d71ec06e401c449ab94453fa6c470ef8c?s=96&d=mm&r=g\",\"contentUrl\":\"https:\\\/\\\/secure.gravatar.com\\\/avatar\\\/a56dea238b3a98b3408ef9bffaa7226d71ec06e401c449ab94453fa6c470ef8c?s=96&d=mm&r=g\",\"caption\":\"NDFAuthors\"},\"url\":\"https:\\\/\\\/novakdjokovicfoundation.org\\\/sr\\\/author\\\/ndfauthors\\\/\"}]}<\/script>\n<!-- \/ Yoast SEO plugin. -->","yoast_head_json":{"title":"Nahrani psa kampanja - Novak Djokovic Foundation","robots":{"index":"index","follow":"follow","max-snippet":"max-snippet:-1","max-image-preview":"max-image-preview:large","max-video-preview":"max-video-preview:-1"},"canonical":"https:\/\/novakdjokovicfoundation.org\/sr\/nahranipsa-ulepsaj-sebi-i-drugome-dan\/","og_locale":"sr_RS","og_type":"article","og_title":"Nahrani psa kampanja - Novak Djokovic Foundation","og_description":"Od samog po\u010detka \u017eelela sam da akcija\u00a0Nahrani Psa\u00a0bude druga\u010dija.","og_url":"https:\/\/novakdjokovicfoundation.org\/sr\/nahranipsa-ulepsaj-sebi-i-drugome-dan\/","og_site_name":"Novak Djokovic Foundation","article_publisher":"https:\/\/www.facebook.com\/NovakDjokovicFoundation","article_published_time":"2014-04-30T00:00:00+00:00","og_image":[{"url":"http:\/\/novakdjokovicfoundation.org\/wp-content\/uploads\/2014\/04\/8731072852_34ffcf01e9_b-508x381.jpg","type":"","width":"","height":""}],"author":"NDFAuthors","twitter_card":"summary_large_image","twitter_creator":"@novakfoundation","twitter_site":"@novakfoundation","twitter_misc":{"\u041d\u0430\u043f\u0438\u0441\u0430\u043d\u043e \u043e\u0434":"NDFAuthors","\u041f\u0440\u043e\u0446\u0435\u045a\u0435\u043d\u043e \u0432\u0440\u0435\u043c\u0435 \u0447\u0438\u0442\u0430\u045a\u0430":"3 \u043c\u0438\u043d\u0443\u0442\u0430"},"schema":{"@context":"https:\/\/schema.org","@graph":[{"@type":"Article","@id":"https:\/\/novakdjokovicfoundation.org\/sr\/nahranipsa-ulepsaj-sebi-i-drugome-dan\/#article","isPartOf":{"@id":"https:\/\/novakdjokovicfoundation.org\/sr\/nahranipsa-ulepsaj-sebi-i-drugome-dan\/"},"author":{"name":"NDFAuthors","@id":"https:\/\/novakdjokovicfoundation.org\/#\/schema\/person\/92d439ce9f161db2227d88016babb26d"},"headline":"Nahrani psa kampanja","datePublished":"2014-04-30T00:00:00+00:00","mainEntityOfPage":{"@id":"https:\/\/novakdjokovicfoundation.org\/sr\/nahranipsa-ulepsaj-sebi-i-drugome-dan\/"},"wordCount":640,"commentCount":0,"publisher":{"@id":"https:\/\/novakdjokovicfoundation.org\/#organization"},"image":{"@id":"https:\/\/novakdjokovicfoundation.org\/sr\/nahranipsa-ulepsaj-sebi-i-drugome-dan\/#primaryimage"},"thumbnailUrl":"http:\/\/novakdjokovicfoundation.org\/wp-content\/uploads\/2014\/04\/8731072852_34ffcf01e9_b-508x381.jpg","keywords":["akcija","heroji dana\u0161njice","inspirativne price","lepe vesti","pomagati","psi","\u017eivotinje"],"articleSection":["Rana podr\u0161ka"],"inLanguage":"sr-RS","potentialAction":[{"@type":"CommentAction","name":"Comment","target":["https:\/\/novakdjokovicfoundation.org\/sr\/nahranipsa-ulepsaj-sebi-i-drugome-dan\/#respond"]}]},{"@type":"WebPage","@id":"https:\/\/novakdjokovicfoundation.org\/sr\/nahranipsa-ulepsaj-sebi-i-drugome-dan\/","url":"https:\/\/novakdjokovicfoundation.org\/sr\/nahranipsa-ulepsaj-sebi-i-drugome-dan\/","name":"Nahrani psa kampanja - Novak Djokovic Foundation","isPartOf":{"@id":"https:\/\/novakdjokovicfoundation.org\/#website"},"primaryImageOfPage":{"@id":"https:\/\/novakdjokovicfoundation.org\/sr\/nahranipsa-ulepsaj-sebi-i-drugome-dan\/#primaryimage"},"image":{"@id":"https:\/\/novakdjokovicfoundation.org\/sr\/nahranipsa-ulepsaj-sebi-i-drugome-dan\/#primaryimage"},"thumbnailUrl":"http:\/\/novakdjokovicfoundation.org\/wp-content\/uploads\/2014\/04\/8731072852_34ffcf01e9_b-508x381.jpg","datePublished":"2014-04-30T00:00:00+00:00","breadcrumb":{"@id":"https:\/\/novakdjokovicfoundation.org\/sr\/nahranipsa-ulepsaj-sebi-i-drugome-dan\/#breadcrumb"},"inLanguage":"sr-RS","potentialAction":[{"@type":"ReadAction","target":["https:\/\/novakdjokovicfoundation.org\/sr\/nahranipsa-ulepsaj-sebi-i-drugome-dan\/"]}]},{"@type":"ImageObject","inLanguage":"sr-RS","@id":"https:\/\/novakdjokovicfoundation.org\/sr\/nahranipsa-ulepsaj-sebi-i-drugome-dan\/#primaryimage","url":"http:\/\/novakdjokovicfoundation.org\/wp-content\/uploads\/2014\/04\/8731072852_34ffcf01e9_b-508x381.jpg","contentUrl":"http:\/\/novakdjokovicfoundation.org\/wp-content\/uploads\/2014\/04\/8731072852_34ffcf01e9_b-508x381.jpg"},{"@type":"BreadcrumbList","@id":"https:\/\/novakdjokovicfoundation.org\/sr\/nahranipsa-ulepsaj-sebi-i-drugome-dan\/#breadcrumb","itemListElement":[{"@type":"ListItem","position":1,"name":"Home","item":"https:\/\/novakdjokovicfoundation.org\/sr\/"},{"@type":"ListItem","position":2,"name":"Nahrani psa kampanja"}]},{"@type":"WebSite","@id":"https:\/\/novakdjokovicfoundation.org\/#website","url":"https:\/\/novakdjokovicfoundation.org\/","name":"Novak Djokovic Foundation","description":"Believe in their dreams","publisher":{"@id":"https:\/\/novakdjokovicfoundation.org\/#organization"},"potentialAction":[{"@type":"SearchAction","target":{"@type":"EntryPoint","urlTemplate":"https:\/\/novakdjokovicfoundation.org\/?s={search_term_string}"},"query-input":{"@type":"PropertyValueSpecification","valueRequired":true,"valueName":"search_term_string"}}],"inLanguage":"sr-RS"},{"@type":"Organization","@id":"https:\/\/novakdjokovicfoundation.org\/#organization","name":"Novak Djokovic Foundation","url":"https:\/\/novakdjokovicfoundation.org\/","logo":{"@type":"ImageObject","inLanguage":"sr-RS","@id":"https:\/\/novakdjokovicfoundation.org\/#\/schema\/logo\/image\/","url":"https:\/\/novakdjokovicfoundation.org\/wp-content\/uploads\/2024\/12\/NDF_Logo_BLUE.svg","contentUrl":"https:\/\/novakdjokovicfoundation.org\/wp-content\/uploads\/2024\/12\/NDF_Logo_BLUE.svg","width":1,"height":1,"caption":"Novak Djokovic Foundation"},"image":{"@id":"https:\/\/novakdjokovicfoundation.org\/#\/schema\/logo\/image\/"},"sameAs":["https:\/\/www.facebook.com\/NovakDjokovicFoundation","https:\/\/x.com\/novakfoundation","https:\/\/www.instagram.com\/novakfoundation"]},{"@type":"Person","@id":"https:\/\/novakdjokovicfoundation.org\/#\/schema\/person\/92d439ce9f161db2227d88016babb26d","name":"NDFAuthors","image":{"@type":"ImageObject","inLanguage":"sr-RS","@id":"https:\/\/secure.gravatar.com\/avatar\/a56dea238b3a98b3408ef9bffaa7226d71ec06e401c449ab94453fa6c470ef8c?s=96&d=mm&r=g","url":"https:\/\/secure.gravatar.com\/avatar\/a56dea238b3a98b3408ef9bffaa7226d71ec06e401c449ab94453fa6c470ef8c?s=96&d=mm&r=g","contentUrl":"https:\/\/secure.gravatar.com\/avatar\/a56dea238b3a98b3408ef9bffaa7226d71ec06e401c449ab94453fa6c470ef8c?s=96&d=mm&r=g","caption":"NDFAuthors"},"url":"https:\/\/novakdjokovicfoundation.org\/sr\/author\/ndfauthors\/"}]}},"_links":{"self":[{"href":"https:\/\/novakdjokovicfoundation.org\/sr\/wp-json\/wp\/v2\/posts\/15705","targetHints":{"allow":["GET"]}}],"collection":[{"href":"https:\/\/novakdjokovicfoundation.org\/sr\/wp-json\/wp\/v2\/posts"}],"about":[{"href":"https:\/\/novakdjokovicfoundation.org\/sr\/wp-json\/wp\/v2\/types\/post"}],"author":[{"embeddable":true,"href":"https:\/\/novakdjokovicfoundation.org\/sr\/wp-json\/wp\/v2\/users\/5"}],"replies":[{"embeddable":true,"href":"https:\/\/novakdjokovicfoundation.org\/sr\/wp-json\/wp\/v2\/comments?post=15705"}],"version-history":[{"count":0,"href":"https:\/\/novakdjokovicfoundation.org\/sr\/wp-json\/wp\/v2\/posts\/15705\/revisions"}],"wp:attachment":[{"href":"https:\/\/novakdjokovicfoundation.org\/sr\/wp-json\/wp\/v2\/media?parent=15705"}],"wp:term":[{"taxonomy":"category","embeddable":true,"href":"https:\/\/novakdjokovicfoundation.org\/sr\/wp-json\/wp\/v2\/categories?post=15705"},{"taxonomy":"post_tag","embeddable":true,"href":"https:\/\/novakdjokovicfoundation.org\/sr\/wp-json\/wp\/v2\/tags?post=15705"}],"curies":[{"name":"wp","href":"https:\/\/api.w.org\/{rel}","templated":true}]}}