{"id":15513,"date":"2015-06-18T00:00:00","date_gmt":"2015-06-18T00:00:00","guid":{"rendered":"https:\/\/novakdjokovicfoundation.org\/kako-nesvesne-predrasude-nastavnika-stvaraju-zacarani-krug-u-decijem-obrazovanju\/"},"modified":"2023-03-21T12:18:02","modified_gmt":"2023-03-21T12:18:02","slug":"kako-nesvesne-predrasude-nastavnika-stvaraju-zacarani-krug-u-decijem-obrazovanju","status":"publish","type":"post","link":"https:\/\/novakdjokovicfoundation.org\/sr\/kako-nesvesne-predrasude-nastavnika-stvaraju-zacarani-krug-u-decijem-obrazovanju\/","title":{"rendered":"Kako nesvesne predrasude nastavnika stvaraju za\u010darani krug u de\u010dijem obrazovanju"},"content":{"rendered":"<p><span style=\"color: #0000ff;\"><em><b>Polaze\u0107i od utiska da su deca iz siroma\u0161nijih porodica manje sposobna od svojih vr\u0161njaka, kao i propagiranjem op\u0161tepoznatih rasnih, rodnih i etni\u010dkih stereotipa, nastavnici gre\u0161kom u\u010dvr\u0161\u0107uju temelje za\u010daranog kruga nejednakosti. <\/b><span style=\"color: #0000ff;\"><strong>Ut<\/strong><\/span><\/em><em><strong>icaj ovakve pristrasnosti na pojedina\u010dnom nivou mo\u017ee usmeriti dete da ostvaruje san za kojim zapravo nije strastveno.<\/strong><\/em><\/span><\/p>\n<p><!--more--><\/p>\n<p>Moj omiljeni nastavnik je jednom rekao da je svaki \u017eivot poput romana ispisanog trajnim mastilom, sa prvim slovima ubele\u017eenim na po\u010detku obrazovanja. Neki to rade na tenane, pa\u017eljivo razmatraju\u0107i svaku mogu\u0107u re\u010d pre nego \u0161to je zapi\u0161u, dok su drugi impulsivniji i pi\u0161u \u0161ta im prvo padne na pamet. Milioni dece ro\u0111ene u siroma\u0161tvu, koja nemaju priliku da se obrazuju, sa sobom nose ofucane priru\u010dnike koji su za njih bili ispisani jo\u0161 i pre nego \u0161to su do\u0161li na svet. Ovoj deci je na\u017ealost uskra\u0107ena mogu\u0107nost da preuzmu kontrolu nad svojim \u017eivotima. Nikad dovoljno nagla\u0161ena &#8211; uloga nastavnika nije samo da nau\u010de svoje u\u010denike kako da pi\u0161u tu knjigu, ve\u0107 i da im pomognu da osmisle koncept pri\u010de koja bi bila vredna prepri\u010davanja.<\/p>\n<p><a href=\"http:\/\/novakdjokovicfoundation.org\/wp-content\/uploads\/2015\/06\/cute-pupils-smiling-around-a-globe-in-classroom-with-teacher-at-the-elementary-school-1.jpg\"><img loading=\"lazy\" decoding=\"async\" class=\"aligncenter size-full wp-image-8582\" src=\"http:\/\/novakdjokovicfoundation.org\/wp-content\/uploads\/2015\/06\/cute-pupils-smiling-around-a-globe-in-classroom-with-teacher-at-the-elementary-school-1.jpg\" alt=\"cute-pupils-smiling-around-a-globe-in-classroom-with-teacher-at-the-elementary-school\" width=\"1000\" height=\"667\" \/><\/a><\/p>\n<p><span style=\"color: #0000ff;\"><b>U skladu sa ameri\u010dko-azijskim stereotipima, moji prvi nastavnici u osnovnoj \u0161koli su sa mnogo samopouzdanja nametali da moja budu\u0107nost le\u017ei u prirodnim naukama<\/b><\/span>. Nau\u010dio sam kako da volim i brzo napredujem u tim predmetima i na kraju do\u0161ao do master diplome u molekularnoj, \u0107elijskoj i razvojnoj biologiji. U starijim razredima sam primetio odre\u0111eni stav kod svojih nastavnika zbog kog sam se zapitao za\u0161to su oni tako rano po\u010deli da me usmeravaju ka prirodnim naukama. Tada sam prvi put imao po jednog nastavnika za svaki predmet, \u0161to mi je dalo priliku da primetim da, za razliku od nastavnika prirodnih predmeta koji su se trudili da me okru\u017ee sa svih strana, nastavnici dru\u0161tvenih predmeta su ve\u0107i deo pa\u017enje posve\u0107ivali drugim u\u010denicima. S obzirom da ovi nastavnici nisu znali ko sam, niti da me interesuje vi\u0161e predmeta, verujem da je njiihovo ube\u0111enje, kao i mojih nastavnika iz ranijih razreda, da ja isklju\u010divo imam afiniteta ka prirodnim naukama, kretalo isklju\u010divo od mog fizi\u010dkog izgleda.<\/p>\n<p><i>Na\u017ealost, \u010dak i u najbogatijim zajednicima, uro\u0111ene dru\u0161tveno-ekonomske predrasude koje imaju nastavnici drasti\u010dno uti\u010du na stvaranje \u017eivotnih pri\u010da njihovih u\u010denika<\/i>.<\/p>\n<p><b>Polaze\u0107i od utiska da su deca iz siroma\u0161nijih porodica manje sposobna od svojih vr\u0161njaka, kao i propagiranjem op\u0161tepoznatih rasnih, rodnih i etni\u010dkih stereotipa, nastavnici gre\u0161kom u\u010dvr\u0161\u0107uju temelje za\u010daranog kruga nejednakosti. <span style=\"color: #0000ff;\">Uticaj ovakve pristrasnosti na pojedina\u010dnom nivou mo\u017ee usmeriti dete da ostvaruje san za kojim zapravo nije strastveno.<\/span><\/b><\/p>\n<p><b>Ove nenamerne predrasude nastavnika su potvr\u0111ene u istra\u017eivanju koje je radio Institut za obrazovanje Univerziteta u Londonu,<\/b> uporediv\u0161i rezultate testova 5000 engleskih osnovaca sa procenom rezultata koju su dali njihovi nastavnici. Istra\u017eivanje je pokazalo ogromne razlike izme\u0111u stvarnog u\u010dinka na testu i prognoze bazirane na utisku o mogu\u0107nosima u\u010denika. Znatan deo ove razlike mo\u017ee biti pripisan podsvesnim dru\u0161tveno-ekonomskim predrasudama. Na primer, me\u0111u de\u010dacima i devoj\u010dicama koji su ostvarili jednake rezultate, nastavnici su neta\u010dno predvideli da \u0107e se de\u010daci bolje sna\u0107i sa matematikom, dok \u0107e devoj\u010dice biti bolje u \u010ditanju. Na sli\u010dan na\u010din, bilingvalni u\u010denici su bili podcenjivani u poznavanju engleskog jezika, dok su deca sa posebnim potrebama bila podcenjivana u skoro svim predmetima.<\/p>\n<p><span style=\"color: #0000ff;\"><b>Dugoro\u010dan uticaj podsvesnih predrasuda nastavnika na oblikovanje \u017eivota u\u010denika mo\u017ee biti izuzetno \u0161tetan. <\/b><\/span>Navode\u0107i u\u010denike ka odre\u0111enim predmetima na osnovu predrasuda, a ne na osnovu njihovih interesovanja, mo\u017ee dovesti do gubitka motivacije za postizanjem vi\u0161ih nivoa obrazovanja i posledi\u010dno do nezadovoljstva u izboru zanimanja.<\/p>\n<p>Ranije sam smatrao da sam jedan od \u201eonih sre\u0107nijih\u201c zato \u0161to se zadesilo da sam, za razliku od mnogih mojih prijatelja, voleo te predmete koji su bili u skladu sa predrasudama koje neko mo\u017ee imati o meni. Mada, vi\u0161e ne gledam to na taj na\u010din. Iako mi prirodne nauke idu od ruke, oduvek sam bio re\u0161en da se pozabavim svojim nedostacima u engleskom jeziku i umetnostima. Me\u0111utim, prouzrokovano nejednakostima koje su zastupljene u obrazovanju, uvek su me potiskivali i usmeravali ka prirodnim naukama uskra\u0107uju\u0107i mi pa\u017enju, na koju verujem da sam imao pravo, kada su drugi predmeti bili u pitanju.<\/p>\n<p><span style=\"color: #0000ff;\"><b>Va\u017eno je razumeti da ove uro\u0111ene pristrasnosti nisu problem koji samo nastavnici imaju, ve\u0107 je to posledica ljudske prirode. <\/b><\/span>Kao \u0161to Tami Kampbel ka\u017ee u \u017durnalu socijalne politike (Journal of Social Policy):<\/p>\n<p>Ljudi koriste predrasude kao kognitivne pre\u010dice i svi smo skloni njima.<\/p>\n<div id=\"attachment_8583\" style=\"width: 1010px\" class=\"wp-caption aligncenter\"><a href=\"http:\/\/novakdjokovicfoundation.org\/wp-content\/uploads\/2015\/06\/cute-pupil-in-computer-class-at-the-elementary-school.jpg\"><img loading=\"lazy\" decoding=\"async\" aria-describedby=\"caption-attachment-8583\" class=\"size-full wp-image-8583\" src=\"http:\/\/novakdjokovicfoundation.org\/wp-content\/uploads\/2015\/06\/cute-pupil-in-computer-class-at-the-elementary-school.jpg\" alt=\"Copyright: wavebreakmedia\" width=\"1000\" height=\"667\" \/><\/a><p id=\"caption-attachment-8583\" class=\"wp-caption-text\">Copyright: wavebreakmedia<\/p><\/div>\n<h3><b>Dakle, kako mo\u017eemo da zaustavimo \u0161tetne predrasude?<\/b><\/h3>\n<p>Ja bih preporu\u010dio da deo nastavni\u010dke obuke bude podizanje svesti o uro\u0111enim predrasudama koje mogu imati pre nego \u0161to upoznaju svoje u\u010denike. Uz to, smatram da je va\u017eno da nastavnici daju sve od sebe da komuniciraju sa svakim od svojih u\u010denika kako bi im pomogli da otkriju svoju strast.<\/p>\n<p><b>Moj omiljeni nastavnik je rekao da nastavnik nije zavr\u0161io svoj posao dok dete ne po\u010dne da samostalno pi\u0161e svoju pri\u010du, budu\u0107i da je to znak da ono preuzima kontrolu nad svojim \u017eivotom. <\/b>Me\u0111utim, u onim najboljim pri\u010dama, nastavnik inspiriri\u0161e dete da se budi svakoga dana jedva \u010dekaju\u0107i da po\u010dne da pi\u0161e nove stranice knjige koja predstavlja njegov ili njen \u017eivot.<\/p>\n<p>Moj omiljeni nastavnik je bio moj deda.<\/p>\n<p>&nbsp;<\/p>\n","protected":false},"excerpt":{"rendered":"<p>Polaze\u0107i od utiska da su deca iz siroma\u0161nijih porodica manje sposobna od svojih vr\u0161njaka, kao i propagiranjem op\u0161tepoznatih rasnih, rodnih i etni\u010dkih stereotipa, nastavnici gre\u0161kom u\u010dvr\u0161\u0107uju temelje za\u010daranog kruga nejednakosti. [&hellip;]<\/p>\n","protected":false},"author":5,"featured_media":15514,"comment_status":"open","ping_status":"open","sticky":false,"template":"","format":"standard","meta":{"_acf_changed":false,"footnotes":""},"categories":[20,10],"tags":[1236,383,366],"class_list":["post-15513","post","type-post","status-publish","format-standard","has-post-thumbnail","hentry","category-blog-posts","category-rana-podrska","tag-nesvesne-predrasude","tag-obrazovanje","tag-stereotipi"],"acf":[],"yoast_head":"<!-- This site is optimized with the Yoast SEO plugin v27.4 - https:\/\/yoast.com\/product\/yoast-seo-wordpress\/ -->\n<title>Kako nesvesne predrasude nastavnika stvaraju za\u010darani krug u de\u010dijem obrazovanju - Novak Djokovic Foundation<\/title>\n<meta name=\"robots\" content=\"index, follow, max-snippet:-1, max-image-preview:large, max-video-preview:-1\" \/>\n<link rel=\"canonical\" href=\"https:\/\/novakdjokovicfoundation.org\/sr\/kako-nesvesne-predrasude-nastavnika-stvaraju-zacarani-krug-u-decijem-obrazovanju\/\" \/>\n<meta property=\"og:locale\" content=\"sr_RS\" \/>\n<meta property=\"og:type\" content=\"article\" \/>\n<meta property=\"og:title\" content=\"Kako nesvesne predrasude nastavnika stvaraju za\u010darani krug u de\u010dijem obrazovanju - Novak Djokovic Foundation\" \/>\n<meta property=\"og:description\" content=\"Polaze\u0107i od utiska da su deca iz siroma\u0161nijih porodica manje sposobna od svojih vr\u0161njaka, kao i propagiranjem op\u0161tepoznatih rasnih, rodnih i etni\u010dkih stereotipa, nastavnici gre\u0161kom u\u010dvr\u0161\u0107uju temelje za\u010daranog kruga nejednakosti. [&hellip;]\" \/>\n<meta property=\"og:url\" content=\"https:\/\/novakdjokovicfoundation.org\/sr\/kako-nesvesne-predrasude-nastavnika-stvaraju-zacarani-krug-u-decijem-obrazovanju\/\" \/>\n<meta property=\"og:site_name\" content=\"Novak Djokovic Foundation\" \/>\n<meta property=\"article:publisher\" content=\"https:\/\/www.facebook.com\/NovakDjokovicFoundation\" \/>\n<meta property=\"article:published_time\" content=\"2015-06-18T00:00:00+00:00\" \/>\n<meta property=\"article:modified_time\" content=\"2023-03-21T12:18:02+00:00\" \/>\n<meta property=\"og:image\" content=\"https:\/\/novakdjokovicfoundation.org\/wp-content\/uploads\/2023\/02\/japanese-boy-in-class-1.jpg\" \/>\n\t<meta property=\"og:image:width\" content=\"1000\" \/>\n\t<meta property=\"og:image:height\" content=\"652\" \/>\n\t<meta property=\"og:image:type\" content=\"image\/jpeg\" \/>\n<meta name=\"author\" content=\"NDFAuthors\" \/>\n<meta name=\"twitter:card\" content=\"summary_large_image\" \/>\n<meta name=\"twitter:creator\" content=\"@novakfoundation\" \/>\n<meta name=\"twitter:site\" content=\"@novakfoundation\" \/>\n<meta name=\"twitter:label1\" content=\"\u041d\u0430\u043f\u0438\u0441\u0430\u043d\u043e \u043e\u0434\" \/>\n\t<meta name=\"twitter:data1\" content=\"NDFAuthors\" \/>\n\t<meta name=\"twitter:label2\" content=\"\u041f\u0440\u043e\u0446\u0435\u045a\u0435\u043d\u043e \u0432\u0440\u0435\u043c\u0435 \u0447\u0438\u0442\u0430\u045a\u0430\" \/>\n\t<meta name=\"twitter:data2\" content=\"5 \u043c\u0438\u043d\u0443\u0442\u0430\" \/>\n<script type=\"application\/ld+json\" class=\"yoast-schema-graph\">{\"@context\":\"https:\\\/\\\/schema.org\",\"@graph\":[{\"@type\":\"Article\",\"@id\":\"https:\\\/\\\/novakdjokovicfoundation.org\\\/sr\\\/kako-nesvesne-predrasude-nastavnika-stvaraju-zacarani-krug-u-decijem-obrazovanju\\\/#article\",\"isPartOf\":{\"@id\":\"https:\\\/\\\/novakdjokovicfoundation.org\\\/sr\\\/kako-nesvesne-predrasude-nastavnika-stvaraju-zacarani-krug-u-decijem-obrazovanju\\\/\"},\"author\":{\"name\":\"NDFAuthors\",\"@id\":\"https:\\\/\\\/novakdjokovicfoundation.org\\\/#\\\/schema\\\/person\\\/92d439ce9f161db2227d88016babb26d\"},\"headline\":\"Kako nesvesne predrasude nastavnika stvaraju za\u010darani krug u de\u010dijem obrazovanju\",\"datePublished\":\"2015-06-18T00:00:00+00:00\",\"dateModified\":\"2023-03-21T12:18:02+00:00\",\"mainEntityOfPage\":{\"@id\":\"https:\\\/\\\/novakdjokovicfoundation.org\\\/sr\\\/kako-nesvesne-predrasude-nastavnika-stvaraju-zacarani-krug-u-decijem-obrazovanju\\\/\"},\"wordCount\":970,\"commentCount\":0,\"publisher\":{\"@id\":\"https:\\\/\\\/novakdjokovicfoundation.org\\\/#organization\"},\"image\":{\"@id\":\"https:\\\/\\\/novakdjokovicfoundation.org\\\/sr\\\/kako-nesvesne-predrasude-nastavnika-stvaraju-zacarani-krug-u-decijem-obrazovanju\\\/#primaryimage\"},\"thumbnailUrl\":\"https:\\\/\\\/novakdjokovicfoundation.org\\\/wp-content\\\/uploads\\\/2023\\\/02\\\/japanese-boy-in-class-1.jpg\",\"keywords\":[\"nesvesne predrasude\",\"obrazovanje\",\"Stereotipi\"],\"articleSection\":[\"Blog posts\",\"Rana podr\u0161ka\"],\"inLanguage\":\"sr-RS\",\"potentialAction\":[{\"@type\":\"CommentAction\",\"name\":\"Comment\",\"target\":[\"https:\\\/\\\/novakdjokovicfoundation.org\\\/sr\\\/kako-nesvesne-predrasude-nastavnika-stvaraju-zacarani-krug-u-decijem-obrazovanju\\\/#respond\"]}]},{\"@type\":\"WebPage\",\"@id\":\"https:\\\/\\\/novakdjokovicfoundation.org\\\/sr\\\/kako-nesvesne-predrasude-nastavnika-stvaraju-zacarani-krug-u-decijem-obrazovanju\\\/\",\"url\":\"https:\\\/\\\/novakdjokovicfoundation.org\\\/sr\\\/kako-nesvesne-predrasude-nastavnika-stvaraju-zacarani-krug-u-decijem-obrazovanju\\\/\",\"name\":\"Kako nesvesne predrasude nastavnika stvaraju za\u010darani krug u de\u010dijem obrazovanju - Novak Djokovic Foundation\",\"isPartOf\":{\"@id\":\"https:\\\/\\\/novakdjokovicfoundation.org\\\/#website\"},\"primaryImageOfPage\":{\"@id\":\"https:\\\/\\\/novakdjokovicfoundation.org\\\/sr\\\/kako-nesvesne-predrasude-nastavnika-stvaraju-zacarani-krug-u-decijem-obrazovanju\\\/#primaryimage\"},\"image\":{\"@id\":\"https:\\\/\\\/novakdjokovicfoundation.org\\\/sr\\\/kako-nesvesne-predrasude-nastavnika-stvaraju-zacarani-krug-u-decijem-obrazovanju\\\/#primaryimage\"},\"thumbnailUrl\":\"https:\\\/\\\/novakdjokovicfoundation.org\\\/wp-content\\\/uploads\\\/2023\\\/02\\\/japanese-boy-in-class-1.jpg\",\"datePublished\":\"2015-06-18T00:00:00+00:00\",\"dateModified\":\"2023-03-21T12:18:02+00:00\",\"breadcrumb\":{\"@id\":\"https:\\\/\\\/novakdjokovicfoundation.org\\\/sr\\\/kako-nesvesne-predrasude-nastavnika-stvaraju-zacarani-krug-u-decijem-obrazovanju\\\/#breadcrumb\"},\"inLanguage\":\"sr-RS\",\"potentialAction\":[{\"@type\":\"ReadAction\",\"target\":[\"https:\\\/\\\/novakdjokovicfoundation.org\\\/sr\\\/kako-nesvesne-predrasude-nastavnika-stvaraju-zacarani-krug-u-decijem-obrazovanju\\\/\"]}]},{\"@type\":\"ImageObject\",\"inLanguage\":\"sr-RS\",\"@id\":\"https:\\\/\\\/novakdjokovicfoundation.org\\\/sr\\\/kako-nesvesne-predrasude-nastavnika-stvaraju-zacarani-krug-u-decijem-obrazovanju\\\/#primaryimage\",\"url\":\"https:\\\/\\\/novakdjokovicfoundation.org\\\/wp-content\\\/uploads\\\/2023\\\/02\\\/japanese-boy-in-class-1.jpg\",\"contentUrl\":\"https:\\\/\\\/novakdjokovicfoundation.org\\\/wp-content\\\/uploads\\\/2023\\\/02\\\/japanese-boy-in-class-1.jpg\",\"width\":1000,\"height\":652},{\"@type\":\"BreadcrumbList\",\"@id\":\"https:\\\/\\\/novakdjokovicfoundation.org\\\/sr\\\/kako-nesvesne-predrasude-nastavnika-stvaraju-zacarani-krug-u-decijem-obrazovanju\\\/#breadcrumb\",\"itemListElement\":[{\"@type\":\"ListItem\",\"position\":1,\"name\":\"Home\",\"item\":\"https:\\\/\\\/novakdjokovicfoundation.org\\\/sr\\\/\"},{\"@type\":\"ListItem\",\"position\":2,\"name\":\"Kako nesvesne predrasude nastavnika stvaraju za\u010darani krug u de\u010dijem obrazovanju\"}]},{\"@type\":\"WebSite\",\"@id\":\"https:\\\/\\\/novakdjokovicfoundation.org\\\/#website\",\"url\":\"https:\\\/\\\/novakdjokovicfoundation.org\\\/\",\"name\":\"Novak Djokovic Foundation\",\"description\":\"Believe in their dreams\",\"publisher\":{\"@id\":\"https:\\\/\\\/novakdjokovicfoundation.org\\\/#organization\"},\"potentialAction\":[{\"@type\":\"SearchAction\",\"target\":{\"@type\":\"EntryPoint\",\"urlTemplate\":\"https:\\\/\\\/novakdjokovicfoundation.org\\\/?s={search_term_string}\"},\"query-input\":{\"@type\":\"PropertyValueSpecification\",\"valueRequired\":true,\"valueName\":\"search_term_string\"}}],\"inLanguage\":\"sr-RS\"},{\"@type\":\"Organization\",\"@id\":\"https:\\\/\\\/novakdjokovicfoundation.org\\\/#organization\",\"name\":\"Novak Djokovic Foundation\",\"url\":\"https:\\\/\\\/novakdjokovicfoundation.org\\\/\",\"logo\":{\"@type\":\"ImageObject\",\"inLanguage\":\"sr-RS\",\"@id\":\"https:\\\/\\\/novakdjokovicfoundation.org\\\/#\\\/schema\\\/logo\\\/image\\\/\",\"url\":\"https:\\\/\\\/novakdjokovicfoundation.org\\\/wp-content\\\/uploads\\\/2024\\\/12\\\/NDF_Logo_BLUE.svg\",\"contentUrl\":\"https:\\\/\\\/novakdjokovicfoundation.org\\\/wp-content\\\/uploads\\\/2024\\\/12\\\/NDF_Logo_BLUE.svg\",\"width\":1,\"height\":1,\"caption\":\"Novak Djokovic Foundation\"},\"image\":{\"@id\":\"https:\\\/\\\/novakdjokovicfoundation.org\\\/#\\\/schema\\\/logo\\\/image\\\/\"},\"sameAs\":[\"https:\\\/\\\/www.facebook.com\\\/NovakDjokovicFoundation\",\"https:\\\/\\\/x.com\\\/novakfoundation\",\"https:\\\/\\\/www.instagram.com\\\/novakfoundation\"]},{\"@type\":\"Person\",\"@id\":\"https:\\\/\\\/novakdjokovicfoundation.org\\\/#\\\/schema\\\/person\\\/92d439ce9f161db2227d88016babb26d\",\"name\":\"NDFAuthors\",\"image\":{\"@type\":\"ImageObject\",\"inLanguage\":\"sr-RS\",\"@id\":\"https:\\\/\\\/secure.gravatar.com\\\/avatar\\\/a56dea238b3a98b3408ef9bffaa7226d71ec06e401c449ab94453fa6c470ef8c?s=96&d=mm&r=g\",\"url\":\"https:\\\/\\\/secure.gravatar.com\\\/avatar\\\/a56dea238b3a98b3408ef9bffaa7226d71ec06e401c449ab94453fa6c470ef8c?s=96&d=mm&r=g\",\"contentUrl\":\"https:\\\/\\\/secure.gravatar.com\\\/avatar\\\/a56dea238b3a98b3408ef9bffaa7226d71ec06e401c449ab94453fa6c470ef8c?s=96&d=mm&r=g\",\"caption\":\"NDFAuthors\"},\"url\":\"https:\\\/\\\/novakdjokovicfoundation.org\\\/sr\\\/author\\\/ndfauthors\\\/\"}]}<\/script>\n<!-- \/ Yoast SEO plugin. -->","yoast_head_json":{"title":"Kako nesvesne predrasude nastavnika stvaraju za\u010darani krug u de\u010dijem obrazovanju - Novak Djokovic Foundation","robots":{"index":"index","follow":"follow","max-snippet":"max-snippet:-1","max-image-preview":"max-image-preview:large","max-video-preview":"max-video-preview:-1"},"canonical":"https:\/\/novakdjokovicfoundation.org\/sr\/kako-nesvesne-predrasude-nastavnika-stvaraju-zacarani-krug-u-decijem-obrazovanju\/","og_locale":"sr_RS","og_type":"article","og_title":"Kako nesvesne predrasude nastavnika stvaraju za\u010darani krug u de\u010dijem obrazovanju - Novak Djokovic Foundation","og_description":"Polaze\u0107i od utiska da su deca iz siroma\u0161nijih porodica manje sposobna od svojih vr\u0161njaka, kao i propagiranjem op\u0161tepoznatih rasnih, rodnih i etni\u010dkih stereotipa, nastavnici gre\u0161kom u\u010dvr\u0161\u0107uju temelje za\u010daranog kruga nejednakosti. [&hellip;]","og_url":"https:\/\/novakdjokovicfoundation.org\/sr\/kako-nesvesne-predrasude-nastavnika-stvaraju-zacarani-krug-u-decijem-obrazovanju\/","og_site_name":"Novak Djokovic Foundation","article_publisher":"https:\/\/www.facebook.com\/NovakDjokovicFoundation","article_published_time":"2015-06-18T00:00:00+00:00","article_modified_time":"2023-03-21T12:18:02+00:00","og_image":[{"width":1000,"height":652,"url":"https:\/\/novakdjokovicfoundation.org\/wp-content\/uploads\/2023\/02\/japanese-boy-in-class-1.jpg","type":"image\/jpeg"}],"author":"NDFAuthors","twitter_card":"summary_large_image","twitter_creator":"@novakfoundation","twitter_site":"@novakfoundation","twitter_misc":{"\u041d\u0430\u043f\u0438\u0441\u0430\u043d\u043e \u043e\u0434":"NDFAuthors","\u041f\u0440\u043e\u0446\u0435\u045a\u0435\u043d\u043e \u0432\u0440\u0435\u043c\u0435 \u0447\u0438\u0442\u0430\u045a\u0430":"5 \u043c\u0438\u043d\u0443\u0442\u0430"},"schema":{"@context":"https:\/\/schema.org","@graph":[{"@type":"Article","@id":"https:\/\/novakdjokovicfoundation.org\/sr\/kako-nesvesne-predrasude-nastavnika-stvaraju-zacarani-krug-u-decijem-obrazovanju\/#article","isPartOf":{"@id":"https:\/\/novakdjokovicfoundation.org\/sr\/kako-nesvesne-predrasude-nastavnika-stvaraju-zacarani-krug-u-decijem-obrazovanju\/"},"author":{"name":"NDFAuthors","@id":"https:\/\/novakdjokovicfoundation.org\/#\/schema\/person\/92d439ce9f161db2227d88016babb26d"},"headline":"Kako nesvesne predrasude nastavnika stvaraju za\u010darani krug u de\u010dijem obrazovanju","datePublished":"2015-06-18T00:00:00+00:00","dateModified":"2023-03-21T12:18:02+00:00","mainEntityOfPage":{"@id":"https:\/\/novakdjokovicfoundation.org\/sr\/kako-nesvesne-predrasude-nastavnika-stvaraju-zacarani-krug-u-decijem-obrazovanju\/"},"wordCount":970,"commentCount":0,"publisher":{"@id":"https:\/\/novakdjokovicfoundation.org\/#organization"},"image":{"@id":"https:\/\/novakdjokovicfoundation.org\/sr\/kako-nesvesne-predrasude-nastavnika-stvaraju-zacarani-krug-u-decijem-obrazovanju\/#primaryimage"},"thumbnailUrl":"https:\/\/novakdjokovicfoundation.org\/wp-content\/uploads\/2023\/02\/japanese-boy-in-class-1.jpg","keywords":["nesvesne predrasude","obrazovanje","Stereotipi"],"articleSection":["Blog posts","Rana podr\u0161ka"],"inLanguage":"sr-RS","potentialAction":[{"@type":"CommentAction","name":"Comment","target":["https:\/\/novakdjokovicfoundation.org\/sr\/kako-nesvesne-predrasude-nastavnika-stvaraju-zacarani-krug-u-decijem-obrazovanju\/#respond"]}]},{"@type":"WebPage","@id":"https:\/\/novakdjokovicfoundation.org\/sr\/kako-nesvesne-predrasude-nastavnika-stvaraju-zacarani-krug-u-decijem-obrazovanju\/","url":"https:\/\/novakdjokovicfoundation.org\/sr\/kako-nesvesne-predrasude-nastavnika-stvaraju-zacarani-krug-u-decijem-obrazovanju\/","name":"Kako nesvesne predrasude nastavnika stvaraju za\u010darani krug u de\u010dijem obrazovanju - Novak Djokovic Foundation","isPartOf":{"@id":"https:\/\/novakdjokovicfoundation.org\/#website"},"primaryImageOfPage":{"@id":"https:\/\/novakdjokovicfoundation.org\/sr\/kako-nesvesne-predrasude-nastavnika-stvaraju-zacarani-krug-u-decijem-obrazovanju\/#primaryimage"},"image":{"@id":"https:\/\/novakdjokovicfoundation.org\/sr\/kako-nesvesne-predrasude-nastavnika-stvaraju-zacarani-krug-u-decijem-obrazovanju\/#primaryimage"},"thumbnailUrl":"https:\/\/novakdjokovicfoundation.org\/wp-content\/uploads\/2023\/02\/japanese-boy-in-class-1.jpg","datePublished":"2015-06-18T00:00:00+00:00","dateModified":"2023-03-21T12:18:02+00:00","breadcrumb":{"@id":"https:\/\/novakdjokovicfoundation.org\/sr\/kako-nesvesne-predrasude-nastavnika-stvaraju-zacarani-krug-u-decijem-obrazovanju\/#breadcrumb"},"inLanguage":"sr-RS","potentialAction":[{"@type":"ReadAction","target":["https:\/\/novakdjokovicfoundation.org\/sr\/kako-nesvesne-predrasude-nastavnika-stvaraju-zacarani-krug-u-decijem-obrazovanju\/"]}]},{"@type":"ImageObject","inLanguage":"sr-RS","@id":"https:\/\/novakdjokovicfoundation.org\/sr\/kako-nesvesne-predrasude-nastavnika-stvaraju-zacarani-krug-u-decijem-obrazovanju\/#primaryimage","url":"https:\/\/novakdjokovicfoundation.org\/wp-content\/uploads\/2023\/02\/japanese-boy-in-class-1.jpg","contentUrl":"https:\/\/novakdjokovicfoundation.org\/wp-content\/uploads\/2023\/02\/japanese-boy-in-class-1.jpg","width":1000,"height":652},{"@type":"BreadcrumbList","@id":"https:\/\/novakdjokovicfoundation.org\/sr\/kako-nesvesne-predrasude-nastavnika-stvaraju-zacarani-krug-u-decijem-obrazovanju\/#breadcrumb","itemListElement":[{"@type":"ListItem","position":1,"name":"Home","item":"https:\/\/novakdjokovicfoundation.org\/sr\/"},{"@type":"ListItem","position":2,"name":"Kako nesvesne predrasude nastavnika stvaraju za\u010darani krug u de\u010dijem obrazovanju"}]},{"@type":"WebSite","@id":"https:\/\/novakdjokovicfoundation.org\/#website","url":"https:\/\/novakdjokovicfoundation.org\/","name":"Novak Djokovic Foundation","description":"Believe in their dreams","publisher":{"@id":"https:\/\/novakdjokovicfoundation.org\/#organization"},"potentialAction":[{"@type":"SearchAction","target":{"@type":"EntryPoint","urlTemplate":"https:\/\/novakdjokovicfoundation.org\/?s={search_term_string}"},"query-input":{"@type":"PropertyValueSpecification","valueRequired":true,"valueName":"search_term_string"}}],"inLanguage":"sr-RS"},{"@type":"Organization","@id":"https:\/\/novakdjokovicfoundation.org\/#organization","name":"Novak Djokovic Foundation","url":"https:\/\/novakdjokovicfoundation.org\/","logo":{"@type":"ImageObject","inLanguage":"sr-RS","@id":"https:\/\/novakdjokovicfoundation.org\/#\/schema\/logo\/image\/","url":"https:\/\/novakdjokovicfoundation.org\/wp-content\/uploads\/2024\/12\/NDF_Logo_BLUE.svg","contentUrl":"https:\/\/novakdjokovicfoundation.org\/wp-content\/uploads\/2024\/12\/NDF_Logo_BLUE.svg","width":1,"height":1,"caption":"Novak Djokovic Foundation"},"image":{"@id":"https:\/\/novakdjokovicfoundation.org\/#\/schema\/logo\/image\/"},"sameAs":["https:\/\/www.facebook.com\/NovakDjokovicFoundation","https:\/\/x.com\/novakfoundation","https:\/\/www.instagram.com\/novakfoundation"]},{"@type":"Person","@id":"https:\/\/novakdjokovicfoundation.org\/#\/schema\/person\/92d439ce9f161db2227d88016babb26d","name":"NDFAuthors","image":{"@type":"ImageObject","inLanguage":"sr-RS","@id":"https:\/\/secure.gravatar.com\/avatar\/a56dea238b3a98b3408ef9bffaa7226d71ec06e401c449ab94453fa6c470ef8c?s=96&d=mm&r=g","url":"https:\/\/secure.gravatar.com\/avatar\/a56dea238b3a98b3408ef9bffaa7226d71ec06e401c449ab94453fa6c470ef8c?s=96&d=mm&r=g","contentUrl":"https:\/\/secure.gravatar.com\/avatar\/a56dea238b3a98b3408ef9bffaa7226d71ec06e401c449ab94453fa6c470ef8c?s=96&d=mm&r=g","caption":"NDFAuthors"},"url":"https:\/\/novakdjokovicfoundation.org\/sr\/author\/ndfauthors\/"}]}},"_links":{"self":[{"href":"https:\/\/novakdjokovicfoundation.org\/sr\/wp-json\/wp\/v2\/posts\/15513","targetHints":{"allow":["GET"]}}],"collection":[{"href":"https:\/\/novakdjokovicfoundation.org\/sr\/wp-json\/wp\/v2\/posts"}],"about":[{"href":"https:\/\/novakdjokovicfoundation.org\/sr\/wp-json\/wp\/v2\/types\/post"}],"author":[{"embeddable":true,"href":"https:\/\/novakdjokovicfoundation.org\/sr\/wp-json\/wp\/v2\/users\/5"}],"replies":[{"embeddable":true,"href":"https:\/\/novakdjokovicfoundation.org\/sr\/wp-json\/wp\/v2\/comments?post=15513"}],"version-history":[{"count":1,"href":"https:\/\/novakdjokovicfoundation.org\/sr\/wp-json\/wp\/v2\/posts\/15513\/revisions"}],"predecessor-version":[{"id":18719,"href":"https:\/\/novakdjokovicfoundation.org\/sr\/wp-json\/wp\/v2\/posts\/15513\/revisions\/18719"}],"wp:featuredmedia":[{"embeddable":true,"href":"https:\/\/novakdjokovicfoundation.org\/sr\/wp-json\/wp\/v2\/media\/15514"}],"wp:attachment":[{"href":"https:\/\/novakdjokovicfoundation.org\/sr\/wp-json\/wp\/v2\/media?parent=15513"}],"wp:term":[{"taxonomy":"category","embeddable":true,"href":"https:\/\/novakdjokovicfoundation.org\/sr\/wp-json\/wp\/v2\/categories?post=15513"},{"taxonomy":"post_tag","embeddable":true,"href":"https:\/\/novakdjokovicfoundation.org\/sr\/wp-json\/wp\/v2\/tags?post=15513"}],"curies":[{"name":"wp","href":"https:\/\/api.w.org\/{rel}","templated":true}]}}