{"id":15417,"date":"2014-09-03T00:00:00","date_gmt":"2014-09-03T00:00:00","guid":{"rendered":"https:\/\/novakdjokovicfoundation.org\/kako-da-prvi-dani-skole-vaseg-daka-prvaka-produ-bez-greske\/"},"modified":"2014-09-03T00:00:00","modified_gmt":"2014-09-03T00:00:00","slug":"kako-da-prvi-dani-skole-vaseg-daka-prvaka-produ-bez-greske","status":"publish","type":"post","link":"https:\/\/novakdjokovicfoundation.org\/sr\/kako-da-prvi-dani-skole-vaseg-daka-prvaka-produ-bez-greske\/","title":{"rendered":"Kako da prvi dani \u0161kole va\u0161eg \u0111aka prvaka pro\u0111u bez gre\u0161ke?"},"content":{"rendered":"<p><em>Ne pokazujte preteranu zabrinutost zbog prvog razreda i \u0161kole u celini, poka\u017eite im da stvari nisu savr\u0161ene, budite strpljivi, dajte im podr\u0161ku i uvedite ih u novu sredinu\u201d\u00a6<\/em><\/p>\n<p><!--more--><\/p>\n<p>Prvi dani \u0161kole i kako ih pre\u017eiveti? Da li vi\u0161e strahuju roditelji ili deca? Kako pomo\u0107i detetu da ti dani ostanu u lepom se\u0107anju, i kako ih pripremiti za \u0161kolu?<\/p>\n<p>Sa malo vi\u0161e iskustva, jer sam ve\u0107 jednom pre\u017eivela polazak deteta u \u0161kolu, do\u010dekala sam Aleksin prvi razred.<\/p>\n<p>Iz \u0161kole koju su moja deca upisala stiglo je pismo nekoliko dana ranije, u kojem su nas obavestili ko je Aleksina u\u010diteljica i zamolili su nas da prvog dana do\u0111e na priredbu u 18 \u010dasova. Bilo je nagla\u0161eno da bi trebalo da ponese crte\u017e, kako bi odmah ukrasili u\u010dionicu, i svoje ime na papiru, kako bi u\u010diteljica br\u017ee upamtila imena svojih novih \u0111aka. Meni se li\u010dno ovaj pristup dopao, jer nismo vi\u0161e razmi\u0161ljali o tome ko \u0107e biti nova u\u010diteljica, i pravili tenziju po tom pitanju, ve\u0107 smo odmah imali sve odgovore. Imali smo vremena i da se raspitamo ima li jo\u0161 drugara iz vrti\u0107a i kraja zajedno u odeljenju I-2, a sa druge strane dopala mi se i ideja sa crte\u017eima, jer je lepo da taj prostor dobije njihov \u201cpe\u010dat\u201d, kako bi se oni u njemu prijatnije ose\u0107ali. Moj divni de\u010dak je bio jako sre\u0107an, na trenutke i jako uzbu\u0111en, ali je u\u017eivao prvog dana. I mi zajedno sa njim.<\/p>\n\n<p><strong>Ali, da ne pri\u010damo toliko o mojim emocijama i strahovima. Mislila sam da bi bilo interesantnije da sa vama podelim neke savete za roditelje koji su meni pomogli da pro\u0111em kroz ovo iskustvo.<\/strong><\/p>\n<p><strong>1. BUDITE SMIRENI<\/strong><\/p>\n<p>Verujem da je jako va\u017eno ne dizati preveliku tenziju. Decu pla\u0161i sve \u0161to je nepoznato, a kad se o tom nepoznatom po ceo dan pri\u010da, to mo\u017ee da im predstavlja nepotrebno i lo\u0161e iskustvo.<\/p>\n<p><a href=\"http:\/\/novakdjokovicfoundation.org\/wp-content\/uploads\/2014\/09\/Featured-11.jpg\"><img loading=\"lazy\" decoding=\"async\" class=\"aligncenter size-large wp-image-3907\" src=\"http:\/\/novakdjokovicfoundation.org\/wp-content\/uploads\/2014\/09\/Featured-11-508x379.jpg\" alt=\"Featured\" width=\"508\" height=\"379\" \/><\/a><\/p>\n<p><strong>2. BUDITE STRPLJIVI<\/strong><\/p>\n<p>Obojici sinova sam pre \u0161kole objasnila mnoge detalje. \u0160ta su \u010dasovi? Koliko traju? Koliko traju odmori i \u0161ta \u0107e sve mo\u0107i da rade na njima ( uklju\u010duju\u0107i i pri\u010de o fudbalu kad god im dopuste de\u017eurni nastavnici)?<\/p>\n<p>Pri\u010dali smo o tome \u0161ta u\u010de na kojem \u010dasu, kako \u0107e izgledati njihovi dani i obaveze. Sve ove teme nismo obradili preko no\u0107i, nego kroz lagane razgovore, prakti\u010dno preko celog leta. Malo po malo, da ih to ne optereti.<\/p>\n<p><a href=\"http:\/\/novakdjokovicfoundation.org\/wp-content\/uploads\/2014\/09\/kid-smiling-mom.jpg\"><img loading=\"lazy\" decoding=\"async\" class=\"aligncenter size-large wp-image-3910\" src=\"http:\/\/novakdjokovicfoundation.org\/wp-content\/uploads\/2014\/09\/kid-smiling-mom-508x397.jpg\" alt=\"kid-smiling-mom\" width=\"508\" height=\"397\" \/><\/a><\/p>\n<p><strong>3. PROBIJTE LED PRI\u010cAJU\u0110\u2020I O \u0160KOLI<\/strong><\/p>\n<p>Moji sinovi su bili veoma srec\u00cc\u0081ni da \u010duju da mogu da igraju fudbal u toku velikog \u0161kolskog odmora; da c\u00cc\u0081e imati pet minuta pauze izme\u0111u \u010dasova, i da su fizi\u010dko i likovna umetnost neki od \u0161kolskih predmeta. Oni se nisu vi\u0161e pla\u0161ili \u0161kole toliko. Ba\u0161 naprotiv, nisu mogli da do\u010dekaju da po\u010dne \u0161kolska godina.<\/p>\n<p><strong>Deca obi\u010dno ne znaju mnogo o \u0161koli pre nego \u0161to po\u010dnu da je poha\u0111aju. Pomozite im da je otkriju na pozitivan na\u010din.<\/strong><\/p>\n<p><a href=\"http:\/\/novakdjokovicfoundation.org\/wp-content\/uploads\/2014\/09\/break-the-ice.jpg\"><img loading=\"lazy\" decoding=\"async\" class=\"aligncenter size-large wp-image-3919\" src=\"http:\/\/novakdjokovicfoundation.org\/wp-content\/uploads\/2014\/09\/break-the-ice-508x324.jpg\" alt=\"break-the-ice\" width=\"508\" height=\"324\" \/><\/a><\/p>\n<p><strong>4. NIJE SVE SAVR\u0160ENO<\/strong><\/p>\n<p>Ne dozvolite deci da misle da c\u00cc\u0081e sve biti savr\u0161eno u \u0161koli. Ovo je jedan od najboljih saveta koji sam dobila od mojih roditelja. Nemojte im rec\u00cc\u0081i da nec\u00cc\u0081e biti nikakvih problema. U suprotnom, ako ih neko saplete, gurne, ili im se ne dopadne, bi\u0107e zbunjeni. \u201cMama je rekla da je tamo savr\u0161eno, \u0161ta je sad ovo?\u201d.\u00a0 Bolje ih ne pripremajte za savr\u0161ene dane. Lepe da, ali nekada \u0107e biti i situacija koje im se ne\u0107e dopasti, zato je va\u017eno da nemaju predstavu o \u0161koli kao romanti\u010dnoj bajci.<\/p>\n<p><a href=\"http:\/\/novakdjokovicfoundation.org\/wp-content\/uploads\/2014\/09\/kid-mom1.jpg\"><img loading=\"lazy\" decoding=\"async\" class=\"aligncenter size-large wp-image-3909\" src=\"http:\/\/novakdjokovicfoundation.org\/wp-content\/uploads\/2014\/09\/kid-mom1-508x339.jpg\" alt=\"kid-mom\" width=\"508\" height=\"339\" \/><\/a><\/p>\n<p><strong>5. UPOZNAJTE IH SA \u0160KOLOM I OKOLINOM<\/strong><\/p>\n<p>Pomozite va\u0161em detetu da se spremi za \u0161kolu, tako \u0161to \u0107ete ih odvesti da vide \u0161kolu pre nego \u0161to u nju krenu. Provedite u \u0161koli barem pola sata kako bi im taj prostor bio poznat kada po\u010dne \u0161kolska godina. Ja sam uradila to sa mojom decom, i taj prvi dan nije bio takav \u0161ok za njih kao za neke njihove drugare.<\/p>\n<p><a href=\"http:\/\/novakdjokovicfoundation.org\/wp-content\/uploads\/2014\/09\/School-environment1-1.jpg\"><img loading=\"lazy\" decoding=\"async\" class=\"aligncenter size-large wp-image-3913\" src=\"http:\/\/novakdjokovicfoundation.org\/wp-content\/uploads\/2014\/09\/School-environment1-1-508x364.jpg\" alt=\"School-environment\" width=\"508\" height=\"364\" \/><\/a><\/p>\n<p><strong>6. POMOZITE IM DA SE PRIPREME<\/strong><\/p>\n<p>Pripremajte zajedno \u0161kolsku torbu svakog dana. Unapred odredite garderobu da prvih dana izbegnete bilo kakvu tenziju. Odvojte vreme da zajedno prelistate sve knjige, da ih uvijete zajedno sa sveskama. Objasnite detetu kako se pakuju knjige da ne bi imale u\u0161i. Nau\u010dite ih da zarezuju olovke i kako izgleda olovka kad je tupa. Oni ni\u0161ta od toga ne znaju, a va\u0161 savet \u0107e im zna\u010diti mnogo.<\/p>\n<p><a href=\"http:\/\/novakdjokovicfoundation.org\/wp-content\/uploads\/2014\/09\/notebooks1.jpg\"><img loading=\"lazy\" decoding=\"async\" class=\"aligncenter size-large wp-image-3912\" src=\"http:\/\/novakdjokovicfoundation.org\/wp-content\/uploads\/2014\/09\/notebooks1-508x338.jpg\" alt=\"notebooks\" width=\"508\" height=\"338\" \/><\/a><\/p>\n<p><strong>7. \u201cVREDNO RADI I BUDI DOBAR\u201d<\/strong><\/p>\n<p><strong>Nau\u010dite ih da budu vredni<\/strong>. Iako se u prvom razredu deca privikavaju i u\u010de stvari koje uglavnom ve\u0107 znaju \u2013 neka to vreme iskoriste da usvoje radne navike. Jer, ako tada ne nau\u010de da sede mirno i re\u0161avaju zadatake, posle \u0107e biti te\u017ee da to u\u010dine.<\/p>\n<p><a href=\"http:\/\/novakdjokovicfoundation.org\/wp-content\/uploads\/2014\/09\/study-hard1.jpg\"><img loading=\"lazy\" decoding=\"async\" class=\"aligncenter size-large wp-image-3917\" src=\"http:\/\/novakdjokovicfoundation.org\/wp-content\/uploads\/2014\/09\/study-hard1-508x371.jpg\" alt=\"study-hard\" width=\"508\" height=\"371\" \/><\/a><\/p>\n<p>Kao i za sve njihove druge uloge, i za ovu je potrebno mnogo ohrabrenja, poverenja, ljubavi i podr\u0161ke. Zato ih ove nedelje jako prigrlite i \u0161apnite:<\/p>\n<p><strong>\u201c\u0160kolarac, volim te najvi\u0161e na svetu\u201d\u00a6\u201d<\/strong><\/p>\n","protected":false},"excerpt":{"rendered":"<p>Ne pokazujte preteranu zabrinutost zbog prvog razreda i \u0161kole u celini, poka\u017eite im da stvari nisu savr\u0161ene, budite strpljivi, dajte im podr\u0161ku i uvedite ih u novu sredinu\u201d\u00a6<\/p>\n","protected":false},"author":5,"featured_media":15104,"comment_status":"open","ping_status":"open","sticky":false,"template":"","format":"standard","meta":{"_acf_changed":false,"footnotes":""},"categories":[20,10,31],"tags":[254,1187,1185,1188,255],"class_list":["post-15417","post","type-post","status-publish","format-standard","has-post-thumbnail","hentry","category-blog-posts","category-rana-podrska","category-roditeljstvo","tag-deca","tag-prvi-dani-skole","tag-roditelji","tag-saveti","tag-skola"],"acf":[],"yoast_head":"<!-- This site is optimized with the Yoast SEO plugin v27.4 - https:\/\/yoast.com\/product\/yoast-seo-wordpress\/ -->\n<title>Kako da prvi dani \u0161kole va\u0161eg \u0111aka prvaka pro\u0111u bez gre\u0161ke? - Novak Djokovic Foundation<\/title>\n<meta name=\"robots\" content=\"index, follow, max-snippet:-1, max-image-preview:large, max-video-preview:-1\" \/>\n<link rel=\"canonical\" href=\"https:\/\/novakdjokovicfoundation.org\/sr\/kako-da-prvi-dani-skole-vaseg-daka-prvaka-produ-bez-greske\/\" \/>\n<meta property=\"og:locale\" content=\"sr_RS\" \/>\n<meta property=\"og:type\" content=\"article\" \/>\n<meta property=\"og:title\" content=\"Kako da prvi dani \u0161kole va\u0161eg \u0111aka prvaka pro\u0111u bez gre\u0161ke? - Novak Djokovic Foundation\" \/>\n<meta property=\"og:description\" content=\"Ne pokazujte preteranu zabrinutost zbog prvog razreda i \u0161kole u celini, poka\u017eite im da stvari nisu savr\u0161ene, budite strpljivi, dajte im podr\u0161ku i uvedite ih u novu sredinu\u201d\u00a6\" \/>\n<meta property=\"og:url\" content=\"https:\/\/novakdjokovicfoundation.org\/sr\/kako-da-prvi-dani-skole-vaseg-daka-prvaka-produ-bez-greske\/\" \/>\n<meta property=\"og:site_name\" content=\"Novak Djokovic Foundation\" \/>\n<meta property=\"article:publisher\" content=\"https:\/\/www.facebook.com\/NovakDjokovicFoundation\" \/>\n<meta property=\"article:published_time\" content=\"2014-09-03T00:00:00+00:00\" \/>\n<meta property=\"og:image\" content=\"https:\/\/novakdjokovicfoundation.org\/wp-content\/uploads\/2023\/02\/learning-fun1-2-1.jpg\" \/>\n\t<meta property=\"og:image:width\" content=\"1000\" \/>\n\t<meta property=\"og:image:height\" content=\"661\" \/>\n\t<meta property=\"og:image:type\" content=\"image\/jpeg\" \/>\n<meta name=\"author\" content=\"NDFAuthors\" \/>\n<meta name=\"twitter:card\" content=\"summary_large_image\" \/>\n<meta name=\"twitter:creator\" content=\"@novakfoundation\" \/>\n<meta name=\"twitter:site\" content=\"@novakfoundation\" \/>\n<meta name=\"twitter:label1\" content=\"\u041d\u0430\u043f\u0438\u0441\u0430\u043d\u043e \u043e\u0434\" \/>\n\t<meta name=\"twitter:data1\" content=\"NDFAuthors\" \/>\n\t<meta name=\"twitter:label2\" content=\"\u041f\u0440\u043e\u0446\u0435\u045a\u0435\u043d\u043e \u0432\u0440\u0435\u043c\u0435 \u0447\u0438\u0442\u0430\u045a\u0430\" \/>\n\t<meta name=\"twitter:data2\" content=\"4 \u043c\u0438\u043d\u0443\u0442\u0430\" \/>\n<script type=\"application\/ld+json\" class=\"yoast-schema-graph\">{\"@context\":\"https:\\\/\\\/schema.org\",\"@graph\":[{\"@type\":\"Article\",\"@id\":\"https:\\\/\\\/novakdjokovicfoundation.org\\\/sr\\\/kako-da-prvi-dani-skole-vaseg-daka-prvaka-produ-bez-greske\\\/#article\",\"isPartOf\":{\"@id\":\"https:\\\/\\\/novakdjokovicfoundation.org\\\/sr\\\/kako-da-prvi-dani-skole-vaseg-daka-prvaka-produ-bez-greske\\\/\"},\"author\":{\"name\":\"NDFAuthors\",\"@id\":\"https:\\\/\\\/novakdjokovicfoundation.org\\\/#\\\/schema\\\/person\\\/92d439ce9f161db2227d88016babb26d\"},\"headline\":\"Kako da prvi dani \u0161kole va\u0161eg \u0111aka prvaka pro\u0111u bez gre\u0161ke?\",\"datePublished\":\"2014-09-03T00:00:00+00:00\",\"mainEntityOfPage\":{\"@id\":\"https:\\\/\\\/novakdjokovicfoundation.org\\\/sr\\\/kako-da-prvi-dani-skole-vaseg-daka-prvaka-produ-bez-greske\\\/\"},\"wordCount\":903,\"commentCount\":0,\"publisher\":{\"@id\":\"https:\\\/\\\/novakdjokovicfoundation.org\\\/#organization\"},\"image\":{\"@id\":\"https:\\\/\\\/novakdjokovicfoundation.org\\\/sr\\\/kako-da-prvi-dani-skole-vaseg-daka-prvaka-produ-bez-greske\\\/#primaryimage\"},\"thumbnailUrl\":\"https:\\\/\\\/novakdjokovicfoundation.org\\\/wp-content\\\/uploads\\\/2023\\\/02\\\/learning-fun1-2-1.jpg\",\"keywords\":[\"Deca\",\"prvi dani \u0161kole\",\"roditelji\",\"saveti\",\"\u0161kola\"],\"articleSection\":[\"Blog posts\",\"Rana podr\u0161ka\",\"Roditeljstvo\"],\"inLanguage\":\"sr-RS\",\"potentialAction\":[{\"@type\":\"CommentAction\",\"name\":\"Comment\",\"target\":[\"https:\\\/\\\/novakdjokovicfoundation.org\\\/sr\\\/kako-da-prvi-dani-skole-vaseg-daka-prvaka-produ-bez-greske\\\/#respond\"]}]},{\"@type\":\"WebPage\",\"@id\":\"https:\\\/\\\/novakdjokovicfoundation.org\\\/sr\\\/kako-da-prvi-dani-skole-vaseg-daka-prvaka-produ-bez-greske\\\/\",\"url\":\"https:\\\/\\\/novakdjokovicfoundation.org\\\/sr\\\/kako-da-prvi-dani-skole-vaseg-daka-prvaka-produ-bez-greske\\\/\",\"name\":\"Kako da prvi dani \u0161kole va\u0161eg \u0111aka prvaka pro\u0111u bez gre\u0161ke? - Novak Djokovic Foundation\",\"isPartOf\":{\"@id\":\"https:\\\/\\\/novakdjokovicfoundation.org\\\/#website\"},\"primaryImageOfPage\":{\"@id\":\"https:\\\/\\\/novakdjokovicfoundation.org\\\/sr\\\/kako-da-prvi-dani-skole-vaseg-daka-prvaka-produ-bez-greske\\\/#primaryimage\"},\"image\":{\"@id\":\"https:\\\/\\\/novakdjokovicfoundation.org\\\/sr\\\/kako-da-prvi-dani-skole-vaseg-daka-prvaka-produ-bez-greske\\\/#primaryimage\"},\"thumbnailUrl\":\"https:\\\/\\\/novakdjokovicfoundation.org\\\/wp-content\\\/uploads\\\/2023\\\/02\\\/learning-fun1-2-1.jpg\",\"datePublished\":\"2014-09-03T00:00:00+00:00\",\"breadcrumb\":{\"@id\":\"https:\\\/\\\/novakdjokovicfoundation.org\\\/sr\\\/kako-da-prvi-dani-skole-vaseg-daka-prvaka-produ-bez-greske\\\/#breadcrumb\"},\"inLanguage\":\"sr-RS\",\"potentialAction\":[{\"@type\":\"ReadAction\",\"target\":[\"https:\\\/\\\/novakdjokovicfoundation.org\\\/sr\\\/kako-da-prvi-dani-skole-vaseg-daka-prvaka-produ-bez-greske\\\/\"]}]},{\"@type\":\"ImageObject\",\"inLanguage\":\"sr-RS\",\"@id\":\"https:\\\/\\\/novakdjokovicfoundation.org\\\/sr\\\/kako-da-prvi-dani-skole-vaseg-daka-prvaka-produ-bez-greske\\\/#primaryimage\",\"url\":\"https:\\\/\\\/novakdjokovicfoundation.org\\\/wp-content\\\/uploads\\\/2023\\\/02\\\/learning-fun1-2-1.jpg\",\"contentUrl\":\"https:\\\/\\\/novakdjokovicfoundation.org\\\/wp-content\\\/uploads\\\/2023\\\/02\\\/learning-fun1-2-1.jpg\",\"width\":1000,\"height\":661},{\"@type\":\"BreadcrumbList\",\"@id\":\"https:\\\/\\\/novakdjokovicfoundation.org\\\/sr\\\/kako-da-prvi-dani-skole-vaseg-daka-prvaka-produ-bez-greske\\\/#breadcrumb\",\"itemListElement\":[{\"@type\":\"ListItem\",\"position\":1,\"name\":\"Home\",\"item\":\"https:\\\/\\\/novakdjokovicfoundation.org\\\/sr\\\/\"},{\"@type\":\"ListItem\",\"position\":2,\"name\":\"Kako da prvi dani \u0161kole va\u0161eg \u0111aka prvaka pro\u0111u bez gre\u0161ke?\"}]},{\"@type\":\"WebSite\",\"@id\":\"https:\\\/\\\/novakdjokovicfoundation.org\\\/#website\",\"url\":\"https:\\\/\\\/novakdjokovicfoundation.org\\\/\",\"name\":\"Novak Djokovic Foundation\",\"description\":\"Believe in their dreams\",\"publisher\":{\"@id\":\"https:\\\/\\\/novakdjokovicfoundation.org\\\/#organization\"},\"potentialAction\":[{\"@type\":\"SearchAction\",\"target\":{\"@type\":\"EntryPoint\",\"urlTemplate\":\"https:\\\/\\\/novakdjokovicfoundation.org\\\/?s={search_term_string}\"},\"query-input\":{\"@type\":\"PropertyValueSpecification\",\"valueRequired\":true,\"valueName\":\"search_term_string\"}}],\"inLanguage\":\"sr-RS\"},{\"@type\":\"Organization\",\"@id\":\"https:\\\/\\\/novakdjokovicfoundation.org\\\/#organization\",\"name\":\"Novak Djokovic Foundation\",\"url\":\"https:\\\/\\\/novakdjokovicfoundation.org\\\/\",\"logo\":{\"@type\":\"ImageObject\",\"inLanguage\":\"sr-RS\",\"@id\":\"https:\\\/\\\/novakdjokovicfoundation.org\\\/#\\\/schema\\\/logo\\\/image\\\/\",\"url\":\"https:\\\/\\\/novakdjokovicfoundation.org\\\/wp-content\\\/uploads\\\/2024\\\/12\\\/NDF_Logo_BLUE.svg\",\"contentUrl\":\"https:\\\/\\\/novakdjokovicfoundation.org\\\/wp-content\\\/uploads\\\/2024\\\/12\\\/NDF_Logo_BLUE.svg\",\"width\":1,\"height\":1,\"caption\":\"Novak Djokovic Foundation\"},\"image\":{\"@id\":\"https:\\\/\\\/novakdjokovicfoundation.org\\\/#\\\/schema\\\/logo\\\/image\\\/\"},\"sameAs\":[\"https:\\\/\\\/www.facebook.com\\\/NovakDjokovicFoundation\",\"https:\\\/\\\/x.com\\\/novakfoundation\",\"https:\\\/\\\/www.instagram.com\\\/novakfoundation\"]},{\"@type\":\"Person\",\"@id\":\"https:\\\/\\\/novakdjokovicfoundation.org\\\/#\\\/schema\\\/person\\\/92d439ce9f161db2227d88016babb26d\",\"name\":\"NDFAuthors\",\"image\":{\"@type\":\"ImageObject\",\"inLanguage\":\"sr-RS\",\"@id\":\"https:\\\/\\\/secure.gravatar.com\\\/avatar\\\/a56dea238b3a98b3408ef9bffaa7226d71ec06e401c449ab94453fa6c470ef8c?s=96&d=mm&r=g\",\"url\":\"https:\\\/\\\/secure.gravatar.com\\\/avatar\\\/a56dea238b3a98b3408ef9bffaa7226d71ec06e401c449ab94453fa6c470ef8c?s=96&d=mm&r=g\",\"contentUrl\":\"https:\\\/\\\/secure.gravatar.com\\\/avatar\\\/a56dea238b3a98b3408ef9bffaa7226d71ec06e401c449ab94453fa6c470ef8c?s=96&d=mm&r=g\",\"caption\":\"NDFAuthors\"},\"url\":\"https:\\\/\\\/novakdjokovicfoundation.org\\\/sr\\\/author\\\/ndfauthors\\\/\"}]}<\/script>\n<!-- \/ Yoast SEO plugin. -->","yoast_head_json":{"title":"Kako da prvi dani \u0161kole va\u0161eg \u0111aka prvaka pro\u0111u bez gre\u0161ke? - Novak Djokovic Foundation","robots":{"index":"index","follow":"follow","max-snippet":"max-snippet:-1","max-image-preview":"max-image-preview:large","max-video-preview":"max-video-preview:-1"},"canonical":"https:\/\/novakdjokovicfoundation.org\/sr\/kako-da-prvi-dani-skole-vaseg-daka-prvaka-produ-bez-greske\/","og_locale":"sr_RS","og_type":"article","og_title":"Kako da prvi dani \u0161kole va\u0161eg \u0111aka prvaka pro\u0111u bez gre\u0161ke? - Novak Djokovic Foundation","og_description":"Ne pokazujte preteranu zabrinutost zbog prvog razreda i \u0161kole u celini, poka\u017eite im da stvari nisu savr\u0161ene, budite strpljivi, dajte im podr\u0161ku i uvedite ih u novu sredinu\u201d\u00a6","og_url":"https:\/\/novakdjokovicfoundation.org\/sr\/kako-da-prvi-dani-skole-vaseg-daka-prvaka-produ-bez-greske\/","og_site_name":"Novak Djokovic Foundation","article_publisher":"https:\/\/www.facebook.com\/NovakDjokovicFoundation","article_published_time":"2014-09-03T00:00:00+00:00","og_image":[{"width":1000,"height":661,"url":"https:\/\/novakdjokovicfoundation.org\/wp-content\/uploads\/2023\/02\/learning-fun1-2-1.jpg","type":"image\/jpeg"}],"author":"NDFAuthors","twitter_card":"summary_large_image","twitter_creator":"@novakfoundation","twitter_site":"@novakfoundation","twitter_misc":{"\u041d\u0430\u043f\u0438\u0441\u0430\u043d\u043e \u043e\u0434":"NDFAuthors","\u041f\u0440\u043e\u0446\u0435\u045a\u0435\u043d\u043e \u0432\u0440\u0435\u043c\u0435 \u0447\u0438\u0442\u0430\u045a\u0430":"4 \u043c\u0438\u043d\u0443\u0442\u0430"},"schema":{"@context":"https:\/\/schema.org","@graph":[{"@type":"Article","@id":"https:\/\/novakdjokovicfoundation.org\/sr\/kako-da-prvi-dani-skole-vaseg-daka-prvaka-produ-bez-greske\/#article","isPartOf":{"@id":"https:\/\/novakdjokovicfoundation.org\/sr\/kako-da-prvi-dani-skole-vaseg-daka-prvaka-produ-bez-greske\/"},"author":{"name":"NDFAuthors","@id":"https:\/\/novakdjokovicfoundation.org\/#\/schema\/person\/92d439ce9f161db2227d88016babb26d"},"headline":"Kako da prvi dani \u0161kole va\u0161eg \u0111aka prvaka pro\u0111u bez gre\u0161ke?","datePublished":"2014-09-03T00:00:00+00:00","mainEntityOfPage":{"@id":"https:\/\/novakdjokovicfoundation.org\/sr\/kako-da-prvi-dani-skole-vaseg-daka-prvaka-produ-bez-greske\/"},"wordCount":903,"commentCount":0,"publisher":{"@id":"https:\/\/novakdjokovicfoundation.org\/#organization"},"image":{"@id":"https:\/\/novakdjokovicfoundation.org\/sr\/kako-da-prvi-dani-skole-vaseg-daka-prvaka-produ-bez-greske\/#primaryimage"},"thumbnailUrl":"https:\/\/novakdjokovicfoundation.org\/wp-content\/uploads\/2023\/02\/learning-fun1-2-1.jpg","keywords":["Deca","prvi dani \u0161kole","roditelji","saveti","\u0161kola"],"articleSection":["Blog posts","Rana podr\u0161ka","Roditeljstvo"],"inLanguage":"sr-RS","potentialAction":[{"@type":"CommentAction","name":"Comment","target":["https:\/\/novakdjokovicfoundation.org\/sr\/kako-da-prvi-dani-skole-vaseg-daka-prvaka-produ-bez-greske\/#respond"]}]},{"@type":"WebPage","@id":"https:\/\/novakdjokovicfoundation.org\/sr\/kako-da-prvi-dani-skole-vaseg-daka-prvaka-produ-bez-greske\/","url":"https:\/\/novakdjokovicfoundation.org\/sr\/kako-da-prvi-dani-skole-vaseg-daka-prvaka-produ-bez-greske\/","name":"Kako da prvi dani \u0161kole va\u0161eg \u0111aka prvaka pro\u0111u bez gre\u0161ke? - Novak Djokovic Foundation","isPartOf":{"@id":"https:\/\/novakdjokovicfoundation.org\/#website"},"primaryImageOfPage":{"@id":"https:\/\/novakdjokovicfoundation.org\/sr\/kako-da-prvi-dani-skole-vaseg-daka-prvaka-produ-bez-greske\/#primaryimage"},"image":{"@id":"https:\/\/novakdjokovicfoundation.org\/sr\/kako-da-prvi-dani-skole-vaseg-daka-prvaka-produ-bez-greske\/#primaryimage"},"thumbnailUrl":"https:\/\/novakdjokovicfoundation.org\/wp-content\/uploads\/2023\/02\/learning-fun1-2-1.jpg","datePublished":"2014-09-03T00:00:00+00:00","breadcrumb":{"@id":"https:\/\/novakdjokovicfoundation.org\/sr\/kako-da-prvi-dani-skole-vaseg-daka-prvaka-produ-bez-greske\/#breadcrumb"},"inLanguage":"sr-RS","potentialAction":[{"@type":"ReadAction","target":["https:\/\/novakdjokovicfoundation.org\/sr\/kako-da-prvi-dani-skole-vaseg-daka-prvaka-produ-bez-greske\/"]}]},{"@type":"ImageObject","inLanguage":"sr-RS","@id":"https:\/\/novakdjokovicfoundation.org\/sr\/kako-da-prvi-dani-skole-vaseg-daka-prvaka-produ-bez-greske\/#primaryimage","url":"https:\/\/novakdjokovicfoundation.org\/wp-content\/uploads\/2023\/02\/learning-fun1-2-1.jpg","contentUrl":"https:\/\/novakdjokovicfoundation.org\/wp-content\/uploads\/2023\/02\/learning-fun1-2-1.jpg","width":1000,"height":661},{"@type":"BreadcrumbList","@id":"https:\/\/novakdjokovicfoundation.org\/sr\/kako-da-prvi-dani-skole-vaseg-daka-prvaka-produ-bez-greske\/#breadcrumb","itemListElement":[{"@type":"ListItem","position":1,"name":"Home","item":"https:\/\/novakdjokovicfoundation.org\/sr\/"},{"@type":"ListItem","position":2,"name":"Kako da prvi dani \u0161kole va\u0161eg \u0111aka prvaka pro\u0111u bez gre\u0161ke?"}]},{"@type":"WebSite","@id":"https:\/\/novakdjokovicfoundation.org\/#website","url":"https:\/\/novakdjokovicfoundation.org\/","name":"Novak Djokovic Foundation","description":"Believe in their dreams","publisher":{"@id":"https:\/\/novakdjokovicfoundation.org\/#organization"},"potentialAction":[{"@type":"SearchAction","target":{"@type":"EntryPoint","urlTemplate":"https:\/\/novakdjokovicfoundation.org\/?s={search_term_string}"},"query-input":{"@type":"PropertyValueSpecification","valueRequired":true,"valueName":"search_term_string"}}],"inLanguage":"sr-RS"},{"@type":"Organization","@id":"https:\/\/novakdjokovicfoundation.org\/#organization","name":"Novak Djokovic Foundation","url":"https:\/\/novakdjokovicfoundation.org\/","logo":{"@type":"ImageObject","inLanguage":"sr-RS","@id":"https:\/\/novakdjokovicfoundation.org\/#\/schema\/logo\/image\/","url":"https:\/\/novakdjokovicfoundation.org\/wp-content\/uploads\/2024\/12\/NDF_Logo_BLUE.svg","contentUrl":"https:\/\/novakdjokovicfoundation.org\/wp-content\/uploads\/2024\/12\/NDF_Logo_BLUE.svg","width":1,"height":1,"caption":"Novak Djokovic Foundation"},"image":{"@id":"https:\/\/novakdjokovicfoundation.org\/#\/schema\/logo\/image\/"},"sameAs":["https:\/\/www.facebook.com\/NovakDjokovicFoundation","https:\/\/x.com\/novakfoundation","https:\/\/www.instagram.com\/novakfoundation"]},{"@type":"Person","@id":"https:\/\/novakdjokovicfoundation.org\/#\/schema\/person\/92d439ce9f161db2227d88016babb26d","name":"NDFAuthors","image":{"@type":"ImageObject","inLanguage":"sr-RS","@id":"https:\/\/secure.gravatar.com\/avatar\/a56dea238b3a98b3408ef9bffaa7226d71ec06e401c449ab94453fa6c470ef8c?s=96&d=mm&r=g","url":"https:\/\/secure.gravatar.com\/avatar\/a56dea238b3a98b3408ef9bffaa7226d71ec06e401c449ab94453fa6c470ef8c?s=96&d=mm&r=g","contentUrl":"https:\/\/secure.gravatar.com\/avatar\/a56dea238b3a98b3408ef9bffaa7226d71ec06e401c449ab94453fa6c470ef8c?s=96&d=mm&r=g","caption":"NDFAuthors"},"url":"https:\/\/novakdjokovicfoundation.org\/sr\/author\/ndfauthors\/"}]}},"_links":{"self":[{"href":"https:\/\/novakdjokovicfoundation.org\/sr\/wp-json\/wp\/v2\/posts\/15417","targetHints":{"allow":["GET"]}}],"collection":[{"href":"https:\/\/novakdjokovicfoundation.org\/sr\/wp-json\/wp\/v2\/posts"}],"about":[{"href":"https:\/\/novakdjokovicfoundation.org\/sr\/wp-json\/wp\/v2\/types\/post"}],"author":[{"embeddable":true,"href":"https:\/\/novakdjokovicfoundation.org\/sr\/wp-json\/wp\/v2\/users\/5"}],"replies":[{"embeddable":true,"href":"https:\/\/novakdjokovicfoundation.org\/sr\/wp-json\/wp\/v2\/comments?post=15417"}],"version-history":[{"count":0,"href":"https:\/\/novakdjokovicfoundation.org\/sr\/wp-json\/wp\/v2\/posts\/15417\/revisions"}],"wp:featuredmedia":[{"embeddable":true,"href":"https:\/\/novakdjokovicfoundation.org\/sr\/wp-json\/wp\/v2\/media\/15104"}],"wp:attachment":[{"href":"https:\/\/novakdjokovicfoundation.org\/sr\/wp-json\/wp\/v2\/media?parent=15417"}],"wp:term":[{"taxonomy":"category","embeddable":true,"href":"https:\/\/novakdjokovicfoundation.org\/sr\/wp-json\/wp\/v2\/categories?post=15417"},{"taxonomy":"post_tag","embeddable":true,"href":"https:\/\/novakdjokovicfoundation.org\/sr\/wp-json\/wp\/v2\/tags?post=15417"}],"curies":[{"name":"wp","href":"https:\/\/api.w.org\/{rel}","templated":true}]}}